{"id":65648,"date":"2012-05-18T12:58:26","date_gmt":"2012-05-18T12:58:26","guid":{"rendered":"http:\/\/diariodominicano.ddns.net\/?p=65648"},"modified":"2012-05-18T12:58:26","modified_gmt":"2012-05-18T12:58:26","slug":"concluira-en-cuba-convencion-tropico-2012","status":"publish","type":"post","link":"https:\/\/diariodominicano.com\/?p=65648","title":{"rendered":"Concluir\u00e1 en Cuba Convenci\u00f3n Tr\u00f3pico 2012"},"content":{"rendered":"<p><body><\/p>\n<p><img decoding=\"async\" src=\"img3\/Tropico 2012.jpg\" \/>  <\/p>\n<p>La Habana, 18 may (PL), 8:57 am.-  La Convenci\u00f3n Tr\u00f3pico 2012 concluye hoy en esta capital tras cinco d\u00edas de debates sobre inseguridad alimentaria, riesgos ante desastres, mitigaci\u00f3n de sus impactos, perdida de biodiversidad y otros problemas socioambientales.<\/p>\n<\/p>\n<p>En el \u00faltimo d\u00eda de sesiones, el doctor Ram\u00f3n Pichs Madruga, miembro del Panel Intergubernamental sobre cambio Clim\u00e1tico (IPCC) imparte una conferencia magistral.<\/p>\n<\/p>\n<p>Adem\u00e1s se realiza un panel sobre manejo sostenible de tierras, as\u00ed como otras presentaciones acerca de la sostenibilidad de los bienes y servicios para una seguridad y soberan\u00eda alimentar\u00eda.<\/p>\n<\/p>\n<p>Entre los eventos que sesionan en esta cita se encuentran el IV Congreso de Geograf\u00eda Tropical, el IV Congreso de Agricultura Tropical, el III Congreso de Biodiversidad y el III Congreso de Meteorolog\u00eda Tropical.<\/p>\n<\/p>\n<p>Tr\u00f3pico 2012 sum\u00f3 tambi\u00e9n a su celebraci\u00f3n el V Congreso Iberoamericano de Estudios Territoriales y Ambientales, CIETA.<\/p>\n<\/p>\n<p>Asociada a la Convenci\u00f3n se celebra una feria expositiva encaminada a promocionar, confrontar y mostrar productos, servicios y tecnolog\u00edas vinculados con las tem\u00e1ticas del evento.<\/p>\n<\/p>\n<p>Expertos de varios pa\u00edses Latinoamericanos y caribe\u00f1os entre los que se encuentran, Argentina, Belice, Honduras, Trinidad y Tobago, Hait\u00ed, Jamaica, Panam\u00e1 y Rep\u00fablica Dominicana, participan en este foro que sesiona en el Palacio de las Convenciones de La Habana desde el 14 de mayo \u00faltimo.<\/p>\n<h6> 2012-05-18 12:58:26 <\/h6>\n<p><!--\n<link rel=\"stylesheet\" href=\"css\/bootstrap.min.css\">\n\n\n<ul class=\"pagination\">\n\t    \n\t\n\n<li >\n\t<a href='?page_no=17325'>Previous<\/a>\n\t<\/li>\n\n\n       \n    \n\n<li><a href='?page_no=1'>1<\/a><\/li>\n\n\n\n<li><a href='?page_no=2'>2<\/a><\/li>\n\n\n\n<li><a>...<\/a><\/li>\n\n\n\n<li><a href='?page_no=17324'>17324<\/a><\/li>\n\n\n\n<li><a href='?page_no=17325'>17325<\/a><\/li>\n\n\n\n<li class='active'><a>17326<\/a><\/li>\n\n\n\n<li><a href='?page_no=17327'>17327<\/a><\/li>\n\n\n\n<li><a href='?page_no=17328'>17328<\/a><\/li>\n\n\n\n<li><a>...<\/a><\/li>\n\n\n\n<li><a href='?page_no=22911'>22911<\/a><\/li>\n\n\n\n<li><a href='?page_no=22912'>22912<\/a><\/li>\n\n    \n\t\n\n<li >\n\t<a href='?page_no=17327'>Next<\/a>\n\t<\/li>\n\n\n    \n\n<li><a href='?page_no=22912'>Last &rsaquo;&rsaquo;<\/a><\/li>\n\n<\/ul>\n\n\n--><br \/>\n<\/body><\/p>\n","protected":false},"excerpt":{"rendered":"<p>La Habana, 18 may (PL), 8:57 am.- La Convenci\u00f3n Tr\u00f3pico 2012 concluye hoy en esta capital tras cinco d\u00edas de debates sobre inseguridad alimentaria, riesgos ante desastres, mitigaci\u00f3n de sus impactos, perdida de biodiversidad y otros problemas socioambientales. En el \u00faltimo d\u00eda de sesiones, el doctor Ram\u00f3n Pichs Madruga, miembro del Panel Intergubernamental sobre cambio [&hellip;]<\/p>\n","protected":false},"author":3,"featured_media":0,"comment_status":"open","ping_status":"open","sticky":false,"template":"","format":"standard","meta":{"footnotes":""},"categories":[21],"tags":[],"class_list":["post-65648","post","type-post","status-publish","format-standard","hentry","category-cultura"],"_links":{"self":[{"href":"https:\/\/diariodominicano.com\/index.php?rest_route=\/wp\/v2\/posts\/65648","targetHints":{"allow":["GET"]}}],"collection":[{"href":"https:\/\/diariodominicano.com\/index.php?rest_route=\/wp\/v2\/posts"}],"about":[{"href":"https:\/\/diariodominicano.com\/index.php?rest_route=\/wp\/v2\/types\/post"}],"author":[{"embeddable":true,"href":"https:\/\/diariodominicano.com\/index.php?rest_route=\/wp\/v2\/users\/3"}],"replies":[{"embeddable":true,"href":"https:\/\/diariodominicano.com\/index.php?rest_route=%2Fwp%2Fv2%2Fcomments&post=65648"}],"version-history":[{"count":0,"href":"https:\/\/diariodominicano.com\/index.php?rest_route=\/wp\/v2\/posts\/65648\/revisions"}],"wp:attachment":[{"href":"https:\/\/diariodominicano.com\/index.php?rest_route=%2Fwp%2Fv2%2Fmedia&parent=65648"}],"wp:term":[{"taxonomy":"category","embeddable":true,"href":"https:\/\/diariodominicano.com\/index.php?rest_route=%2Fwp%2Fv2%2Fcategories&post=65648"},{"taxonomy":"post_tag","embeddable":true,"href":"https:\/\/diariodominicano.com\/index.php?rest_route=%2Fwp%2Fv2%2Ftags&post=65648"}],"curies":[{"name":"wp","href":"https:\/\/api.w.org\/{rel}","templated":true}]}}