{"id":65641,"date":"2012-05-18T16:57:06","date_gmt":"2012-05-18T16:57:06","guid":{"rendered":"http:\/\/diariodominicano.ddns.net\/?p=65641"},"modified":"2012-05-18T16:57:06","modified_gmt":"2012-05-18T16:57:06","slug":"paisaje-y-tradiciones-en-localidad-cubana-patrimonio-mundial","status":"publish","type":"post","link":"https:\/\/diariodominicano.com\/?p=65641","title":{"rendered":"Paisaje y tradiciones en localidad cubana, patrimonio mundial"},"content":{"rendered":"<p><body><\/p>\n<p><img decoding=\"async\" src=\"img3\/vinales1 cuba.jpg\" \/>  <\/p>\n<p>Por Adalys Pilar Mireles<\/p>\n<\/p>\n<p>Pinar del R\u00edo, Cuba, 18 may (PL), 12:56 pm.-  De escenas que perduran y proponen regresar, Vi\u00f1ales es mucho m\u00e1s que un poblado cubano entre cimas, acariciado por la naturaleza, donde paisaje y tradiciones tejen un romance casi perfecto.<\/p>\n<\/p>\n<p>Custodiada por vegetaci\u00f3n exuberante, una carretera zigzagueante conduce hasta la localidad, inscrita en la Lista del Patrimonio Mundial.<\/p>\n<\/p>\n<p>El trayecto sortea pronunciadas curvas y abismos disimulados por las lianas hasta que aparecen las im\u00e1genes del valle, seductor a primera vista.<\/p>\n<\/p>\n<p>Una vez all\u00ed, asoman los enigm\u00e1ticos mogotes en cuya base perviven rocas del per\u00edodo jur\u00e1sico.<\/p>\n<\/p>\n<p>Salpicado de parcelas aradas, una panor\u00e1mica del paraje permite apreciar las curiosas elevaciones de cimas redondas, junto al boh\u00edo -hecho de madera y hojas de palma-, exponente de la arquitectura vern\u00e1cula, y las centenarias casas para curar las hojas de tabaco de forma natural.<\/p>\n<\/p>\n<p>En medio del ambiente sosegado, t\u00edpico de los campos cubanos, ancestrales costumbres a\u00f1aden atractivos a la demarcaci\u00f3n, la cual es visitada cada d\u00eda por miles de viajeros, cubanos y for\u00e1neos.<\/p>\n<\/p>\n<p>Entre las pr\u00e1cticas conservadas por los habitantes sobresale el empleo del arado americano para surcar la tierra, las carretas tiradas por bueyes y el pil\u00f3n, preferido por los guajiros para machacar los granos de caf\u00e9 reci\u00e9n tostados.<\/p>\n<\/p>\n<p>El tejido con fibras vegetales, extra\u00eddas de la planta conocida como guaniquiqui, muy abundante en la regi\u00f3n, acompa\u00f1a tambi\u00e9n a los habitantes del lugar desde una \u00e9poca a\u00fan sin precisar.<\/p>\n<\/p>\n<p>Las artesan\u00edas utilitarias aparecieron all\u00ed ligadas fundamentalmente al cultivo tabacalero, explic\u00f3 a Prensa Latina la investigadora Nieves Lugo, experta de la oficina de Patrimonio.<\/p>\n<\/p>\n<p>La elaboraci\u00f3n de cestas para almacenar y transportar el fruto de cada cosecha, comenz\u00f3 en pasadas centurias en ese territorio, distinguido con la categor\u00eda de Paisaje Cultural de la Humanidad, y perdur\u00f3 hasta la actualidad.<\/p>\n<\/p>\n<p>Con similares procedimientos, los lugare\u00f1os crean sombreros -utilizados por los labriegos en las faenas campestres-, sonajeros, envases para botellas de licores, y muebles, asever\u00f3.<\/p>\n<\/p>\n<p>A\u00f1ejas tradiciones de alfarer\u00eda para la confecci\u00f3n de porrones, tinajas y filtros, adem\u00e1s de tejidos, bordados y otras manualidades, develan rutinas devenidas reliquias locales por su perdurabilidad.<\/p>\n<\/p>\n<p>Manifestaciones m\u00fasico-danzarias como los guateques o fiestas campesinas, animadas por las d\u00e9cimas, los acordes del tres y las controversias de poetas repentistas son preservadas por los lugare\u00f1os como genuinas expresiones de identidad.<\/p>\n<\/p>\n<p>Mientras, en las artes pl\u00e1sticas predomina el paisajismo como tendencia, afirma Lugo.<\/p>\n<\/p>\n<p>Art\u00edfices nacidos en la zona -160 kil\u00f3metros al oeste de La Habana- y otros oriundos de regiones cercanas, hallaron inspiraci\u00f3n en las deslumbrantes vistas del Valle de Vi\u00f1ales y su velo de niebla matutino.<\/p>\n<\/p>\n<p>Cautivador sin reparos, el escenario que logr\u00f3 recobrarse de los azotes de recientes huracanes, atrae tambi\u00e9n por la conservaci\u00f3n de tradiciones agrarias y culturales entre suelos rojizos; el ir y venir de r\u00fasticos carruajes, los aires coloniales del poblado y la hospitalidad de su gente, que encanta sin m\u00e1scaras. <\/p>\n<h6> 2012-05-18 16:57:06 <\/h6>\n<p><!--\n<link rel=\"stylesheet\" href=\"css\/bootstrap.min.css\">\n\n\n<ul class=\"pagination\">\n\t    \n\t\n\n<li >\n\t<a href='?page_no=17318'>Previous<\/a>\n\t<\/li>\n\n\n       \n    \n\n<li><a href='?page_no=1'>1<\/a><\/li>\n\n\n\n<li><a href='?page_no=2'>2<\/a><\/li>\n\n\n\n<li><a>...<\/a><\/li>\n\n\n\n<li><a href='?page_no=17317'>17317<\/a><\/li>\n\n\n\n<li><a href='?page_no=17318'>17318<\/a><\/li>\n\n\n\n<li class='active'><a>17319<\/a><\/li>\n\n\n\n<li><a href='?page_no=17320'>17320<\/a><\/li>\n\n\n\n<li><a href='?page_no=17321'>17321<\/a><\/li>\n\n\n\n<li><a>...<\/a><\/li>\n\n\n\n<li><a href='?page_no=22911'>22911<\/a><\/li>\n\n\n\n<li><a href='?page_no=22912'>22912<\/a><\/li>\n\n    \n\t\n\n<li >\n\t<a href='?page_no=17320'>Next<\/a>\n\t<\/li>\n\n\n    \n\n<li><a href='?page_no=22912'>Last &rsaquo;&rsaquo;<\/a><\/li>\n\n<\/ul>\n\n\n--><br \/>\n<\/body><\/p>\n","protected":false},"excerpt":{"rendered":"<p>Por Adalys Pilar Mireles Pinar del R\u00edo, Cuba, 18 may (PL), 12:56 pm.- De escenas que perduran y proponen regresar, Vi\u00f1ales es mucho m\u00e1s que un poblado cubano entre cimas, acariciado por la naturaleza, donde paisaje y tradiciones tejen un romance casi perfecto. Custodiada por vegetaci\u00f3n exuberante, una carretera zigzagueante conduce hasta la localidad, inscrita [&hellip;]<\/p>\n","protected":false},"author":3,"featured_media":0,"comment_status":"open","ping_status":"open","sticky":false,"template":"","format":"standard","meta":{"footnotes":""},"categories":[21],"tags":[],"class_list":["post-65641","post","type-post","status-publish","format-standard","hentry","category-cultura"],"_links":{"self":[{"href":"https:\/\/diariodominicano.com\/index.php?rest_route=\/wp\/v2\/posts\/65641","targetHints":{"allow":["GET"]}}],"collection":[{"href":"https:\/\/diariodominicano.com\/index.php?rest_route=\/wp\/v2\/posts"}],"about":[{"href":"https:\/\/diariodominicano.com\/index.php?rest_route=\/wp\/v2\/types\/post"}],"author":[{"embeddable":true,"href":"https:\/\/diariodominicano.com\/index.php?rest_route=\/wp\/v2\/users\/3"}],"replies":[{"embeddable":true,"href":"https:\/\/diariodominicano.com\/index.php?rest_route=%2Fwp%2Fv2%2Fcomments&post=65641"}],"version-history":[{"count":0,"href":"https:\/\/diariodominicano.com\/index.php?rest_route=\/wp\/v2\/posts\/65641\/revisions"}],"wp:attachment":[{"href":"https:\/\/diariodominicano.com\/index.php?rest_route=%2Fwp%2Fv2%2Fmedia&parent=65641"}],"wp:term":[{"taxonomy":"category","embeddable":true,"href":"https:\/\/diariodominicano.com\/index.php?rest_route=%2Fwp%2Fv2%2Fcategories&post=65641"},{"taxonomy":"post_tag","embeddable":true,"href":"https:\/\/diariodominicano.com\/index.php?rest_route=%2Fwp%2Fv2%2Ftags&post=65641"}],"curies":[{"name":"wp","href":"https:\/\/api.w.org\/{rel}","templated":true}]}}