{"id":65639,"date":"2012-05-18T19:06:30","date_gmt":"2012-05-18T19:06:30","guid":{"rendered":"http:\/\/diariodominicano.ddns.net\/?p=65639"},"modified":"2012-05-18T19:06:30","modified_gmt":"2012-05-18T19:06:30","slug":"la-lucha-de-ana-la-historia-desgarradora-de-una-madre","status":"publish","type":"post","link":"https:\/\/diariodominicano.com\/?p=65639","title":{"rendered":"\u00abLa lucha de Ana\u00bb, la historia desgarradora de una madre"},"content":{"rendered":"<p><body><\/p>\n<p>Santo Domingo 18 mayo (3:16 pm)._Aunque muchos dudaban de los dotes como actriz de Cheddy Garc\u00eda y su capacidad para desdoblarse cruzando la l\u00ednea del humor al drama con \u00e9xito,  la humorista  sorprendi\u00f3 a todos con una excelente actuaci\u00f3n dram\u00e1tica que sac\u00f3 l\u00e1grimas a m\u00e1s de uno.<\/p>\n<\/p>\n<p>Con una buena historia escrita y dirigida por el cineasta dominicano  Bladimir Abud, una excelente producci\u00f3n y un reparto compuesto por veteranos y j\u00f3venes talentos, \u00abLa lucha de Ana\u00bb llen\u00f3 todas las expectativas de la audiencia.<\/p>\n<\/p>\n<p>Algunos defectos de sonido al inicio y de edici\u00f3n de la cinta  dom\u00ednico-mexicana fueron solo unos de los pocos desaciertos que tuvo la premier. El proyecto de Abud est\u00e1 respaldado por el Grupo Corripio.  <\/p>\n<\/p>\n<p>Entre las mejores actuaciones, sin duda,  Cheddy; el veterano actor Miguel \u00c1ngel Mart\u00ednez, y Antonio Zamudio. El talento joven se impuso con  Esmailyn Morales Reyes y  Perla Marola Vargas, hija de Sergio Vargas.  <\/p>\n<\/p>\n<p>Al final de la proyecci\u00f3n, Sergio y su hija  cantaron el tema principal de la cinta. Aunque las aptitudes de ella como actriz superaron las vocales, fue un momento emotivo que hasta a Cheddy le saltaron las l\u00e1grimas.<\/p>\n<\/p>\n<p>Trama. El filme narra la dram\u00e1tica historia de una madre que lucha por hacer justicia ante el asesinato de su hijo en medio de la corrupci\u00f3n y la doble moral que se vive en el pa\u00eds.JB<\/p>\n<h6> 2012-05-18 19:06:30 <\/h6>\n<p><!--\n<link rel=\"stylesheet\" href=\"css\/bootstrap.min.css\">\n\n\n<ul class=\"pagination\">\n\t    \n\t\n\n<li >\n\t<a href='?page_no=17316'>Previous<\/a>\n\t<\/li>\n\n\n       \n    \n\n<li><a href='?page_no=1'>1<\/a><\/li>\n\n\n\n<li><a href='?page_no=2'>2<\/a><\/li>\n\n\n\n<li><a>...<\/a><\/li>\n\n\n\n<li><a href='?page_no=17315'>17315<\/a><\/li>\n\n\n\n<li><a href='?page_no=17316'>17316<\/a><\/li>\n\n\n\n<li class='active'><a>17317<\/a><\/li>\n\n\n\n<li><a href='?page_no=17318'>17318<\/a><\/li>\n\n\n\n<li><a href='?page_no=17319'>17319<\/a><\/li>\n\n\n\n<li><a>...<\/a><\/li>\n\n\n\n<li><a href='?page_no=22911'>22911<\/a><\/li>\n\n\n\n<li><a href='?page_no=22912'>22912<\/a><\/li>\n\n    \n\t\n\n<li >\n\t<a href='?page_no=17318'>Next<\/a>\n\t<\/li>\n\n\n    \n\n<li><a href='?page_no=22912'>Last &rsaquo;&rsaquo;<\/a><\/li>\n\n<\/ul>\n\n\n--><br \/>\n<\/body><\/p>\n","protected":false},"excerpt":{"rendered":"<p>Santo Domingo 18 mayo (3:16 pm)._Aunque muchos dudaban de los dotes como actriz de Cheddy Garc\u00eda y su capacidad para desdoblarse cruzando la l\u00ednea del humor al drama con \u00e9xito, la humorista sorprendi\u00f3 a todos con una excelente actuaci\u00f3n dram\u00e1tica que sac\u00f3 l\u00e1grimas a m\u00e1s de uno. Con una buena historia escrita y dirigida por [&hellip;]<\/p>\n","protected":false},"author":3,"featured_media":0,"comment_status":"open","ping_status":"open","sticky":false,"template":"","format":"standard","meta":{"footnotes":""},"categories":[21],"tags":[],"class_list":["post-65639","post","type-post","status-publish","format-standard","hentry","category-cultura"],"_links":{"self":[{"href":"https:\/\/diariodominicano.com\/index.php?rest_route=\/wp\/v2\/posts\/65639","targetHints":{"allow":["GET"]}}],"collection":[{"href":"https:\/\/diariodominicano.com\/index.php?rest_route=\/wp\/v2\/posts"}],"about":[{"href":"https:\/\/diariodominicano.com\/index.php?rest_route=\/wp\/v2\/types\/post"}],"author":[{"embeddable":true,"href":"https:\/\/diariodominicano.com\/index.php?rest_route=\/wp\/v2\/users\/3"}],"replies":[{"embeddable":true,"href":"https:\/\/diariodominicano.com\/index.php?rest_route=%2Fwp%2Fv2%2Fcomments&post=65639"}],"version-history":[{"count":0,"href":"https:\/\/diariodominicano.com\/index.php?rest_route=\/wp\/v2\/posts\/65639\/revisions"}],"wp:attachment":[{"href":"https:\/\/diariodominicano.com\/index.php?rest_route=%2Fwp%2Fv2%2Fmedia&parent=65639"}],"wp:term":[{"taxonomy":"category","embeddable":true,"href":"https:\/\/diariodominicano.com\/index.php?rest_route=%2Fwp%2Fv2%2Fcategories&post=65639"},{"taxonomy":"post_tag","embeddable":true,"href":"https:\/\/diariodominicano.com\/index.php?rest_route=%2Fwp%2Fv2%2Ftags&post=65639"}],"curies":[{"name":"wp","href":"https:\/\/api.w.org\/{rel}","templated":true}]}}