{"id":656371,"date":"2025-12-23T00:14:57","date_gmt":"2025-12-23T04:14:57","guid":{"rendered":"https:\/\/diariodominicano.com\/?p=656371"},"modified":"2025-12-23T00:15:01","modified_gmt":"2025-12-23T04:15:01","slug":"complicidad-con-saqueadores-de-recursos-naturales-en-el-caribe","status":"publish","type":"post","link":"https:\/\/diariodominicano.com\/?p=656371","title":{"rendered":"Complicidad con saqueadores de recursos naturales en el Caribe"},"content":{"rendered":"\n<p>Por: Ram\u00f3n Antonio Veras<\/p>\n\n\n\n<p>Introducci\u00f3n<\/p>\n\n\n\n<p>1.- El ser humano, en ocasiones, se siente inquieto por la forma en que determinada persona act\u00faa en uno u otro sentido.<\/p>\n\n\n\n<p>2.- Muchas veces tenemos a flor de labios la pregunta a causa de qu\u00e9, como consecuencia de qu\u00e9 fulano de tal procede as\u00ed.<\/p>\n\n\n\n<p>3.- Es para inquietarse, preocuparse, turbarse y de cualquier forma alarmarse por la actuaci\u00f3n absurda de un individuo de sano juicio.<\/p>\n\n\n\n<p>4.- Cada ente social, guiado por su conciencia, desde el fondo de su alma sabe lo que le impulsa a hacer o no hacer.<\/p>\n\n\n\n<p>5.- El presidente de una naci\u00f3n cualquiera en el ejercicio de sus funciones puede actuar respondiendo a criterio ideol\u00f3gico, inter\u00e9s personal o por conveniencia para el pa\u00eds.<\/p>\n\n\n\n<p>6.- El autor de este escrito no est\u00e1 llamado a predecir o descubrir qu\u00e9 lleva al presidente Luis Abinader a tomar tal o cual decisi\u00f3n en su condici\u00f3n de representante del Poder Ejecutivo dominicano.<\/p>\n\n\n\n<p>Idea central<\/p>\n\n\n\n<p>7.- No escapa al conocimiento del presidente Luis Abinader que en el seno de nuestro pueblo hay una gran cantidad de ciudadanas y ciudadanos que no han olvidado las dos intervenciones militares de Estados Unidos al pa\u00eds, en particular la de 1965.<\/p>\n\n\n\n<p>8.- En estos momentos son muchos los connacionales que no ven con buenos ojos que el pa\u00eds est\u00e9 convertido en base militar norteamericana en el Caribe al estilo de las de Puerto Rico y Guant\u00e1namo.<\/p>\n\n\n\n<p>9.- Por grande que sea la inclinaci\u00f3n del presidente Luis Abinader a la pol\u00edtica exterior de Washington, no es para contribuir a herir los sanos sentimientos de sus conciudadanos.<\/p>\n\n\n\n<p>10.- Cae mal en los dominicanos dignos que el territorio nacional sea centro de operaciones militares para agredir a naciones hermanas.<\/p>\n\n\n\n<p>11.- Un pa\u00eds como el nuestro, con una poblaci\u00f3n que en su gran mayor\u00eda arrastra pobreza extrema, no es para estar metido en conflictos militares que no son de su incumbencia.<\/p>\n\n\n\n<p>12.- Por mucha simpat\u00eda que el presidente Luis Abinader tenga hacia la pol\u00edtica de Washington, no es para involucrarnos en guerras regionales de saqueo.<\/p>\n\n\n\n<p>13.- En la actualidad, la Rep\u00fablica Dominicana est\u00e1 ocupando un lugar de primer orden en el conflicto armado tra\u00eddo a la regi\u00f3n del Caribe por el se\u00f1or Donald Trump.<\/p>\n\n\n\n<p>14.- Resulta sumamente preocupante que en una etapa como la actual, cuando aqu\u00ed se agudiza la pobreza, tambi\u00e9n estemos metidos en asuntos de bombardeos, lanzamiento de misiles y asesinatos a ocupantes de lanchas.<\/p>\n\n\n\n<p>15.- Por muy intrincados compromisos que tenga el presidente Luis Abinader con Estados Unidos, no debe motivar a que el pueblo dominicano se sienta herido en su amor patrio al ver en su lar nativo a las mismas fuerzas militares que en su oportunidad hicieron de agresoras.<\/p>\n\n\n\n<p>16.- La presente coyuntura es adecuada para que los sectores democr\u00e1ticos dominicanos se manifiesten ofendidos e indignados al comprobar que forman parte de acciones b\u00e9licas, haciendo el papel de c\u00f3mplices de agresi\u00f3n colonialista para saquear recursos naturales.<\/p>\n","protected":false},"excerpt":{"rendered":"<p>Por: Ram\u00f3n Antonio Veras Introducci\u00f3n 1.- El ser humano, en ocasiones, se siente inquieto por la forma en que determinada persona act\u00faa en uno u otro sentido. 2.- Muchas veces tenemos a flor de labios la pregunta a causa de qu\u00e9, como consecuencia de qu\u00e9 fulano de tal procede as\u00ed. 3.- Es para inquietarse, preocuparse, [&hellip;]<\/p>\n","protected":false},"author":7,"featured_media":654589,"comment_status":"closed","ping_status":"closed","sticky":false,"template":"","format":"standard","meta":{"footnotes":""},"categories":[16],"tags":[426],"class_list":["post-656371","post","type-post","status-publish","format-standard","has-post-thumbnail","hentry","category-opiniones","tag-ramon-antonio-veras"],"_links":{"self":[{"href":"https:\/\/diariodominicano.com\/index.php?rest_route=\/wp\/v2\/posts\/656371","targetHints":{"allow":["GET"]}}],"collection":[{"href":"https:\/\/diariodominicano.com\/index.php?rest_route=\/wp\/v2\/posts"}],"about":[{"href":"https:\/\/diariodominicano.com\/index.php?rest_route=\/wp\/v2\/types\/post"}],"author":[{"embeddable":true,"href":"https:\/\/diariodominicano.com\/index.php?rest_route=\/wp\/v2\/users\/7"}],"replies":[{"embeddable":true,"href":"https:\/\/diariodominicano.com\/index.php?rest_route=%2Fwp%2Fv2%2Fcomments&post=656371"}],"version-history":[{"count":1,"href":"https:\/\/diariodominicano.com\/index.php?rest_route=\/wp\/v2\/posts\/656371\/revisions"}],"predecessor-version":[{"id":656373,"href":"https:\/\/diariodominicano.com\/index.php?rest_route=\/wp\/v2\/posts\/656371\/revisions\/656373"}],"wp:featuredmedia":[{"embeddable":true,"href":"https:\/\/diariodominicano.com\/index.php?rest_route=\/wp\/v2\/media\/654589"}],"wp:attachment":[{"href":"https:\/\/diariodominicano.com\/index.php?rest_route=%2Fwp%2Fv2%2Fmedia&parent=656371"}],"wp:term":[{"taxonomy":"category","embeddable":true,"href":"https:\/\/diariodominicano.com\/index.php?rest_route=%2Fwp%2Fv2%2Fcategories&post=656371"},{"taxonomy":"post_tag","embeddable":true,"href":"https:\/\/diariodominicano.com\/index.php?rest_route=%2Fwp%2Fv2%2Ftags&post=656371"}],"curies":[{"name":"wp","href":"https:\/\/api.w.org\/{rel}","templated":true}]}}