{"id":65637,"date":"2012-05-21T11:15:45","date_gmt":"2012-05-21T11:15:45","guid":{"rendered":"http:\/\/diariodominicano.ddns.net\/?p=65637"},"modified":"2012-05-21T11:15:45","modified_gmt":"2012-05-21T11:15:45","slug":"fallece-madre-de-ministro-de-cultura","status":"publish","type":"post","link":"https:\/\/diariodominicano.com\/?p=65637","title":{"rendered":"Fallece madre de Ministro de Cultura"},"content":{"rendered":"<p><body><\/p>\n<p>Santo Domingo RD 21 mayo.-La se\u00f1ora Dolores Lantigua Heredia, madre del Ministro de Cultura Jos\u00e9 Rafael Lantigua falleci\u00f3 en esta capital en la tarde de ayer domingo 20 de mayo, por causas no divulgadas por las fuentes que trasmitieron la noticia.<\/p>\n<\/p>\n<p>Seg\u00fan las mismas fuentes, los restos de la se\u00f1ora Lantigua Heredia, natural de Moca, ser\u00e1n expuestos desde las 9.00 A.M. de ma\u00f1ana de este  lunes 21 de mayo en la Funeraria Blandino de la avenida Abraham Lincoln de Santo Domingo.<\/p>\n<h6> 2012-05-21 11:15:45 <\/h6>\n<p><!--\n<link rel=\"stylesheet\" href=\"css\/bootstrap.min.css\">\n\n\n<ul class=\"pagination\">\n\t    \n\t\n\n<li >\n\t<a href='?page_no=17314'>Previous<\/a>\n\t<\/li>\n\n\n       \n    \n\n<li><a href='?page_no=1'>1<\/a><\/li>\n\n\n\n<li><a href='?page_no=2'>2<\/a><\/li>\n\n\n\n<li><a>...<\/a><\/li>\n\n\n\n<li><a href='?page_no=17313'>17313<\/a><\/li>\n\n\n\n<li><a href='?page_no=17314'>17314<\/a><\/li>\n\n\n\n<li class='active'><a>17315<\/a><\/li>\n\n\n\n<li><a href='?page_no=17316'>17316<\/a><\/li>\n\n\n\n<li><a href='?page_no=17317'>17317<\/a><\/li>\n\n\n\n<li><a>...<\/a><\/li>\n\n\n\n<li><a href='?page_no=22911'>22911<\/a><\/li>\n\n\n\n<li><a href='?page_no=22912'>22912<\/a><\/li>\n\n    \n\t\n\n<li >\n\t<a href='?page_no=17316'>Next<\/a>\n\t<\/li>\n\n\n    \n\n<li><a href='?page_no=22912'>Last &rsaquo;&rsaquo;<\/a><\/li>\n\n<\/ul>\n\n\n--><br \/>\n<\/body><\/p>\n","protected":false},"excerpt":{"rendered":"<p>Santo Domingo RD 21 mayo.-La se\u00f1ora Dolores Lantigua Heredia, madre del Ministro de Cultura Jos\u00e9 Rafael Lantigua falleci\u00f3 en esta capital en la tarde de ayer domingo 20 de mayo, por causas no divulgadas por las fuentes que trasmitieron la noticia. Seg\u00fan las mismas fuentes, los restos de la se\u00f1ora Lantigua Heredia, natural de Moca, [&hellip;]<\/p>\n","protected":false},"author":3,"featured_media":0,"comment_status":"open","ping_status":"open","sticky":false,"template":"","format":"standard","meta":{"footnotes":""},"categories":[21],"tags":[],"class_list":["post-65637","post","type-post","status-publish","format-standard","hentry","category-cultura"],"_links":{"self":[{"href":"https:\/\/diariodominicano.com\/index.php?rest_route=\/wp\/v2\/posts\/65637","targetHints":{"allow":["GET"]}}],"collection":[{"href":"https:\/\/diariodominicano.com\/index.php?rest_route=\/wp\/v2\/posts"}],"about":[{"href":"https:\/\/diariodominicano.com\/index.php?rest_route=\/wp\/v2\/types\/post"}],"author":[{"embeddable":true,"href":"https:\/\/diariodominicano.com\/index.php?rest_route=\/wp\/v2\/users\/3"}],"replies":[{"embeddable":true,"href":"https:\/\/diariodominicano.com\/index.php?rest_route=%2Fwp%2Fv2%2Fcomments&post=65637"}],"version-history":[{"count":0,"href":"https:\/\/diariodominicano.com\/index.php?rest_route=\/wp\/v2\/posts\/65637\/revisions"}],"wp:attachment":[{"href":"https:\/\/diariodominicano.com\/index.php?rest_route=%2Fwp%2Fv2%2Fmedia&parent=65637"}],"wp:term":[{"taxonomy":"category","embeddable":true,"href":"https:\/\/diariodominicano.com\/index.php?rest_route=%2Fwp%2Fv2%2Fcategories&post=65637"},{"taxonomy":"post_tag","embeddable":true,"href":"https:\/\/diariodominicano.com\/index.php?rest_route=%2Fwp%2Fv2%2Ftags&post=65637"}],"curies":[{"name":"wp","href":"https:\/\/api.w.org\/{rel}","templated":true}]}}