{"id":65632,"date":"2012-05-21T19:13:04","date_gmt":"2012-05-21T19:13:04","guid":{"rendered":"http:\/\/diariodominicano.ddns.net\/?p=65632"},"modified":"2012-05-21T19:13:04","modified_gmt":"2012-05-21T19:13:04","slug":"las-fuertes-lluvias-danan-una-de-las-salas-del-festival-de-cannes","status":"publish","type":"post","link":"https:\/\/diariodominicano.com\/?p=65632","title":{"rendered":"Las fuertes lluvias da\u00f1an una de las salas del festival de Cannes"},"content":{"rendered":"<p><body><\/p>\n<p>Paris 21 mayo (5:17 pm)._ techo de una de las principales salas de proyecci\u00f3n del Festival de Cannes, la \u00absala del 60\u00ba aniversario\u00bb, result\u00f3 da\u00f1ada el domingo por la noche como consecuencia de las fuertes lluvias y oblig\u00f3 a los organizadores a anular dos de las proyecciones previstas.<\/p>\n<\/p>\n<p>En esta sala, construida en 2007 coincidiendo con el 60 aniversario del Festival que se est\u00e1 celebrando en la Costa Azul, se proyectan las sesiones especiales y las segundas proyecciones de pel\u00edculas en competici\u00f3n.<\/p>\n<\/p>\n<p>Este lunes temprano se llevaron a cabo las reparaciones necesarias y la sala estaba lista de nuevo a media ma\u00f1ana, anunci\u00f3 el servicio de prensa del festival.<\/p>\n<\/p>\n<p>Las lluvias del domingo por la noche tambi\u00e9n obligaron a anular los fuegos artificiales previstos para festejar el 65\u00ba aniversario del Festival.JB<\/p>\n<\/p>\n<h6> 2012-05-21 19:13:04 <\/h6>\n<p><!--\n<link rel=\"stylesheet\" href=\"css\/bootstrap.min.css\">\n\n\n<ul class=\"pagination\">\n\t    \n\t\n\n<li >\n\t<a href='?page_no=17309'>Previous<\/a>\n\t<\/li>\n\n\n       \n    \n\n<li><a href='?page_no=1'>1<\/a><\/li>\n\n\n\n<li><a href='?page_no=2'>2<\/a><\/li>\n\n\n\n<li><a>...<\/a><\/li>\n\n\n\n<li><a href='?page_no=17308'>17308<\/a><\/li>\n\n\n\n<li><a href='?page_no=17309'>17309<\/a><\/li>\n\n\n\n<li class='active'><a>17310<\/a><\/li>\n\n\n\n<li><a href='?page_no=17311'>17311<\/a><\/li>\n\n\n\n<li><a href='?page_no=17312'>17312<\/a><\/li>\n\n\n\n<li><a>...<\/a><\/li>\n\n\n\n<li><a href='?page_no=22911'>22911<\/a><\/li>\n\n\n\n<li><a href='?page_no=22912'>22912<\/a><\/li>\n\n    \n\t\n\n<li >\n\t<a href='?page_no=17311'>Next<\/a>\n\t<\/li>\n\n\n    \n\n<li><a href='?page_no=22912'>Last &rsaquo;&rsaquo;<\/a><\/li>\n\n<\/ul>\n\n\n--><br \/>\n<\/body><\/p>\n","protected":false},"excerpt":{"rendered":"<p>Paris 21 mayo (5:17 pm)._ techo de una de las principales salas de proyecci\u00f3n del Festival de Cannes, la \u00absala del 60\u00ba aniversario\u00bb, result\u00f3 da\u00f1ada el domingo por la noche como consecuencia de las fuertes lluvias y oblig\u00f3 a los organizadores a anular dos de las proyecciones previstas. En esta sala, construida en 2007 coincidiendo [&hellip;]<\/p>\n","protected":false},"author":3,"featured_media":0,"comment_status":"open","ping_status":"open","sticky":false,"template":"","format":"standard","meta":{"footnotes":""},"categories":[21],"tags":[],"class_list":["post-65632","post","type-post","status-publish","format-standard","hentry","category-cultura"],"_links":{"self":[{"href":"https:\/\/diariodominicano.com\/index.php?rest_route=\/wp\/v2\/posts\/65632","targetHints":{"allow":["GET"]}}],"collection":[{"href":"https:\/\/diariodominicano.com\/index.php?rest_route=\/wp\/v2\/posts"}],"about":[{"href":"https:\/\/diariodominicano.com\/index.php?rest_route=\/wp\/v2\/types\/post"}],"author":[{"embeddable":true,"href":"https:\/\/diariodominicano.com\/index.php?rest_route=\/wp\/v2\/users\/3"}],"replies":[{"embeddable":true,"href":"https:\/\/diariodominicano.com\/index.php?rest_route=%2Fwp%2Fv2%2Fcomments&post=65632"}],"version-history":[{"count":0,"href":"https:\/\/diariodominicano.com\/index.php?rest_route=\/wp\/v2\/posts\/65632\/revisions"}],"wp:attachment":[{"href":"https:\/\/diariodominicano.com\/index.php?rest_route=%2Fwp%2Fv2%2Fmedia&parent=65632"}],"wp:term":[{"taxonomy":"category","embeddable":true,"href":"https:\/\/diariodominicano.com\/index.php?rest_route=%2Fwp%2Fv2%2Fcategories&post=65632"},{"taxonomy":"post_tag","embeddable":true,"href":"https:\/\/diariodominicano.com\/index.php?rest_route=%2Fwp%2Fv2%2Ftags&post=65632"}],"curies":[{"name":"wp","href":"https:\/\/api.w.org\/{rel}","templated":true}]}}