{"id":656293,"date":"2025-12-22T11:10:37","date_gmt":"2025-12-22T15:10:37","guid":{"rendered":"https:\/\/diariodominicano.com\/?p=656293"},"modified":"2025-12-22T12:20:08","modified_gmt":"2025-12-22T16:20:08","slug":"rector-del-intec-plantea-fusion-mescyt-minerd-fortalezca-formacion-stem","status":"publish","type":"post","link":"https:\/\/diariodominicano.com\/?p=656293","title":{"rendered":"Rector del INTEC plantea fusi\u00f3n MESCyT- MINERD fortalezca formaci\u00f3n STEM,"},"content":{"rendered":"\n<p>diariodominicano.com<\/p>\n\n\n\n<p>Santo Deomingo, R. D.,\u200222 de diciembre, 2025.-  El rector del Instituto Tecnol\u00f3gico de Santo Domingo (INTEC), Arturo Del Villar, plante\u00f3 que el proceso de unificaci\u00f3n de los ministerios de Educaci\u00f3n Superior, Ciencia y Tecnolog\u00eda (MESCyT) y de Educaci\u00f3n (MINERD) debe convertirse en una oportunidad estrat\u00e9gica para fortalecer la ciencia, la innovaci\u00f3n y la formaci\u00f3n de talento de alto nivel.<\/p>\n\n\n\n<p>En un an\u00e1lisis sobre los desaf\u00edos del desarrollo nacional, Del Villar advirti\u00f3 que el crecimiento econ\u00f3mico del pa\u00eds no puede sostenerse \u00fanicamente en indicadores macroecon\u00f3micos, sino en la capacidad de formar capital humano preparado para responder a las demandas de sectores estrat\u00e9gicos como la banca digital, la log\u00edstica, el turismo inteligente y la manufactura avanzada.<\/p>\n\n\n\n<p>Ante la creciente brecha entre las necesidades del aparato productivo y la disponibilidad de profesionales en \u00e1reas STEM (Ciencia, Tecnolog\u00eda, Ingenier\u00eda y Matem\u00e1ticas), el acad\u00e9mico plante\u00f3 la propuesta del INTEC de crear una Pol\u00edtica Nacional de Ciencia y Tecnolog\u00eda que promueva que el estudiantado de secundaria estudie esas carreras.<\/p>\n\n\n\n<p>\u201cEl pa\u00eds no podr\u00e1 cerrar sus brechas sociales ni sostener su competitividad si no decide hoy formar el talento del ma\u00f1ana. Invertir en ciencia no es un lujo de pa\u00edses desarrollados; es la herramienta b\u00e1sica de las naciones que aspiran a ser due\u00f1as de su destino\u201d, expuso.<\/p>\n\n\n\n<p>La propuesta surge a ra\u00edz de la disparidad entre la demanda de talento de \u201calto valor agregado\u201d y la oferta nacional, ya que menos del 30% de los egresados universitarios corresponden a \u00e1reas STEM, hecho que empuja a sectores punteros a reclutar talento internacional ante la escasez de especialistas locales.<\/p>\n\n\n\n<p>Adem\u00e1s, el Rector del INTEC evidenci\u00f3 que existe una inversi\u00f3n insuficiente en desarrollo de capital humano, al plantear que el gasto en Investigaci\u00f3n y Desarrollo (I+D) en el pa\u00eds se mantiene por debajo del 0.1% del PIB, \u201cuna cifra distante de los est\u00e1ndares de competitividad regional\u201d.<\/p>\n\n\n\n<p>\u201cEsta carencia se agrava ante la ausencia de una pol\u00edtica de Estado que impulse, de manera sist\u00e9mica y con presupuesto adecuado, la investigaci\u00f3n aplicada y la innovaci\u00f3n\u201d, a\u00f1adi\u00f3.<\/p>\n\n\n\n<p>La pol\u00edtica que propone el INTEC pretende incluir incentivos estrat\u00e9gicos, entre ellos becas y est\u00edmulos para carreras de alta demanda en computaci\u00f3n, ciencias b\u00e1sicas e ingenier\u00edas; a su vez, la creaci\u00f3n de fondos de financiamiento para investigaci\u00f3n aplicada que resuelva problemas reales de la industria y de la sociedad.<\/p>\n\n\n\n<p>Adem\u00e1s, Del Villar dijo que la universidad propone que la Pol\u00edtica impulse los centros de investigaci\u00f3n universitaria como motores del desarrollo local y respeto a la autonom\u00eda, as\u00ed como garantizar que la nueva estructura gubernamental preserve la libertad de c\u00e1tedra y la autonom\u00eda administrativa de las universidades.<\/p>\n\n\n\n<p>\u200b\u201cLa Rep\u00fablica Dominicana no podr\u00e1 cerrar sus brechas sociales ni sostener su competitividad si no decide, hoy, formar el talento del ma\u00f1ana. Invertir en ciencia no es un lujo de pa\u00edses desarrollados; es la herramienta b\u00e1sica de las naciones que aspiran a ser due\u00f1as de su destino.\u201d, precis\u00f3.<\/p>\n\n\n\n<p>Finalmente, Del Villar reiter\u00f3 el compromiso del INTEC con una educaci\u00f3n de calidad, transformadora y orientada al desarrollo nacional, e hizo un llamado a construir la reforma educativa desde el consenso y con una visi\u00f3n de largo plazo. \u201cInvertir en ciencia no es un lujo, es una decisi\u00f3n estrat\u00e9gica para que el pa\u00eds sea due\u00f1o de su propio destino\u201d, afirm\u00f3.<\/p>\n\n\n\n<p><strong>Direcci\u00f3n de Comunicaci\u00f3n Institucional<\/strong><\/p>\n\n\n\n<p><strong>22 de diciembre, 2025<\/strong><\/p>\n\n\n\n<p>Xiara Paulino<\/p>\n\n\n\n<p>Encargada de prensa y contenido<\/p>\n\n\n\n<p>Dir. de Comunicaciones Institucionales<\/p>\n\n\n\n<p><strong>Instituto Tecnol\u00f3gico de Santo Domingo,\u00a0 INTEC.<\/strong><\/p>\n","protected":false},"excerpt":{"rendered":"<p>diariodominicano.com Santo Deomingo, R. D.,\u200222 de diciembre, 2025.- El rector del Instituto Tecnol\u00f3gico de Santo Domingo (INTEC), Arturo Del Villar, plante\u00f3 que el proceso de unificaci\u00f3n de los ministerios de Educaci\u00f3n Superior, Ciencia y Tecnolog\u00eda (MESCyT) y de Educaci\u00f3n (MINERD) debe convertirse en una oportunidad estrat\u00e9gica para fortalecer la ciencia, la innovaci\u00f3n y la formaci\u00f3n [&hellip;]<\/p>\n","protected":false},"author":5,"featured_media":536549,"comment_status":"closed","ping_status":"closed","sticky":true,"template":"","format":"standard","meta":{"footnotes":""},"categories":[20,27],"tags":[646,1072,280,3830],"class_list":["post-656293","post","type-post","status-publish","format-standard","has-post-thumbnail","hentry","category-dominicana-hoy","category-portada","tag-intec","tag-mescyt","tag-minerd","tag-stem"],"_links":{"self":[{"href":"https:\/\/diariodominicano.com\/index.php?rest_route=\/wp\/v2\/posts\/656293","targetHints":{"allow":["GET"]}}],"collection":[{"href":"https:\/\/diariodominicano.com\/index.php?rest_route=\/wp\/v2\/posts"}],"about":[{"href":"https:\/\/diariodominicano.com\/index.php?rest_route=\/wp\/v2\/types\/post"}],"author":[{"embeddable":true,"href":"https:\/\/diariodominicano.com\/index.php?rest_route=\/wp\/v2\/users\/5"}],"replies":[{"embeddable":true,"href":"https:\/\/diariodominicano.com\/index.php?rest_route=%2Fwp%2Fv2%2Fcomments&post=656293"}],"version-history":[{"count":2,"href":"https:\/\/diariodominicano.com\/index.php?rest_route=\/wp\/v2\/posts\/656293\/revisions"}],"predecessor-version":[{"id":656331,"href":"https:\/\/diariodominicano.com\/index.php?rest_route=\/wp\/v2\/posts\/656293\/revisions\/656331"}],"wp:featuredmedia":[{"embeddable":true,"href":"https:\/\/diariodominicano.com\/index.php?rest_route=\/wp\/v2\/media\/536549"}],"wp:attachment":[{"href":"https:\/\/diariodominicano.com\/index.php?rest_route=%2Fwp%2Fv2%2Fmedia&parent=656293"}],"wp:term":[{"taxonomy":"category","embeddable":true,"href":"https:\/\/diariodominicano.com\/index.php?rest_route=%2Fwp%2Fv2%2Fcategories&post=656293"},{"taxonomy":"post_tag","embeddable":true,"href":"https:\/\/diariodominicano.com\/index.php?rest_route=%2Fwp%2Fv2%2Ftags&post=656293"}],"curies":[{"name":"wp","href":"https:\/\/api.w.org\/{rel}","templated":true}]}}