{"id":656283,"date":"2025-12-22T10:32:21","date_gmt":"2025-12-22T14:32:21","guid":{"rendered":"https:\/\/diariodominicano.com\/?p=656283"},"modified":"2025-12-22T12:12:40","modified_gmt":"2025-12-22T16:12:40","slug":"presidente-abinader-inaugura-en-santiago-en-hato-del-yaque-180-viviendas-y-una-escuela","status":"publish","type":"post","link":"https:\/\/diariodominicano.com\/?p=656283","title":{"rendered":"Presidente Abinader inaugura en Santiago, en Hato del Yaque, 180 viviendas  y una escuela"},"content":{"rendered":"\n<h3 class=\"wp-block-heading\">El jefe de Estado, junto con la vicepresidenta Raquel Pe\u00f1a, tambi\u00e9n inaugur\u00f3 el hospital HEMA, un moderno centro de tercer nivel<\/h3>\n\n\n\n<p>21 de Diciembre 2025<\/p>\n\n\n\n<figure class=\"wp-block-image\"><img decoding=\"async\" src=\"https:\/\/platform-cdn.sharethis.com\/img\/sharethis.svg\" alt=\"sharethis sharing button\"\/><\/figure>\n\n\n\n<p>Hato del Yaque, Santiago.\u2013 Como parte de las&nbsp;<strong>pol\u00edticas p\u00fablicas<\/strong>&nbsp;orientadas a reducir el&nbsp;<strong>d\u00e9ficit habitacional<\/strong>, dignificar la vida de las&nbsp;<strong>familias vulnerables<\/strong>&nbsp;y fortalecer el&nbsp;<strong>sistema educativo<\/strong>, el presidente&nbsp;<strong>Luis Abinader<\/strong>&nbsp;entreg\u00f3 este s\u00e1bado&nbsp;<strong>180 apartamentos del Plan Mi Vivienda<\/strong>, que beneficiar\u00e1n a igual n\u00famero de familias, y dej\u00f3 inaugurada la&nbsp;<strong>Escuela B\u00e1sica Hato del Yaque<\/strong>, impactando de manera directa a&nbsp;<strong>m\u00e1s de 650 estudiantes<\/strong>&nbsp;de este distrito municipal.<\/p>\n\n\n\n<p>Con esta entrega, son&nbsp;<strong>1,320 nuevas unidades<\/strong>&nbsp;adicionales que el Ministerio de Vivienda y Edificaciones&nbsp;<strong>(Mived)<\/strong>&nbsp;ha entregado a familias que viv\u00edan en&nbsp;<strong>extrema vulnerabilidad<\/strong>&nbsp;a las orillas de r\u00edos y ca\u00f1adas en&nbsp;<strong>arroyo Gurabo<\/strong>.<\/p>\n\n\n\n<p>Al pronunciar algunas palabras, el ministro del Mived,&nbsp;<strong>Carlos Bonilla,<\/strong>&nbsp;dijo que antes las familias de estas nuevas viviendas viv\u00edan con&nbsp;<strong>incertidumbre<\/strong>&nbsp;y que ahora sus habitantes tendr\u00e1n&nbsp;<strong>oportunidades nuevas<\/strong>.<\/p>\n\n\n\n<figure class=\"wp-block-image\"><img decoding=\"async\" src=\"https:\/\/presidencia.gob.do\/sites\/default\/files\/inline-images\/1001108560_0.jpg\" alt=\"\"\/><\/figure>\n\n\n\n<p><em>\u00abCuiden los espacios comunes, y mantengan el orden y la convivencia. Porque cuando una comunidad se cuida, se fortalece y progresa\u00bb,<\/em>&nbsp;indic\u00f3.<\/p>\n\n\n\n<p>En tanto, el director ejecutivo del Inapa,&nbsp;<strong>Wellington Arnaud<\/strong>, manifest\u00f3 que antes los beneficiados con estas viviendas viv\u00edan sin ning\u00fan tipo de servicio p\u00fablico, y que ahora en sus&nbsp;<strong>nuevas casas<\/strong>&nbsp;podr\u00e1n tener un&nbsp;<strong>gran desarrollo humano<\/strong>. Agreg\u00f3 adem\u00e1s que&nbsp;<strong>el presidente Abinader ha cumplido en no dejar a nadie atr\u00e1s<\/strong>;&nbsp;<em>\u00abcada centavo invertido por el presidente Abinader ha sido para mejorar la calidad de vida de los dominicanos\u00bb.<\/em><\/p>\n\n\n\n<p>Asimismo, el presidente ejecutivo del Banco de Reservas,&nbsp;<strong>Leonardo Aguilera,<\/strong>&nbsp;afirm\u00f3 que ahora las familias vivir\u00e1n con dignidad, ya que se ha creado un&nbsp;<strong>h\u00e1bitat lleno de armon\u00eda y futuro<\/strong>.<em>&nbsp;\u00abLa inversi\u00f3n del proyecto en su totalidad tendr\u00e1 un costo de unos RD 6,000 millones de pesos\u00bb.<\/em>&nbsp;<\/p>\n\n\n\n<p>El proyecto habitacional incluye \u00e1reas verdes, zonas recreativas, parqueos para veh\u00edculos y motores, y espacios institucionales, construido sobre una&nbsp;<strong>superficie de 296,685.71 metros cuadrados.<\/strong><\/p>\n\n\n\n<p>Mi Vivienda Hato del Yaque tambi\u00e9n cuenta con&nbsp;<strong>facilidades deportivas<\/strong>&nbsp;como cancha de baloncesto, con el objetivo de garantizar condiciones adecuadas de&nbsp;<strong>convivencia y desarrollo comunitario&nbsp;<\/strong>y forma parte de las&nbsp;<strong>pol\u00edticas p\u00fablicas<\/strong>&nbsp;dirigidas a reducir el<strong>&nbsp;d\u00e9ficit habitacional,&nbsp;<\/strong>adem\u00e1s de<strong>&nbsp;<\/strong>promover&nbsp;<strong>comunidades organizadas<\/strong>&nbsp;en la provincia de Santiago.<\/p>\n\n\n\n<p><strong>Entrega de Escuela B\u00e1sica Hato del Yaque<\/strong><\/p>\n\n\n\n<p>M\u00e1s adelante, se entreg\u00f3 la&nbsp;<strong>Escuela B\u00e1sica Hato del Yaque<\/strong>, en beneficio de&nbsp;<strong>m\u00e1s de 650 estudiantes<\/strong>, respondiendo la demanda de la comunidad.<\/p>\n\n\n\n<figure class=\"wp-block-image\"><img decoding=\"async\" src=\"https:\/\/presidencia.gob.do\/sites\/default\/files\/inline-images\/1001108565.jpg\" alt=\"\"\/><\/figure>\n\n\n\n<p>Este nuevo plantel cuenta con cinco bloques, uno administrativo y cuatro educativos, en los cuales hay&nbsp;<strong>26 aulas<\/strong>.<\/p>\n\n\n\n<p>La escuela dispone adem\u00e1s de comedor estudiantil con capacidad para 360 alumnos sentados, cocina, cancha de baloncesto y estacionamiento.<\/p>\n\n\n\n<p><strong>Hospital Especializado de Medicina Avanzada (HEMA)<\/strong><\/p>\n\n\n\n<figure class=\"wp-block-image\"><img decoding=\"async\" src=\"https:\/\/presidencia.gob.do\/sites\/default\/files\/inline-images\/1001108548.jpg\" alt=\"\"\/><\/figure>\n\n\n\n<p>De igual forma, el jefe de Estado, junto con la vicepresidenta Raquel Pe\u00f1a, como parte de su compromiso con el&nbsp;<strong>fortalecimiento del sistema de salud<\/strong>, tambi\u00e9n particip\u00f3 en la&nbsp;<strong>inauguraci\u00f3n del Hospital Especializado de Medicina Avanzada (HEMA),<\/strong>&nbsp;un moderno centro de&nbsp;<strong>tercer nivel de atenci\u00f3n<\/strong>, adaptado a los m\u00e1s&nbsp;<strong>altos est\u00e1ndares de calidad<\/strong>&nbsp;en servicios m\u00e9dicos y quir\u00fargicos, con una infraestructura basada en&nbsp;<strong>normativas internacionales.<\/strong><\/p>\n\n\n\n<p><strong>El centro de salud generar\u00e1 1,100 empleos<\/strong><\/p>\n\n\n\n<p>Est\u00e1 inauguraci\u00f3n marca el inicio de una&nbsp;<strong>nueva etapa en la oferta de servicios de salud de alta complejidad&nbsp;<\/strong>en el pa\u00eds. El nuevo centro de salud, que generar\u00e1 1,100 empleos, tiene una proyecci\u00f3n de 179 camas y contar\u00e1 con 80 consultorios, los cuales abrir\u00e1n de manera escalonada, en la primera fase ambulatoria. All\u00ed tendr\u00e1n centro de im\u00e1genes diagn\u00f3sticas y consultas externas.<\/p>\n\n\n\n<p>Al pronunciar sus palabras &nbsp;el ministro de Salud P\u00fablica, doctor&nbsp;<strong>V\u00edctor Atallah,<\/strong>&nbsp;destac\u00f3 la&nbsp;<strong>creciente demanda de camas hospitalarias<\/strong>&nbsp;que enfrenta el pa\u00eds y el aporte significativo de HEMA para fortalecer la capacidad del sistema de salud.<\/p>\n\n\n\n<p>De igual manera, resalt\u00f3 el posicionamiento de&nbsp;<strong>Santiago de los Caballeros como un referente nacional y regional en materia de salud<\/strong>, transform\u00e1ndolo en un&nbsp;<strong>cl\u00faster de Turismo de Salud<\/strong>&nbsp;y valor\u00f3 que HEMA haya sido concebido con&nbsp;<strong>est\u00e1ndares internacionales de calidad y seguridad<\/strong>, con miras a alcanzar la acreditaci\u00f3n de la Joint Commission International (JCI).<\/p>\n\n\n\n<figure class=\"wp-block-image\"><img decoding=\"async\" src=\"https:\/\/presidencia.gob.do\/sites\/default\/files\/inline-images\/1001108558.jpg\" alt=\"\"\/><\/figure>\n\n\n\n<p>De su lado, el socio fundador, el ingeniero&nbsp;<strong>Carlos Cabrera<\/strong>, destac\u00f3 el car\u00e1cter hist\u00f3rico de la inauguraci\u00f3n de HEMA, se\u00f1alando que el hospital marca una&nbsp;<strong>nueva etapa para la salud dominicana<\/strong>, sustentada en una&nbsp;<strong>visi\u00f3n empresarial moderna, una gesti\u00f3n eficiente y un firme compromiso social.<\/strong><\/p>\n\n\n\n<p>En sus palabras, expres\u00f3 un&nbsp;<strong>agradecimiento<\/strong>&nbsp;especial al presidente Luis Abinader por &nbsp;su presencia y por el&nbsp;<strong>respaldo del Gobierno<\/strong>&nbsp;al fortalecimiento del&nbsp;<strong>sistema nacional de salud<\/strong>, promoviendo una&nbsp;<strong>inversi\u00f3n privada responsable&nbsp;<\/strong>y alineada con el desarrollo del pa\u00eds.<\/p>\n\n\n\n<p>Junto con el presidente Abinader estuvieron presentes el ministro de Obras P\u00fablicas,\u00a0<strong>Eduardo Estrella;<\/strong>\u00a0el alcalde\u00a0<strong>Ulises Rodr\u00edguez<\/strong>; el senador\u00a0<strong>Daniel Rivera<\/strong>\u00a0y la gobernadora,\u00a0<strong>Rosa Mar\u00eda Santos.<\/strong><\/p>\n\n\n\n<p>Con informaci\u00f3n de la Presidencia de la Rep\u00fablica.<\/p>\n","protected":false},"excerpt":{"rendered":"<p>El jefe de Estado, junto con la vicepresidenta Raquel Pe\u00f1a, tambi\u00e9n inaugur\u00f3 el hospital HEMA, un moderno centro de tercer nivel 21 de Diciembre 2025 Hato del Yaque, Santiago.\u2013 Como parte de las&nbsp;pol\u00edticas p\u00fablicas&nbsp;orientadas a reducir el&nbsp;d\u00e9ficit habitacional, dignificar la vida de las&nbsp;familias vulnerables&nbsp;y fortalecer el&nbsp;sistema educativo, el presidente&nbsp;Luis Abinader&nbsp;entreg\u00f3 este s\u00e1bado&nbsp;180 apartamentos del Plan [&hellip;]<\/p>\n","protected":false},"author":2,"featured_media":656284,"comment_status":"closed","ping_status":"closed","sticky":true,"template":"","format":"standard","meta":{"footnotes":""},"categories":[20,27],"tags":[1854],"class_list":["post-656283","post","type-post","status-publish","format-standard","has-post-thumbnail","hentry","category-dominicana-hoy","category-portada","tag-presidente-abinader"],"_links":{"self":[{"href":"https:\/\/diariodominicano.com\/index.php?rest_route=\/wp\/v2\/posts\/656283","targetHints":{"allow":["GET"]}}],"collection":[{"href":"https:\/\/diariodominicano.com\/index.php?rest_route=\/wp\/v2\/posts"}],"about":[{"href":"https:\/\/diariodominicano.com\/index.php?rest_route=\/wp\/v2\/types\/post"}],"author":[{"embeddable":true,"href":"https:\/\/diariodominicano.com\/index.php?rest_route=\/wp\/v2\/users\/2"}],"replies":[{"embeddable":true,"href":"https:\/\/diariodominicano.com\/index.php?rest_route=%2Fwp%2Fv2%2Fcomments&post=656283"}],"version-history":[{"count":1,"href":"https:\/\/diariodominicano.com\/index.php?rest_route=\/wp\/v2\/posts\/656283\/revisions"}],"predecessor-version":[{"id":656285,"href":"https:\/\/diariodominicano.com\/index.php?rest_route=\/wp\/v2\/posts\/656283\/revisions\/656285"}],"wp:featuredmedia":[{"embeddable":true,"href":"https:\/\/diariodominicano.com\/index.php?rest_route=\/wp\/v2\/media\/656284"}],"wp:attachment":[{"href":"https:\/\/diariodominicano.com\/index.php?rest_route=%2Fwp%2Fv2%2Fmedia&parent=656283"}],"wp:term":[{"taxonomy":"category","embeddable":true,"href":"https:\/\/diariodominicano.com\/index.php?rest_route=%2Fwp%2Fv2%2Fcategories&post=656283"},{"taxonomy":"post_tag","embeddable":true,"href":"https:\/\/diariodominicano.com\/index.php?rest_route=%2Fwp%2Fv2%2Ftags&post=656283"}],"curies":[{"name":"wp","href":"https:\/\/api.w.org\/{rel}","templated":true}]}}