{"id":656275,"date":"2025-12-22T10:23:06","date_gmt":"2025-12-22T14:23:06","guid":{"rendered":"https:\/\/diariodominicano.com\/?p=656275"},"modified":"2025-12-22T12:11:05","modified_gmt":"2025-12-22T16:11:05","slug":"presidente-luis-abinader-inaugura-48-49-kilometros-de-carreteras-y-calles-en-la-sierra-de-la-provincia-de-santiago","status":"publish","type":"post","link":"https:\/\/diariodominicano.com\/?p=656275","title":{"rendered":"El Presidente Abinader inaugura 48.49 kil\u00f3metros de carreteras y calles en la Sierra de la provincia de Santiago"},"content":{"rendered":"\n<h3 class=\"wp-block-heading\">Los trabajos entregados incluyen la carretera Santiago\u2013San Jos\u00e9 de las Matas, la primera etapa de la v\u00eda San Jos\u00e9 de las Matas\u2013Pedregal\u2013Los Montones\u2013Gu\u00e1zuma\u2013Aguas Calientes entre otros<\/h3>\n\n\n\n<p>21 de Diciembre 2025 <\/p>\n\n\n\n<figure class=\"wp-block-image\"><img decoding=\"async\" src=\"https:\/\/presidencia.gob.do\/sites\/default\/files\/styles\/large\/public\/news\/2025-12\/1001109009.jpg?itok=0GfXWqp-\" alt=\"Presidente \"\/><\/figure>\n\n\n\n<figure class=\"wp-block-image\"><img decoding=\"async\" src=\"https:\/\/platform-cdn.sharethis.com\/img\/sharethis.svg\" alt=\"sharethis sharing button\"\/><\/figure>\n\n\n\n<p>San Jos\u00e9 de las Matas.\u2013 Como parte de su compromiso con el&nbsp;<strong>fortalecimiento de la conectividad vial,&nbsp;<\/strong>la mejora de la&nbsp;<strong>seguridad del tr\u00e1nsito<\/strong>&nbsp;y la dinamizaci\u00f3n del&nbsp;<strong>desarrollo econ\u00f3mico y ecotur\u00edstico<\/strong>&nbsp;de la regi\u00f3n, el&nbsp;<strong>presidente Luis Abinader<\/strong>&nbsp;encabez\u00f3 el acto de&nbsp;<strong>inauguraci\u00f3n<\/strong>&nbsp;de&nbsp;<strong>48.49 kil\u00f3metros<\/strong>&nbsp;de carreteras y calles en&nbsp;<strong>distintos municipios de la Sierra de Santiago.<\/strong><\/p>\n\n\n\n<p>Las obras, ejecutadas por la Empresa de Generaci\u00f3n Hidroel\u00e9ctrica Dominicana&nbsp;<strong>(Egehid)<\/strong>&nbsp;como parte de su&nbsp;<strong>compromiso social&nbsp;<\/strong>con las comunidades ubicadas en la zona de influencia del&nbsp;<strong>complejo hidroel\u00e9ctrico Tavera\u2013Bao\u2013L\u00f3pez-Angostura<\/strong>, representaron una inversi\u00f3n de&nbsp;<strong>RD 3,500 millones<\/strong>&nbsp;y contribuyen a fortalecer la conectividad vial de&nbsp;<strong>comunidades estrat\u00e9gicas de la regi\u00f3n serrana<\/strong>, mejorar la seguridad del tr\u00e1nsito y promover el desarrollo econ\u00f3mico y ecotur\u00edstico.<\/p>\n\n\n\n<p><strong>Un compromiso asumido por el Gobierno tras a\u00f1os de reclamos<\/strong><\/p>\n\n\n\n<p>El administrador general de la Empresa de Generaci\u00f3n Hidroel\u00e9ctrica Dominicana (Egehid),&nbsp;<strong>Rafael Salazar<\/strong>, destac\u00f3 que las obras viales entregadas en la Sierra de la provincia de Santiago responden a un compromiso asumido por el Gobierno, tras&nbsp;<strong>a\u00f1os de reclamos comunitarios que no hab\u00edan sido atendidos.<\/strong><\/p>\n\n\n\n<p>Salazar record\u00f3 que, junto con las autoridades locales y comunitarias, Egehid realiz\u00f3 los&nbsp;<strong>estudios, dise\u00f1os y presupuestos<\/strong>&nbsp;necesarios para ejecutar las obras, cumpliendo as\u00ed con el&nbsp;<strong>compromiso<\/strong>&nbsp;asumido por el presidente Luis Abinader de&nbsp;<strong>transformar la infraestructura vial de la regi\u00f3n<\/strong>.<\/p>\n\n\n\n<figure class=\"wp-block-image\"><img decoding=\"async\" src=\"https:\/\/presidencia.gob.do\/sites\/default\/files\/inline-images\/1001109008.jpg\" alt=\"\"\/><\/figure>\n\n\n\n<p>Detall\u00f3 que los trabajos entregados alcanzan una extensi\u00f3n total de 48.49 kil\u00f3metros, incluyendo la carretera&nbsp;<strong>Santiago\u2013San Jos\u00e9 de las Matas<\/strong>, la primera etapa de la v\u00eda&nbsp;<strong>San Jos\u00e9 de las Matas\u2013Pedregal\u2013Los Montones\u2013Gu\u00e1zuma\u2013Aguas Calientes<\/strong>, calles internas de&nbsp;<strong>Las Placetas<\/strong>&nbsp;y diversas v\u00edas en el distrito municipal de&nbsp;<strong>La Cuesta,<\/strong>&nbsp;impactando de manera directa a m\u00faltiples comunidades.<\/p>\n\n\n\n<p>Asimismo, resalt\u00f3 que estas obras benefician no solo a San Jos\u00e9 de las Matas, sino tambi\u00e9n a otros municipios y distritos como&nbsp;<strong>J\u00e1nico, Sabana Iglesia, Baitoa, El Caimito y Juncalito<\/strong>, y que fueron ejecutadas con la&nbsp;<strong>supervisi\u00f3n<\/strong>&nbsp;activa de&nbsp;<strong>autoridades locales, juntas de vecinos e instituciones comunitarias.<\/strong><\/p>\n\n\n\n<p><strong>Pol\u00edtica nacional de inversi\u00f3n en infraestructura impulsada por el presidente Luis Abinader<\/strong><\/p>\n\n\n\n<p>De su lado, el ministro de Obras P\u00fablicas y Comunicaciones,&nbsp;<strong>Eduardo Estrella<\/strong>, afirm\u00f3 que las obras que se ejecutan en la provincia de Santiago forman parte de una&nbsp;<strong>pol\u00edtica nacional de inversi\u00f3n en infraestructura<\/strong>&nbsp;impulsada por el presidente Luis Abinader, y aclar\u00f3 que la intervenci\u00f3n en la Sierra no es una excepci\u00f3n, sino una respuesta a una&nbsp;<strong>deuda hist\u00f3rica<\/strong>&nbsp;con comunidades que por d\u00e9cadas reclamaron mejores v\u00edas de acceso y mayor equidad en el desarrollo.<\/p>\n\n\n\n<p>Estrella destac\u00f3 que el Gobierno ha priorizado la construcci\u00f3n y rehabilitaci\u00f3n de&nbsp;<strong>carreteras troncales, secundarias e internas<\/strong>&nbsp;que conectan municipios y distritos como&nbsp;<strong>San Jos\u00e9 de las Matas, Sabana Iglesia, Baitoa, J\u00e1nico, El Caimito y El Rubio<\/strong>, as\u00ed como nuevas obras en estudio, incluyendo&nbsp;<strong>puentes y v\u00edas estrat\u00e9gicas,<\/strong>&nbsp;con el objetivo de impulsar&nbsp;<strong>la agricultura, el ecoturismo, la inversi\u00f3n y la calidad de vida.<\/strong><\/p>\n\n\n\n<p>Estrella asegur\u00f3 que todas las infraestructuras se ejecutan con&nbsp;<strong>est\u00e1ndares de calidad y coordinaci\u00f3n con las autoridades locales<\/strong><\/p>\n\n\n\n<p><strong>Carretera Santiago-San Jos\u00e9 de las Matas<\/strong><\/p>\n\n\n\n<p>Entre las obras inauguradas se destaca la carretera Santiago\u2013San Jos\u00e9 de las Matas, de la cual se entregaron&nbsp;<strong>25.5 kil\u00f3metros<\/strong>, completando en su&nbsp;<strong>totalidad esta importante v\u00eda&nbsp;<\/strong>que conecta la ciudad de Santiago con el municipio de San Jos\u00e9 de las Matas.<\/p>\n\n\n\n<p><strong>Calles internas del distrito municipal Las Placetas<\/strong><\/p>\n\n\n\n<p>Asimismo, fueron inaugurados&nbsp;<strong>4.5 kil\u00f3metros<\/strong>&nbsp;de calles reconstruidas y asfaltadas, beneficiando directamente a los sectores&nbsp;<strong>Las Placetas Arriba, Los Manguitos, Los Morillos y el barrio Suzo N\u00fa\u00f1ez.<\/strong><\/p>\n\n\n\n<p><strong>Distrito municipal de La Cuesta<\/strong><\/p>\n\n\n\n<p>En esta demarcaci\u00f3n se entregaron&nbsp;<strong>4.7 kil\u00f3metros<\/strong>&nbsp;de la carretera&nbsp;<strong>La Cuesta\u2013Loma de los Palos<\/strong>, adem\u00e1s de&nbsp;<strong>4.5 kil\u00f3metros<\/strong>&nbsp;de calles en los sectores&nbsp;<strong>El Cementerio; El Naranjito; Las Auyamas y Callej\u00f3n No. 1<\/strong>, para un total de&nbsp;<strong>9.2 kil\u00f3metros<\/strong>&nbsp;intervenidos.<\/p>\n\n\n\n<p><strong>Carretera San Jos\u00e9 de las Matas\u2013Pedregal\u2013Los Montones\u2013Gu\u00e1zuma\u2013Aguas Calientes (primera etapa)<\/strong><\/p>\n\n\n\n<p>Tambi\u00e9n se inauguraron&nbsp;<strong>9.17 kil\u00f3metros<\/strong>&nbsp;correspondientes a la&nbsp;<strong>primera etapa<\/strong>&nbsp;de esta carretera, de los cuales 4.98 kil\u00f3metros est\u00e1n totalmente concluidos y 4.19 kil\u00f3metros asfaltados.<\/p>\n\n\n\n<p><strong>Impacto y compromiso social<\/strong><\/p>\n\n\n\n<figure class=\"wp-block-image\"><img decoding=\"async\" src=\"https:\/\/presidencia.gob.do\/sites\/default\/files\/inline-images\/1001108614.jpg\" alt=\"\"\/><\/figure>\n\n\n\n<p>Estas obras forman parte de un&nbsp;<strong>amplio programa de inversi\u00f3n social de Egehid<\/strong>, orientado a mejorar la infraestructura vial de las comunidades de la Sierra de Santiago, garantizando v\u00edas m\u00e1s seguras, modernas y resilientes, y contribuyendo al desarrollo integral de miles de familias.<\/p>\n\n\n\n<p>Estuvieron presentes la gobernadora de Santiago,\u00a0<strong>Rosa Santos<\/strong>; el senador\u00a0<strong>Daniel Rivera<\/strong>; el alcalde de Santiago,\u00a0<strong>Ulises Rodr\u00edguez<\/strong>; el alcalde de San Jos\u00e9 de las Matas,\u00a0<strong>Alfredo Reyes<\/strong>; el director general de Coraasan,\u00a0<strong>Andr\u00e9s Cueto<\/strong>, y el director del distrito municipale de La Cuesta,\u00a0<strong>Eddy Rivas<\/strong>, as\u00ed como de El Rubio,\u00a0<strong>Ivanova Ramos.<\/strong><\/p>\n\n\n\n<p>Con informaci\u00f3n de la Presidencia de la Rep\u00fablica Dominicana.<\/p>\n","protected":false},"excerpt":{"rendered":"<p>Los trabajos entregados incluyen la carretera Santiago\u2013San Jos\u00e9 de las Matas, la primera etapa de la v\u00eda San Jos\u00e9 de las Matas\u2013Pedregal\u2013Los Montones\u2013Gu\u00e1zuma\u2013Aguas Calientes entre otros 21 de Diciembre 2025 San Jos\u00e9 de las Matas.\u2013 Como parte de su compromiso con el&nbsp;fortalecimiento de la conectividad vial,&nbsp;la mejora de la&nbsp;seguridad del tr\u00e1nsito&nbsp;y la dinamizaci\u00f3n del&nbsp;desarrollo econ\u00f3mico [&hellip;]<\/p>\n","protected":false},"author":2,"featured_media":656276,"comment_status":"closed","ping_status":"closed","sticky":true,"template":"","format":"standard","meta":{"footnotes":""},"categories":[20,27],"tags":[1854],"class_list":["post-656275","post","type-post","status-publish","format-standard","has-post-thumbnail","hentry","category-dominicana-hoy","category-portada","tag-presidente-abinader"],"_links":{"self":[{"href":"https:\/\/diariodominicano.com\/index.php?rest_route=\/wp\/v2\/posts\/656275","targetHints":{"allow":["GET"]}}],"collection":[{"href":"https:\/\/diariodominicano.com\/index.php?rest_route=\/wp\/v2\/posts"}],"about":[{"href":"https:\/\/diariodominicano.com\/index.php?rest_route=\/wp\/v2\/types\/post"}],"author":[{"embeddable":true,"href":"https:\/\/diariodominicano.com\/index.php?rest_route=\/wp\/v2\/users\/2"}],"replies":[{"embeddable":true,"href":"https:\/\/diariodominicano.com\/index.php?rest_route=%2Fwp%2Fv2%2Fcomments&post=656275"}],"version-history":[{"count":5,"href":"https:\/\/diariodominicano.com\/index.php?rest_route=\/wp\/v2\/posts\/656275\/revisions"}],"predecessor-version":[{"id":656282,"href":"https:\/\/diariodominicano.com\/index.php?rest_route=\/wp\/v2\/posts\/656275\/revisions\/656282"}],"wp:featuredmedia":[{"embeddable":true,"href":"https:\/\/diariodominicano.com\/index.php?rest_route=\/wp\/v2\/media\/656276"}],"wp:attachment":[{"href":"https:\/\/diariodominicano.com\/index.php?rest_route=%2Fwp%2Fv2%2Fmedia&parent=656275"}],"wp:term":[{"taxonomy":"category","embeddable":true,"href":"https:\/\/diariodominicano.com\/index.php?rest_route=%2Fwp%2Fv2%2Fcategories&post=656275"},{"taxonomy":"post_tag","embeddable":true,"href":"https:\/\/diariodominicano.com\/index.php?rest_route=%2Fwp%2Fv2%2Ftags&post=656275"}],"curies":[{"name":"wp","href":"https:\/\/api.w.org\/{rel}","templated":true}]}}