{"id":65627,"date":"2012-05-22T12:56:53","date_gmt":"2012-05-22T12:56:53","guid":{"rendered":"http:\/\/diariodominicano.ddns.net\/?p=65627"},"modified":"2012-05-22T12:56:53","modified_gmt":"2012-05-22T12:56:53","slug":"caballo-de-troya-se-aduena-de-parque-habanero-en-bienal","status":"publish","type":"post","link":"https:\/\/diariodominicano.com\/?p=65627","title":{"rendered":"Caballo de Troya se adue\u00f1a de parque habanero en bienal"},"content":{"rendered":"<p><body><\/p>\n<p><img decoding=\"async\" src=\"img3\/caballo de troya.jpg\" \/>  <\/p>\n<\/p>\n<p>Por Ana Laura Arbes\u00fa<\/p>\n<\/p>\n<p>La Habana, 22 may (PL), 8:41 am.-  Una r\u00e9plica en madera de casi 10 metros de alto del mitol\u00f3gico Caballo de Troya se emplaza en un parque capitalino, a donde acuden a diario cientos de personas para descubrir qu\u00e9 esconde en su interior esta gigante escultura.<\/p>\n<\/p>\n<p>  Ni guerreros ocultos para ocupar la antigua ciudad de Troya como cuentan las cr\u00f3nicas de Homero, ni cargamentos de armas para su estrat\u00e9gica conquista, la pieza de 11 metros c\u00fabicos de tableros alargados ubica tras una inclinada escalera una peque\u00f1a galer\u00eda, que exhibe obras de j\u00f3venes artistas.<\/p>\n<\/p>\n<p>Proyecto de los cubanos Claudia Hechavarr\u00eda y Alberto Matamoros para la oncena bienal de La Habana, la instalaci\u00f3n se ubica en el parque de 15 y 16 en la barriada del Vedado, sitio que adem\u00e1s tributa al fallecido pintor Wifredo Lam.<\/p>\n<\/p>\n<p>Seis semanas bastaron para el ensamble y montaje de sus piezas, tras dos a\u00f1os de trabajo previo de dise\u00f1os y bocetos para concebir de manera definitiva el proyecto. Le incorporaron adem\u00e1s equipamiento t\u00e9cnico para ofrecer ventilaci\u00f3n e iluminaci\u00f3n.<\/p>\n<\/p>\n<p>Ubicarlo aqu\u00ed tard\u00f3 solo dos d\u00edas. Fue un gran reto, pero contamos adem\u00e1s con la ayuda de mi padre, relat\u00f3 Matamoros a Prensa latina.<\/p>\n<\/p>\n<p>M\u00e1s de 700 personas llegan a diario desde su apertura hace ya una semana. El p\u00fablico hace largas filas y acceden en grupos de 10. La entrada la concebimos de manera din\u00e1mica y muchos incluso sorprendidos, tocan a la puerta a la medianoche para apreciar la muestra aqu\u00ed exhibida.<\/p>\n<\/p>\n<p>Cada semana mostraremos piezas de exponentes de las nuevas generaciones, ese es nuestro objetivo, promover la obra de artistas j\u00f3venes. La pr\u00f3xima, adelant\u00f3, ser\u00e1 de Kelvin Castro, despu\u00e9s estar\u00e1 Omar Yero.<\/p>\n<\/p>\n<p>M\u00e1s all\u00e1 de la gran obra escult\u00f3rica, el Caballo en La Habana se convertir\u00e1 en una galer\u00eda itinerante. Una vez concluida la bienal el pr\u00f3ximo 11 de junio recorrer\u00e1 otros parques habaneros. Nos han propuesto instalarlo en la Plaza Vieja del centro hist\u00f3rico, adelant\u00f3 Matamoros.<\/p>\n<\/p>\n<p>Con otros tres proyectos en mente, el d\u00fao de artistas perfila los detalles de su pr\u00f3ximo trabajo de gran formato: ser\u00e1 una pir\u00e1mide con la misma t\u00f3nica de ubicar un espacio de exhibici\u00f3n en su interior.<\/p>\n<\/p>\n<p>Pero esta escultura monumental, en la que utilizaremos la poli-espuma (derivado del petr\u00f3leo) como soporte, tendr\u00e1 en sus paredes un t\u00edpico solar cubano, detall\u00f3 el artista.<\/p>\n<h6> 2012-05-22 12:56:53 <\/h6>\n<p><!--\n<link rel=\"stylesheet\" href=\"css\/bootstrap.min.css\">\n\n\n<ul class=\"pagination\">\n\t    \n\t\n\n<li >\n\t<a href='?page_no=17304'>Previous<\/a>\n\t<\/li>\n\n\n       \n    \n\n<li><a href='?page_no=1'>1<\/a><\/li>\n\n\n\n<li><a href='?page_no=2'>2<\/a><\/li>\n\n\n\n<li><a>...<\/a><\/li>\n\n\n\n<li><a href='?page_no=17303'>17303<\/a><\/li>\n\n\n\n<li><a href='?page_no=17304'>17304<\/a><\/li>\n\n\n\n<li class='active'><a>17305<\/a><\/li>\n\n\n\n<li><a href='?page_no=17306'>17306<\/a><\/li>\n\n\n\n<li><a href='?page_no=17307'>17307<\/a><\/li>\n\n\n\n<li><a>...<\/a><\/li>\n\n\n\n<li><a href='?page_no=22911'>22911<\/a><\/li>\n\n\n\n<li><a href='?page_no=22912'>22912<\/a><\/li>\n\n    \n\t\n\n<li >\n\t<a href='?page_no=17306'>Next<\/a>\n\t<\/li>\n\n\n    \n\n<li><a href='?page_no=22912'>Last &rsaquo;&rsaquo;<\/a><\/li>\n\n<\/ul>\n\n\n--><br \/>\n<\/body><\/p>\n","protected":false},"excerpt":{"rendered":"<p>Por Ana Laura Arbes\u00fa La Habana, 22 may (PL), 8:41 am.- Una r\u00e9plica en madera de casi 10 metros de alto del mitol\u00f3gico Caballo de Troya se emplaza en un parque capitalino, a donde acuden a diario cientos de personas para descubrir qu\u00e9 esconde en su interior esta gigante escultura. Ni guerreros ocultos para ocupar [&hellip;]<\/p>\n","protected":false},"author":3,"featured_media":0,"comment_status":"open","ping_status":"open","sticky":false,"template":"","format":"standard","meta":{"footnotes":""},"categories":[21],"tags":[],"class_list":["post-65627","post","type-post","status-publish","format-standard","hentry","category-cultura"],"_links":{"self":[{"href":"https:\/\/diariodominicano.com\/index.php?rest_route=\/wp\/v2\/posts\/65627","targetHints":{"allow":["GET"]}}],"collection":[{"href":"https:\/\/diariodominicano.com\/index.php?rest_route=\/wp\/v2\/posts"}],"about":[{"href":"https:\/\/diariodominicano.com\/index.php?rest_route=\/wp\/v2\/types\/post"}],"author":[{"embeddable":true,"href":"https:\/\/diariodominicano.com\/index.php?rest_route=\/wp\/v2\/users\/3"}],"replies":[{"embeddable":true,"href":"https:\/\/diariodominicano.com\/index.php?rest_route=%2Fwp%2Fv2%2Fcomments&post=65627"}],"version-history":[{"count":0,"href":"https:\/\/diariodominicano.com\/index.php?rest_route=\/wp\/v2\/posts\/65627\/revisions"}],"wp:attachment":[{"href":"https:\/\/diariodominicano.com\/index.php?rest_route=%2Fwp%2Fv2%2Fmedia&parent=65627"}],"wp:term":[{"taxonomy":"category","embeddable":true,"href":"https:\/\/diariodominicano.com\/index.php?rest_route=%2Fwp%2Fv2%2Fcategories&post=65627"},{"taxonomy":"post_tag","embeddable":true,"href":"https:\/\/diariodominicano.com\/index.php?rest_route=%2Fwp%2Fv2%2Ftags&post=65627"}],"curies":[{"name":"wp","href":"https:\/\/api.w.org\/{rel}","templated":true}]}}