{"id":65626,"date":"2012-05-22T13:53:19","date_gmt":"2012-05-22T13:53:19","guid":{"rendered":"http:\/\/diariodominicano.ddns.net\/?p=65626"},"modified":"2012-05-22T13:53:19","modified_gmt":"2012-05-22T13:53:19","slug":"teatro-cayena-celebra-su-decimo-quinto-aniversario-con-obra-teatral-de-barro-cemento-y-asfalto","status":"publish","type":"post","link":"https:\/\/diariodominicano.com\/?p=65626","title":{"rendered":"Teatro Cayena celebra su d\u00e9cimo quinto aniversario con obra teatral \u00abDe Barro, Cemento y Asfalto\u00bb"},"content":{"rendered":"<p><body><\/p>\n<p><img decoding=\"async\" src=\"img3\/obra teatral  De Barro, Cemento y Asfalto.JPG\" \/><br \/><img decoding=\"async\" src=\"img3\/obra teatral  De Barro Cemento y Asfalto 1.JPG\" \/>  <\/p>\n<\/p>\n<p>Santo Domingo, RD, 22 mayo, 9:45 am.- La Fundaci\u00f3n Cultural Cayenas contin\u00faa su gira con motivo del d\u00e9cimo quinto aniversario, esta vez la obra teatral \u00abDe Barro, Cemento y Asfalto\u00bb, se present\u00f3 en la Sala Monina Sol\u00e1 del Centro Cultural Narciso Gonz\u00e1lez para unos 200 estudiantes del liceo Uni\u00f3n Panamericana.<\/p>\n<\/p>\n<p>La obra que al inicio ocasion\u00f3 risas entre los jovenes, en algunos momento capt\u00f3 toda la atenci\u00f3n por el drama intenso de los personajes de Chiqui y Mar\u00eda interpretados por los venteranos actores dominicanos: Odeisy Delgado y Alfredo Caraballo, este \u00faltimo, escritor y director de esta puesta en escena, la cual seg\u00fan \u00e9l mismo destaca, es el resultado de un a\u00f1o de investigaci\u00f3n de campo trabajando con ni\u00f1os ni\u00f1as y adolescentes en situaci\u00f3n de calle.<\/p>\n<\/p>\n<p>Una vez m\u00e1s esta obra se llev\u00f3 el  aplauso entusiasta del p\u00fablico en la presentaci\u00f3n No. 11 de esta gira que se viene celebrando durante todo el a\u00f1o.<\/p>\n<\/p>\n<h6> 2012-05-22 13:53:19 <\/h6>\n<p><!--\n<link rel=\"stylesheet\" href=\"css\/bootstrap.min.css\">\n\n\n<ul class=\"pagination\">\n\t    \n\t\n\n<li >\n\t<a href='?page_no=17303'>Previous<\/a>\n\t<\/li>\n\n\n       \n    \n\n<li><a href='?page_no=1'>1<\/a><\/li>\n\n\n\n<li><a href='?page_no=2'>2<\/a><\/li>\n\n\n\n<li><a>...<\/a><\/li>\n\n\n\n<li><a href='?page_no=17302'>17302<\/a><\/li>\n\n\n\n<li><a href='?page_no=17303'>17303<\/a><\/li>\n\n\n\n<li class='active'><a>17304<\/a><\/li>\n\n\n\n<li><a href='?page_no=17305'>17305<\/a><\/li>\n\n\n\n<li><a href='?page_no=17306'>17306<\/a><\/li>\n\n\n\n<li><a>...<\/a><\/li>\n\n\n\n<li><a href='?page_no=22911'>22911<\/a><\/li>\n\n\n\n<li><a href='?page_no=22912'>22912<\/a><\/li>\n\n    \n\t\n\n<li >\n\t<a href='?page_no=17305'>Next<\/a>\n\t<\/li>\n\n\n    \n\n<li><a href='?page_no=22912'>Last &rsaquo;&rsaquo;<\/a><\/li>\n\n<\/ul>\n\n\n--><br \/>\n<\/body><\/p>\n","protected":false},"excerpt":{"rendered":"<p>Santo Domingo, RD, 22 mayo, 9:45 am.- La Fundaci\u00f3n Cultural Cayenas contin\u00faa su gira con motivo del d\u00e9cimo quinto aniversario, esta vez la obra teatral \u00abDe Barro, Cemento y Asfalto\u00bb, se present\u00f3 en la Sala Monina Sol\u00e1 del Centro Cultural Narciso Gonz\u00e1lez para unos 200 estudiantes del liceo Uni\u00f3n Panamericana. La obra que al inicio [&hellip;]<\/p>\n","protected":false},"author":3,"featured_media":0,"comment_status":"open","ping_status":"open","sticky":false,"template":"","format":"standard","meta":{"footnotes":""},"categories":[21],"tags":[],"class_list":["post-65626","post","type-post","status-publish","format-standard","hentry","category-cultura"],"_links":{"self":[{"href":"https:\/\/diariodominicano.com\/index.php?rest_route=\/wp\/v2\/posts\/65626","targetHints":{"allow":["GET"]}}],"collection":[{"href":"https:\/\/diariodominicano.com\/index.php?rest_route=\/wp\/v2\/posts"}],"about":[{"href":"https:\/\/diariodominicano.com\/index.php?rest_route=\/wp\/v2\/types\/post"}],"author":[{"embeddable":true,"href":"https:\/\/diariodominicano.com\/index.php?rest_route=\/wp\/v2\/users\/3"}],"replies":[{"embeddable":true,"href":"https:\/\/diariodominicano.com\/index.php?rest_route=%2Fwp%2Fv2%2Fcomments&post=65626"}],"version-history":[{"count":0,"href":"https:\/\/diariodominicano.com\/index.php?rest_route=\/wp\/v2\/posts\/65626\/revisions"}],"wp:attachment":[{"href":"https:\/\/diariodominicano.com\/index.php?rest_route=%2Fwp%2Fv2%2Fmedia&parent=65626"}],"wp:term":[{"taxonomy":"category","embeddable":true,"href":"https:\/\/diariodominicano.com\/index.php?rest_route=%2Fwp%2Fv2%2Fcategories&post=65626"},{"taxonomy":"post_tag","embeddable":true,"href":"https:\/\/diariodominicano.com\/index.php?rest_route=%2Fwp%2Fv2%2Ftags&post=65626"}],"curies":[{"name":"wp","href":"https:\/\/api.w.org\/{rel}","templated":true}]}}