{"id":65625,"date":"2012-05-22T14:52:24","date_gmt":"2012-05-22T14:52:24","guid":{"rendered":"http:\/\/diariodominicano.ddns.net\/?p=65625"},"modified":"2012-05-22T14:52:24","modified_gmt":"2012-05-22T14:52:24","slug":"carmj-pondra-en-circulacion-la-prueba-en-los-procesos-constitucionales","status":"publish","type":"post","link":"https:\/\/diariodominicano.com\/?p=65625","title":{"rendered":"CARMJ pondr\u00e1 en circulaci\u00f3n \u00abLa Prueba en los Procesos Constitucionales\u00bb"},"content":{"rendered":"<p><body><\/p>\n<\/p>\n<p>Santo Domingo, RD, 22 mayo, 10:49 am.-  El Comisionado de Apoyo a la Reforma y Modernizaci\u00f3n de la Justicia  (CARMJ) pondr\u00e1 en circulaci\u00f3n la obra \u00abLa Prueba en los Procesos Constitucionales\u00bb, de la doctora Ana Giacomette Ferrer, presidenta del Centro Colombiano de Derecho Procesal Constitucional.<\/p>\n<\/p>\n<p>La actividad ser\u00e1 realizada este  mi\u00e9rcoles 23 de mayo de 2012,  a las 6:00 p.m., en el Auditorio Eduardo Latorre de la Canciller\u00eda.<\/p>\n<\/p>\n<p>El programa del acto incluye la conferencia magistral a cargo de la autora, a prop\u00f3sito de las acciones de inconstitucionalidad y de amparo, reguladas por la  Ley Org\u00e1nica del Tribunal Constitucional y los Procesos<\/p>\n<p>Constitucionales  (LOTCPC).<\/p>\n<\/p>\n<p>Giacomette es doctora en Jurisprudencia de la Universidad del Rosario; Magister en Derecho con \u00e9nfasis en Derecho Procesal Constitucional de la Universidad de los Andes.  <\/p>\n<\/p>\n<p>Catedr\u00e1tica  de Derecho Probatorio en las Especializaciones de Derecho Procesal Civil de las Universidades: Rosario, Nacional y Corporaci\u00f3n Universitaria de la Costa; docente de la c\u00e1tedra La Prueba en los Procesos Constitucionales en la Especializaci\u00f3n de Derecho Probatorio de la Universidad del Rosario; catedr\u00e1tica de Derecho Procesal Constitucional en la Especializaci\u00f3n de Derecho Constitucional de la Universidad Javeriana.<\/p>\n<\/p>\n<p> A nivel de Pregrado profesora titular de Derecho probatorio de las Universidades   Rosario, Andes y Fundaci\u00f3n Universitaria del \u00c1rea Andina. <\/p>\n<\/p>\n<p>Asimismo,  es miembro de los  Institutos Iberoamericanos de Derecho Procesal y Procesal Constitucional y del Colegio de Abogados Rosaristas; presidenta del Centro Colombiano de Derecho Procesal Constitucional; Conferencista Nacional e Internacional en temas sobre la ense\u00f1anza del Derecho, Derecho Procesal, Procesal Constitucional, Probatorio y los MASC; Postulada en dos oportunidades (a\u00f1os 2006 y 2007) por el Consejo Superior de la Judicatura, al cargo de magistrada de la Sala de Casaci\u00f3n Civil y Agraria de la Corte Suprema de Justicia, para proveer las vacantes existentes y nominada por la Corte Suprema de Justicia a magistrada de la Corte Constitucional<\/p>\n<\/p>\n<p>Dentro de sus obras publicadas, se encuentran: \u00abTeor\u00eda General de la Prueba Judicial, Consejo Superior de  la Judicatura\u00bb (Escuela Judicial Rodrigo Lara Bonilla. Bogot\u00e1 2003) \u00abLa Prueba en los Procesos Constitucionales\u00bb, (Editorial Senal Editora, Ediciones Uniandes Medell\u00edn,  Febrero de 2007), \u00abIntroducci\u00f3n a la Teor\u00eda General de la Prueba\u00bb, (Editorial Senal Editora  Universidad del Rosario, Medell\u00edn, Agosto de 2009) <\/p>\n<\/p>\n<p>Asimismo, coautora de la obra la Ense\u00f1anza del Derecho Procesal Alternativas de Soluci\u00f3n. Ediciones Librer\u00eda del profesional.  Bogot\u00e1, abril del 2000, adem\u00e1s de innumerables art\u00edculos publicados en las revistas universitarias nacional e internacional. Conciliadora y Arbitro de la C\u00e1mara de Comercio de Bogot\u00e1. <\/p>\n<\/p>\n<\/p>\n<h6> 2012-05-22 14:52:24 <\/h6>\n<p><!--\n<link rel=\"stylesheet\" href=\"css\/bootstrap.min.css\">\n\n\n<ul class=\"pagination\">\n\t    \n\t\n\n<li >\n\t<a href='?page_no=17302'>Previous<\/a>\n\t<\/li>\n\n\n       \n    \n\n<li><a href='?page_no=1'>1<\/a><\/li>\n\n\n\n<li><a href='?page_no=2'>2<\/a><\/li>\n\n\n\n<li><a>...<\/a><\/li>\n\n\n\n<li><a href='?page_no=17301'>17301<\/a><\/li>\n\n\n\n<li><a href='?page_no=17302'>17302<\/a><\/li>\n\n\n\n<li class='active'><a>17303<\/a><\/li>\n\n\n\n<li><a href='?page_no=17304'>17304<\/a><\/li>\n\n\n\n<li><a href='?page_no=17305'>17305<\/a><\/li>\n\n\n\n<li><a>...<\/a><\/li>\n\n\n\n<li><a href='?page_no=22911'>22911<\/a><\/li>\n\n\n\n<li><a href='?page_no=22912'>22912<\/a><\/li>\n\n    \n\t\n\n<li >\n\t<a href='?page_no=17304'>Next<\/a>\n\t<\/li>\n\n\n    \n\n<li><a href='?page_no=22912'>Last &rsaquo;&rsaquo;<\/a><\/li>\n\n<\/ul>\n\n\n--><br \/>\n<\/body><\/p>\n","protected":false},"excerpt":{"rendered":"<p>Santo Domingo, RD, 22 mayo, 10:49 am.- El Comisionado de Apoyo a la Reforma y Modernizaci\u00f3n de la Justicia (CARMJ) pondr\u00e1 en circulaci\u00f3n la obra \u00abLa Prueba en los Procesos Constitucionales\u00bb, de la doctora Ana Giacomette Ferrer, presidenta del Centro Colombiano de Derecho Procesal Constitucional. La actividad ser\u00e1 realizada este mi\u00e9rcoles 23 de mayo de [&hellip;]<\/p>\n","protected":false},"author":3,"featured_media":0,"comment_status":"open","ping_status":"open","sticky":false,"template":"","format":"standard","meta":{"footnotes":""},"categories":[21],"tags":[],"class_list":["post-65625","post","type-post","status-publish","format-standard","hentry","category-cultura"],"_links":{"self":[{"href":"https:\/\/diariodominicano.com\/index.php?rest_route=\/wp\/v2\/posts\/65625","targetHints":{"allow":["GET"]}}],"collection":[{"href":"https:\/\/diariodominicano.com\/index.php?rest_route=\/wp\/v2\/posts"}],"about":[{"href":"https:\/\/diariodominicano.com\/index.php?rest_route=\/wp\/v2\/types\/post"}],"author":[{"embeddable":true,"href":"https:\/\/diariodominicano.com\/index.php?rest_route=\/wp\/v2\/users\/3"}],"replies":[{"embeddable":true,"href":"https:\/\/diariodominicano.com\/index.php?rest_route=%2Fwp%2Fv2%2Fcomments&post=65625"}],"version-history":[{"count":0,"href":"https:\/\/diariodominicano.com\/index.php?rest_route=\/wp\/v2\/posts\/65625\/revisions"}],"wp:attachment":[{"href":"https:\/\/diariodominicano.com\/index.php?rest_route=%2Fwp%2Fv2%2Fmedia&parent=65625"}],"wp:term":[{"taxonomy":"category","embeddable":true,"href":"https:\/\/diariodominicano.com\/index.php?rest_route=%2Fwp%2Fv2%2Fcategories&post=65625"},{"taxonomy":"post_tag","embeddable":true,"href":"https:\/\/diariodominicano.com\/index.php?rest_route=%2Fwp%2Fv2%2Ftags&post=65625"}],"curies":[{"name":"wp","href":"https:\/\/api.w.org\/{rel}","templated":true}]}}