{"id":65622,"date":"2012-05-23T17:03:36","date_gmt":"2012-05-23T17:03:36","guid":{"rendered":"http:\/\/diariodominicano.ddns.net\/?p=65622"},"modified":"2012-05-23T17:03:36","modified_gmt":"2012-05-23T17:03:36","slug":"indagan-sobre-muerte-de-neruda","status":"publish","type":"post","link":"https:\/\/diariodominicano.com\/?p=65622","title":{"rendered":"Indagan sobre muerte de Neruda"},"content":{"rendered":"<p><body><\/p>\n<p><span class=\"text1noticias\">Santiago de Chile, 23 mayo (1:00 pm).- \u00bfC\u00e1ncer terminal, paro card\u00edaco o inyecci\u00f3n letal? Treinta y nueve a\u00f1os despu\u00e9s de la muerte de Pablo Neruda, el periodista espa\u00f1ol Mario Amor\u00f3s desgrana en un nuevo libro los misterios de la muerte del poeta chileno sobre la que se ciernen las sombras de la dictadura.  <\/span><\/p>\n<\/p>\n<p><span class=\"text1noticias\">\u00abEn el libro yo pregunto si Neruda pudo haber sido asesinado, pero no respondo a ello\u00bb, dice a Efe Amor\u00f3s sobre el libro \u00abSombras sobre Isla Negra. La misteriosa muerte de Pablo Neruda\u00bb, que \u00e9l mismo presentar\u00e1 este mi\u00e9rcoles en la capital chilena.<\/span><\/p>\n<\/p>\n<p><span class=\"text1noticias\">El Premio Nobel de Literatura en 1971 falleci\u00f3 en una cl\u00ednica privada de Santiago doce d\u00edas despu\u00e9s del golpe de Estado de Augusto Pinochet, el 23 de septiembre de 1973, debido oficialmente a un avanzado c\u00e1ncer de pr\u00f3stata, seg\u00fan consta tanto en el certificado como en el acta de defunci\u00f3n.<\/span><\/p>\n<\/p>\n<p><span class=\"text1noticias\">Sin embargo su tercera mujer, Matilde Urrutia, sostuvo durante los doce a\u00f1os que le sobrevivi\u00f3 que al autor de \u00abCancionero general\u00bb \u00abno le mat\u00f3 el c\u00e1ncer\u00bb, sino que su fallecimiento se debi\u00f3 a un paro card\u00edaco.<\/span><\/p>\n<\/p>\n<p><span class=\"text1noticias\">\u00abEs muy sorprendente descubrir c\u00f3mo Matilde Urrutia no dio cr\u00e9dito a que la causa de muerte fuera el c\u00e1ncer.<\/span><\/p>\n<\/p>\n<p><span class=\"text1noticias\">Habl\u00f3 simplemente de un paro card\u00edaco. (Aun as\u00ed), ella jam\u00e1s denunci\u00f3 que su marido hubiera sido asesinado\u00bb, recalca Amor\u00f3s.<\/span><\/p>\n<\/p>\n<p><span class=\"text1noticias\">Esa versi\u00f3n es la que defiende Manuel Araya, antiguo ch\u00f3fer de Neruda que actualmente vive en la localidad costera de San Antonio, y que en 2011, en una entrevista a la revista mexicana Proceso, insisti\u00f3 en que Neruda fue asesinado por agentes del r\u00e9gimen. <\/span><\/p>\n<\/p>\n<p><span class=\"text1noticias\">Su hip\u00f3tesis recuerda al caso del expresidente Eduardo Frei Montalva (1964-1970), que falleci\u00f3 en 1982 en la misma cl\u00ednica, la Santa Mar\u00eda, cuando encabezaba una incipiente oposici\u00f3n al r\u00e9gimen.<\/span><\/p>\n<\/p>\n<p><span class=\"text1noticias\">Oficialmente, su muerte se debi\u00f3 a una septicemia, pero desde 2009 la Justicia investiga si en realidad se debi\u00f3 a un homicidio por envenenamiento.<\/span><\/p>\n<\/p>\n<p><span class=\"text1noticias\">En el caso de Neruda, fue la denuncia del ch\u00f3fer lo que dio lugar a que el Partido Comunista, en el que Neruda milit\u00f3, presentara en mayo de 2011 una querella que fue admitida por la Justicia, con lo que se abri\u00f3 as\u00ed una investigaci\u00f3n sobre su muerte.<\/span><\/p>\n<\/p>\n<p><span class=\"text1noticias\">En esa indagatoria, el juez Mario Carroza se ha topado con que ninguno de los tres centros hospitalarios en que Neruda fue atendido durante 1973 conservan sus informes m\u00e9dicos, pese a que la ley obliga a mantenerlos durante 40 a\u00f1os, dice Amor\u00f3s. <\/span><\/p>\n<\/p>\n<p><span class=\"text1noticias\">\u00abLa tesis del libro es que la muerte de Pablo Neruda es una muerte envuelta en el misterio. Hay una infinidad de interrogantes sobre si pudo ser asesinado, como sostiene su ch\u00f3fer e investiga ahora el juez Mario Carroza, o si es una muerte natural\u00bb, se\u00f1ala.<\/span><\/p>\n<\/p>\n<p><span class=\"text1noticias\">\u00abEn ese \u00faltimo caso, desde mi punto de vista, habr\u00eda sido inducido por el terrible sufrimiento que supuso para \u00e9l el golpe de Estado\u00bb, a\u00f1ade el autor, que ha escrito varios vol\u00famenes dedicados a Chile, entre ellos, \u00abAntonio Llid\u00f3, un sacerdote revolucionario\u00bb.  <\/span><\/p>\n<\/p>\n<p><span class=\"text1noticias\">En este nuevo libro recorre el \u00faltimo a\u00f1o de vida del poeta desde su regreso a Chile como embajador en Francia en noviembre de 1972 hasta su muerte y entierro.<\/span><\/p>\n<\/p>\n<p><span class=\"text1noticias\">Adem\u00e1s, el \u00faltimo cap\u00edtulo repasa la vida de su viuda Matilde Urrutia hasta su deceso, en 1985.   De todo el relato, los hechos clave se concentran en los dos \u00faltimos d\u00edas de vida del poeta, aunque sus principales testigos, Matilde Urrutia y Manuel Araya, difieren en sus relatos.<\/span><\/p>\n<\/p>\n<p><span class=\"text1noticias\">Seg\u00fan la versi\u00f3n de Araya, el 23 de septiembre, Pablo Neruda les pidi\u00f3 a Urrutia y a \u00e9l que viajaran a Isla Negra para recoger algunas pertenencias de la casa que pose\u00edan en esa apacible localidad del litoral chileno, a unos 100 kil\u00f3metros de Santiago.  <\/span><\/p>\n<\/p>\n<p><span class=\"text1noticias\">Neruda y su mujer se dispon\u00edan a partir al exilio en M\u00e9xico tras recibir una invitaci\u00f3n a trav\u00e9s del entonces embajador de ese pa\u00eds, Gonzalo Mart\u00ednez Corbal\u00e1.   Cuando estaban en Isla Negra, \u00abrecibieron una llamada de Pablo Neruda, que les alert\u00f3 de que le hab\u00edan colocado una misteriosa inyecci\u00f3n en el est\u00f3mago\u00bb, relata Amor\u00f3s. <\/span><\/p>\n<\/p>\n<p><span class=\"text1noticias\">Al retornar a Santiago, encontraron a Neruda con fiebre. Un m\u00e9dico pidi\u00f3 entonces a Araya que saliera a buscar un medicamento fuera y en ese momento fue detenido y conducido al Estadio Nacional, donde fue torturado.<\/span><\/p>\n<\/p>\n<p><span class=\"text1noticias\">En cambio, Urrutia siempre afirm\u00f3 que el viaje a Isla Negra se produjo un d\u00eda antes, el 22 de septiembre, y que al regresar a la capital encontraron a Neruda muy alterado y afectado por las noticias sobre la sangrienta represi\u00f3n del r\u00e9gimen.AD<\/span>.- <\/p>\n<\/p>\n<\/p>\n<h6> 2012-05-23 17:03:36 <\/h6>\n<p><!--\n<link rel=\"stylesheet\" href=\"css\/bootstrap.min.css\">\n\n\n<ul class=\"pagination\">\n\t    \n\t\n\n<li >\n\t<a href='?page_no=17299'>Previous<\/a>\n\t<\/li>\n\n\n       \n    \n\n<li><a href='?page_no=1'>1<\/a><\/li>\n\n\n\n<li><a href='?page_no=2'>2<\/a><\/li>\n\n\n\n<li><a>...<\/a><\/li>\n\n\n\n<li><a href='?page_no=17298'>17298<\/a><\/li>\n\n\n\n<li><a href='?page_no=17299'>17299<\/a><\/li>\n\n\n\n<li class='active'><a>17300<\/a><\/li>\n\n\n\n<li><a href='?page_no=17301'>17301<\/a><\/li>\n\n\n\n<li><a href='?page_no=17302'>17302<\/a><\/li>\n\n\n\n<li><a>...<\/a><\/li>\n\n\n\n<li><a href='?page_no=22911'>22911<\/a><\/li>\n\n\n\n<li><a href='?page_no=22912'>22912<\/a><\/li>\n\n    \n\t\n\n<li >\n\t<a href='?page_no=17301'>Next<\/a>\n\t<\/li>\n\n\n    \n\n<li><a href='?page_no=22912'>Last &rsaquo;&rsaquo;<\/a><\/li>\n\n<\/ul>\n\n\n--><br \/>\n<\/body><\/p>\n","protected":false},"excerpt":{"rendered":"<p>Santiago de Chile, 23 mayo (1:00 pm).- \u00bfC\u00e1ncer terminal, paro card\u00edaco o inyecci\u00f3n letal? Treinta y nueve a\u00f1os despu\u00e9s de la muerte de Pablo Neruda, el periodista espa\u00f1ol Mario Amor\u00f3s desgrana en un nuevo libro los misterios de la muerte del poeta chileno sobre la que se ciernen las sombras de la dictadura. \u00abEn el [&hellip;]<\/p>\n","protected":false},"author":3,"featured_media":0,"comment_status":"open","ping_status":"open","sticky":false,"template":"","format":"standard","meta":{"footnotes":""},"categories":[21],"tags":[],"class_list":["post-65622","post","type-post","status-publish","format-standard","hentry","category-cultura"],"_links":{"self":[{"href":"https:\/\/diariodominicano.com\/index.php?rest_route=\/wp\/v2\/posts\/65622","targetHints":{"allow":["GET"]}}],"collection":[{"href":"https:\/\/diariodominicano.com\/index.php?rest_route=\/wp\/v2\/posts"}],"about":[{"href":"https:\/\/diariodominicano.com\/index.php?rest_route=\/wp\/v2\/types\/post"}],"author":[{"embeddable":true,"href":"https:\/\/diariodominicano.com\/index.php?rest_route=\/wp\/v2\/users\/3"}],"replies":[{"embeddable":true,"href":"https:\/\/diariodominicano.com\/index.php?rest_route=%2Fwp%2Fv2%2Fcomments&post=65622"}],"version-history":[{"count":0,"href":"https:\/\/diariodominicano.com\/index.php?rest_route=\/wp\/v2\/posts\/65622\/revisions"}],"wp:attachment":[{"href":"https:\/\/diariodominicano.com\/index.php?rest_route=%2Fwp%2Fv2%2Fmedia&parent=65622"}],"wp:term":[{"taxonomy":"category","embeddable":true,"href":"https:\/\/diariodominicano.com\/index.php?rest_route=%2Fwp%2Fv2%2Fcategories&post=65622"},{"taxonomy":"post_tag","embeddable":true,"href":"https:\/\/diariodominicano.com\/index.php?rest_route=%2Fwp%2Fv2%2Ftags&post=65622"}],"curies":[{"name":"wp","href":"https:\/\/api.w.org\/{rel}","templated":true}]}}