{"id":65621,"date":"2012-05-23T18:58:59","date_gmt":"2012-05-23T18:58:59","guid":{"rendered":"http:\/\/diariodominicano.ddns.net\/?p=65621"},"modified":"2012-05-23T18:58:59","modified_gmt":"2012-05-23T18:58:59","slug":"todos-los-cuentos-de-garcia-marquez-juntos-en-un-volumen-por-primera-vez","status":"publish","type":"post","link":"https:\/\/diariodominicano.com\/?p=65621","title":{"rendered":"\u00abTodos los Cuentos\u00bb, de Garc\u00eda M\u00e1rquez, juntos en un volumen por primera vez"},"content":{"rendered":"<p><body><\/p>\n<p>Madri .23 mayo (3:00 pm)._ \u00abTodos los cuentos\u00bb, de Gabriel Garc\u00eda M\u00e1rquez, saldr\u00e1n ma\u00f1ana a la venta en Espa\u00f1a y en Am\u00e9rica Latina, por primera vez, en un solo volumen editado por Mondadori, una publicaci\u00f3n en la que se re\u00fanen 41 relatos imprescindibles que recorren la trayectoria del autor de \u00abCien a\u00f1os de soledad\u00bb.<\/p>\n<\/p>\n<p>La obra del Premio Nobel de Literatura, que se publica coincidiendo con la inauguraci\u00f3n de la Feria del Libro de Madrid, constituye un importante legado, con el que la editorial llega al n\u00famero 500 de Literatura Mondadori, la colecci\u00f3n literaria buque insignia del ese sello.<\/p>\n<\/p>\n<p>\u00abTodos los cuentos\u00bb encarna la esencia de esta editorial: calidad literaria, rigor y prestigio, apunta Mondadori; y para celebrarlo ha recuperado la cubierta original de la obra, con la que se rinde homenaje a una edici\u00f3n hoy inexistente y que recog\u00eda los cuentos de Gabriel Garc\u00eda M\u00e1rquez hasta los a\u00f1os setenta.<\/p>\n<\/p>\n<p>El lector encontrar\u00e1 en \u00abTodos los cuentos\u00bb sus relatos tempranos recogidos bajo el t\u00edtulo \u00abOjos de perro azul\u00bb, en los que se incluye \u00abMon\u00f3logo de Isabel viendo llover en Macondo\u00bb.<\/p>\n<\/p>\n<p>Con Macondo, ese espacio universal de la literatura, se inauguraron los a\u00f1os del realismo m\u00e1gico y de sus personajes.<\/p>\n<\/p>\n<p>De esta etapa, en plena madurez del autor, proceden sus libros de cuentos \u00abLos funerales de la Mam\u00e1 Grande\u00bb, donde se narran las fastuosas exequias de la gran mujer de Macondo, y \u00abLa incre\u00edble y triste historia de la c\u00e1ndida Er\u00e9ndida y de su abuela desalmada\u00bb.<\/p>\n<\/p>\n<p>Los relatos m\u00e1s recientes, los de \u00abDoce cuentos peregrinos\u00bb, trasladan el escenario a Europa para hablar al lector de la suerte de los latinoamericanos emigrados, de su melancol\u00eda y su tenacidad.<\/p>\n<\/p>\n<p>Gabriel Garc\u00eda M\u00e1rquez, nacido en Colombia en 1927, es una de las figuras m\u00e1s importantes e influyentes de la literatura universal.<\/p>\n<\/p>\n<p>Ganador del Premio Nobel de Literatura en 1982, es adem\u00e1s cuentista, ensayista, cr\u00edtico cinematogr\u00e1fico, autor de guiones y, sobre todo, un intelectual comprometido con los grandes problemas actuales.<\/p>\n<\/p>\n<p>M\u00e1xima figura del llamado \u00abrealismo m\u00e1gico\u00bb, entre sus novelas m\u00e1s importantes figuran \u00abCien a\u00f1os de soledad\u00bb, \u00abEl coronel no tiene quien le escriba\u00bb, \u00abCr\u00f3nica de una muerte anunciada\u00bb, \u00abLa mala hora\u00bb, \u00abEl general en su laberinto\u00bb, \u00abEl amor en los tiempos de c\u00f3lera\u00bb o \u00abDiatriba de amor contra un hombre sentado\u00bb.<\/p>\n<\/p>\n<p>En el a\u00f1o 2002 public\u00f3 la primera parte de su autobiograf\u00eda, \u00abVivir para contarla\u00bb, y en 2010 un compendio de sus discursos m\u00e1s c\u00e9lebres, \u00abYo no vengo a decir un discurso\u00bb.JB<\/p>\n<h6> 2012-05-23 18:58:59 <\/h6>\n<p><!--\n<link rel=\"stylesheet\" href=\"css\/bootstrap.min.css\">\n\n\n<ul class=\"pagination\">\n\t    \n\t\n\n<li >\n\t<a href='?page_no=17298'>Previous<\/a>\n\t<\/li>\n\n\n       \n    \n\n<li><a href='?page_no=1'>1<\/a><\/li>\n\n\n\n<li><a href='?page_no=2'>2<\/a><\/li>\n\n\n\n<li><a>...<\/a><\/li>\n\n\n\n<li><a href='?page_no=17297'>17297<\/a><\/li>\n\n\n\n<li><a href='?page_no=17298'>17298<\/a><\/li>\n\n\n\n<li class='active'><a>17299<\/a><\/li>\n\n\n\n<li><a href='?page_no=17300'>17300<\/a><\/li>\n\n\n\n<li><a href='?page_no=17301'>17301<\/a><\/li>\n\n\n\n<li><a>...<\/a><\/li>\n\n\n\n<li><a href='?page_no=22911'>22911<\/a><\/li>\n\n\n\n<li><a href='?page_no=22912'>22912<\/a><\/li>\n\n    \n\t\n\n<li >\n\t<a href='?page_no=17300'>Next<\/a>\n\t<\/li>\n\n\n    \n\n<li><a href='?page_no=22912'>Last &rsaquo;&rsaquo;<\/a><\/li>\n\n<\/ul>\n\n\n--><br \/>\n<\/body><\/p>\n","protected":false},"excerpt":{"rendered":"<p>Madri .23 mayo (3:00 pm)._ \u00abTodos los cuentos\u00bb, de Gabriel Garc\u00eda M\u00e1rquez, saldr\u00e1n ma\u00f1ana a la venta en Espa\u00f1a y en Am\u00e9rica Latina, por primera vez, en un solo volumen editado por Mondadori, una publicaci\u00f3n en la que se re\u00fanen 41 relatos imprescindibles que recorren la trayectoria del autor de \u00abCien a\u00f1os de soledad\u00bb. La [&hellip;]<\/p>\n","protected":false},"author":3,"featured_media":0,"comment_status":"open","ping_status":"open","sticky":false,"template":"","format":"standard","meta":{"footnotes":""},"categories":[21],"tags":[],"class_list":["post-65621","post","type-post","status-publish","format-standard","hentry","category-cultura"],"_links":{"self":[{"href":"https:\/\/diariodominicano.com\/index.php?rest_route=\/wp\/v2\/posts\/65621","targetHints":{"allow":["GET"]}}],"collection":[{"href":"https:\/\/diariodominicano.com\/index.php?rest_route=\/wp\/v2\/posts"}],"about":[{"href":"https:\/\/diariodominicano.com\/index.php?rest_route=\/wp\/v2\/types\/post"}],"author":[{"embeddable":true,"href":"https:\/\/diariodominicano.com\/index.php?rest_route=\/wp\/v2\/users\/3"}],"replies":[{"embeddable":true,"href":"https:\/\/diariodominicano.com\/index.php?rest_route=%2Fwp%2Fv2%2Fcomments&post=65621"}],"version-history":[{"count":0,"href":"https:\/\/diariodominicano.com\/index.php?rest_route=\/wp\/v2\/posts\/65621\/revisions"}],"wp:attachment":[{"href":"https:\/\/diariodominicano.com\/index.php?rest_route=%2Fwp%2Fv2%2Fmedia&parent=65621"}],"wp:term":[{"taxonomy":"category","embeddable":true,"href":"https:\/\/diariodominicano.com\/index.php?rest_route=%2Fwp%2Fv2%2Fcategories&post=65621"},{"taxonomy":"post_tag","embeddable":true,"href":"https:\/\/diariodominicano.com\/index.php?rest_route=%2Fwp%2Fv2%2Ftags&post=65621"}],"curies":[{"name":"wp","href":"https:\/\/api.w.org\/{rel}","templated":true}]}}