{"id":65620,"date":"2012-05-23T19:03:12","date_gmt":"2012-05-23T19:03:12","guid":{"rendered":"http:\/\/diariodominicano.ddns.net\/?p=65620"},"modified":"2012-05-23T19:03:12","modified_gmt":"2012-05-23T19:03:12","slug":"iii-edicion-concurso-de-belly-dance","status":"publish","type":"post","link":"https:\/\/diariodominicano.com\/?p=65620","title":{"rendered":"III edici\u00f3n concurso de Belly Dance"},"content":{"rendered":"<p><body><\/p>\n<p>Santo Domingo. 23 mayo (3:07 pm)._ Todo listo para recibir este pr\u00f3ximo 21 de junio las candidatas y delegados nacionales e internacionales que formar\u00e1n parte del \u00bb3er Concurso de Belly Dance\u00bb, el cual se llevar\u00e1 a cabo del 21 al 24 de Junio del presente en el Hotel Barcel\u00f3 Dominican Beach.<\/p>\n<\/p>\n<p>El ya citado complejo ha preparado un programa especial enfocado al tema del concurso, incluyendo sorpresas para sus hu\u00e9spedes, tardes bohemias, una tradicional noche \u00e1rabe, m\u00fasica en vivo y fiestas tem\u00e1ticas. El certamen final se realizar\u00e1 la noche del s\u00e1bado 23 de Junio en el teatro principal de este hotel donde se entregar\u00e1n grandes premios a las cuatro mejores categor\u00edas de danzas.<\/p>\n<\/p>\n<p>El mismo estar\u00e1 bajo la direcci\u00f3n de la escuela \u00abIndhira Belly Dance Center\u00bb dirigida por su directora, Indira Mart\u00ednez, quien organiza una presentaci\u00f3n especial conjuntamente con escuelas de danzas internacionales que ser\u00e1 sin duda un importante espect\u00e1culo.JB<\/p>\n<h6> 2012-05-23 19:03:12 <\/h6>\n<p><!--\n<link rel=\"stylesheet\" href=\"css\/bootstrap.min.css\">\n\n\n<ul class=\"pagination\">\n\t    \n\t\n\n<li >\n\t<a href='?page_no=17297'>Previous<\/a>\n\t<\/li>\n\n\n       \n    \n\n<li><a href='?page_no=1'>1<\/a><\/li>\n\n\n\n<li><a href='?page_no=2'>2<\/a><\/li>\n\n\n\n<li><a>...<\/a><\/li>\n\n\n\n<li><a href='?page_no=17296'>17296<\/a><\/li>\n\n\n\n<li><a href='?page_no=17297'>17297<\/a><\/li>\n\n\n\n<li class='active'><a>17298<\/a><\/li>\n\n\n\n<li><a href='?page_no=17299'>17299<\/a><\/li>\n\n\n\n<li><a href='?page_no=17300'>17300<\/a><\/li>\n\n\n\n<li><a>...<\/a><\/li>\n\n\n\n<li><a href='?page_no=22911'>22911<\/a><\/li>\n\n\n\n<li><a href='?page_no=22912'>22912<\/a><\/li>\n\n    \n\t\n\n<li >\n\t<a href='?page_no=17299'>Next<\/a>\n\t<\/li>\n\n\n    \n\n<li><a href='?page_no=22912'>Last &rsaquo;&rsaquo;<\/a><\/li>\n\n<\/ul>\n\n\n--><br \/>\n<\/body><\/p>\n","protected":false},"excerpt":{"rendered":"<p>Santo Domingo. 23 mayo (3:07 pm)._ Todo listo para recibir este pr\u00f3ximo 21 de junio las candidatas y delegados nacionales e internacionales que formar\u00e1n parte del \u00bb3er Concurso de Belly Dance\u00bb, el cual se llevar\u00e1 a cabo del 21 al 24 de Junio del presente en el Hotel Barcel\u00f3 Dominican Beach. El ya citado complejo [&hellip;]<\/p>\n","protected":false},"author":3,"featured_media":0,"comment_status":"open","ping_status":"open","sticky":false,"template":"","format":"standard","meta":{"footnotes":""},"categories":[21],"tags":[],"class_list":["post-65620","post","type-post","status-publish","format-standard","hentry","category-cultura"],"_links":{"self":[{"href":"https:\/\/diariodominicano.com\/index.php?rest_route=\/wp\/v2\/posts\/65620","targetHints":{"allow":["GET"]}}],"collection":[{"href":"https:\/\/diariodominicano.com\/index.php?rest_route=\/wp\/v2\/posts"}],"about":[{"href":"https:\/\/diariodominicano.com\/index.php?rest_route=\/wp\/v2\/types\/post"}],"author":[{"embeddable":true,"href":"https:\/\/diariodominicano.com\/index.php?rest_route=\/wp\/v2\/users\/3"}],"replies":[{"embeddable":true,"href":"https:\/\/diariodominicano.com\/index.php?rest_route=%2Fwp%2Fv2%2Fcomments&post=65620"}],"version-history":[{"count":0,"href":"https:\/\/diariodominicano.com\/index.php?rest_route=\/wp\/v2\/posts\/65620\/revisions"}],"wp:attachment":[{"href":"https:\/\/diariodominicano.com\/index.php?rest_route=%2Fwp%2Fv2%2Fmedia&parent=65620"}],"wp:term":[{"taxonomy":"category","embeddable":true,"href":"https:\/\/diariodominicano.com\/index.php?rest_route=%2Fwp%2Fv2%2Fcategories&post=65620"},{"taxonomy":"post_tag","embeddable":true,"href":"https:\/\/diariodominicano.com\/index.php?rest_route=%2Fwp%2Fv2%2Ftags&post=65620"}],"curies":[{"name":"wp","href":"https:\/\/api.w.org\/{rel}","templated":true}]}}