{"id":65619,"date":"2012-05-23T19:07:02","date_gmt":"2012-05-23T19:07:02","guid":{"rendered":"http:\/\/diariodominicano.ddns.net\/?p=65619"},"modified":"2012-05-23T19:07:02","modified_gmt":"2012-05-23T19:07:02","slug":"elsa-nunez-retrospectiva-1962-2012-al-museo-de-arte-moderno","status":"publish","type":"post","link":"https:\/\/diariodominicano.com\/?p=65619","title":{"rendered":"Elsa N\u00fa\u00f1ez: Retrospectiva 1962-2012, al Museo de Arte Moderno"},"content":{"rendered":"<p><body><\/p>\n<p>Santo Domingo.23 mayo (3:10 pm )._ El Museo de Arte Moderno, inaugurar\u00e1 el pr\u00f3ximo 5 de junio a las 8:00 de la noche la muestra \u00abElsa N\u00fa\u00f1ez: Retrospectiva 1962-2012\u00bb, integrada por 120 obras pict\u00f3ricas, en la que el espectador podr\u00e1 constatar la evoluci\u00f3n pl\u00e1stica de la renombrada artista, que posee uno de los lenguajes pl\u00e1sticos m\u00e1s l\u00facidos y celebrados en el pa\u00eds y en el exterior, conquistando premiaciones y \u00e9xitos expositivos, en museos, ferias de arte y bienales. <\/p>\n<\/p>\n<p>El cr\u00edtico de arte, Abil Peralta Ag\u00fcero, (ADCA\/AICA) en la monograf\u00eda: \u00abClaves para el desciframiento est\u00e9tico del lenguaje pict\u00f3rico de una artista trascendente\u00bb, afirma que \u00aben la conformaci\u00f3n del pensamiento visual y valores epistemol\u00f3gicos, que sustentan la estructura formales y c\u00e1non est\u00e9tico de la consagrada pintora dominicana Elsa N\u00fa\u00f1ez, inciden una serie de fen\u00f3menos multifactoriales que est\u00e1n directamente asociados a su personalidad creadora, a su relaci\u00f3n con la historia del arte, a su formaci\u00f3n pict\u00f3rica desde la academia nacional e internacional, desde su personal visi\u00f3n sobre la funci\u00f3n human\u00edstica y social del arte, ampliada con su formaci\u00f3n filos\u00f3fica que refuerza su formaci\u00f3n est\u00e9tica integrada de las artes visuales, para destacar su capacidad para explorar la naturaleza, la conciencia, la condici\u00f3n humana, materia esencial del repertorio iconogr\u00e1fico de su pintura.\u00bb<\/p>\n<\/p>\n<p>Elsa N\u00fa\u00f1ez, naci\u00f3 en Santo Domingo, estudi\u00f3 filosof\u00eda en la Universidad Aut\u00f3noma de Santo Domingo, y arte, en la Escuela Nacional de Bellas Artes y post grado en la Academia de San Fernando y el C\u00edrculo de Bellas Artes en Madrid Espa\u00f1a; fue becada junto a su esposo \u00c1ngel Hach\u00e9 para visitar Espa\u00f1a y Francia en viaje de animadores culturales, fue directora de la sala Pa\u00fal Guidicelli de Casa de Teatro y presidenta del Colegio Dominicano de Artistas Pl\u00e1sticos (CODAP).<\/p>\n<\/p>\n<p>Ha presentado 48 individuales y cientos de colectivas, exponiendo en importantes galer\u00edas y museos del mundo, en lugares como Espa\u00f1a (Instituto de Cultura Hisp\u00e1nica), Colegio Mayor Guadalupe, Par\u00eds, Londres, Michigan, La Habana, y cuelga obras en el Museo de Ponce (Puerto Rico), Palacio de Bellas Artes (Santo Domingo), ha participado en la Bienal de Venecia, Bienal de Cuba, Bienal de Sao Paulo, por su trabajo art\u00edstico a conquistado galardones como el premio Independencia de Cultura, otorgado por la Embajada y la Casa de Espa\u00f1a, y el Gran Caonabo de Oro. <\/p>\n<\/p>\n<p>Tambi\u00e9n fue galardonada por el Concurso E. Le\u00f3n Jim\u00e9nes, de Santiago de los Caballero, as\u00ed como del Palacio de Bellas Artes y el premio a la excelencia profesional, otorgado por el presidente Leonel Fern\u00e1ndez. Ha realizado varios murales de arte p\u00fablico, entre ellos, \u00abHomenaje a las Hermanas Mirabal\u00bb en el obelisco del malec\u00f3n de Santo Domingo.<\/p>\n<\/p>\n<p>\u00abElsa: Retrospectiva 1962-2012\u00bb ser\u00e1 clausurada el 13 de agosto, y se podr\u00e1 visitar en horarios de 9:00 a 5:00 p.m. de martes a domingo.JB<\/p>\n<h6> 2012-05-23 19:07:02 <\/h6>\n<p><!--\n<link rel=\"stylesheet\" href=\"css\/bootstrap.min.css\">\n\n\n<ul class=\"pagination\">\n\t    \n\t\n\n<li >\n\t<a href='?page_no=17296'>Previous<\/a>\n\t<\/li>\n\n\n       \n    \n\n<li><a href='?page_no=1'>1<\/a><\/li>\n\n\n\n<li><a href='?page_no=2'>2<\/a><\/li>\n\n\n\n<li><a>...<\/a><\/li>\n\n\n\n<li><a href='?page_no=17295'>17295<\/a><\/li>\n\n\n\n<li><a href='?page_no=17296'>17296<\/a><\/li>\n\n\n\n<li class='active'><a>17297<\/a><\/li>\n\n\n\n<li><a href='?page_no=17298'>17298<\/a><\/li>\n\n\n\n<li><a href='?page_no=17299'>17299<\/a><\/li>\n\n\n\n<li><a>...<\/a><\/li>\n\n\n\n<li><a href='?page_no=22911'>22911<\/a><\/li>\n\n\n\n<li><a href='?page_no=22912'>22912<\/a><\/li>\n\n    \n\t\n\n<li >\n\t<a href='?page_no=17298'>Next<\/a>\n\t<\/li>\n\n\n    \n\n<li><a href='?page_no=22912'>Last &rsaquo;&rsaquo;<\/a><\/li>\n\n<\/ul>\n\n\n--><br \/>\n<\/body><\/p>\n","protected":false},"excerpt":{"rendered":"<p>Santo Domingo.23 mayo (3:10 pm )._ El Museo de Arte Moderno, inaugurar\u00e1 el pr\u00f3ximo 5 de junio a las 8:00 de la noche la muestra \u00abElsa N\u00fa\u00f1ez: Retrospectiva 1962-2012\u00bb, integrada por 120 obras pict\u00f3ricas, en la que el espectador podr\u00e1 constatar la evoluci\u00f3n pl\u00e1stica de la renombrada artista, que posee uno de los lenguajes pl\u00e1sticos [&hellip;]<\/p>\n","protected":false},"author":3,"featured_media":0,"comment_status":"open","ping_status":"open","sticky":false,"template":"","format":"standard","meta":{"footnotes":""},"categories":[21],"tags":[],"class_list":["post-65619","post","type-post","status-publish","format-standard","hentry","category-cultura"],"_links":{"self":[{"href":"https:\/\/diariodominicano.com\/index.php?rest_route=\/wp\/v2\/posts\/65619","targetHints":{"allow":["GET"]}}],"collection":[{"href":"https:\/\/diariodominicano.com\/index.php?rest_route=\/wp\/v2\/posts"}],"about":[{"href":"https:\/\/diariodominicano.com\/index.php?rest_route=\/wp\/v2\/types\/post"}],"author":[{"embeddable":true,"href":"https:\/\/diariodominicano.com\/index.php?rest_route=\/wp\/v2\/users\/3"}],"replies":[{"embeddable":true,"href":"https:\/\/diariodominicano.com\/index.php?rest_route=%2Fwp%2Fv2%2Fcomments&post=65619"}],"version-history":[{"count":0,"href":"https:\/\/diariodominicano.com\/index.php?rest_route=\/wp\/v2\/posts\/65619\/revisions"}],"wp:attachment":[{"href":"https:\/\/diariodominicano.com\/index.php?rest_route=%2Fwp%2Fv2%2Fmedia&parent=65619"}],"wp:term":[{"taxonomy":"category","embeddable":true,"href":"https:\/\/diariodominicano.com\/index.php?rest_route=%2Fwp%2Fv2%2Fcategories&post=65619"},{"taxonomy":"post_tag","embeddable":true,"href":"https:\/\/diariodominicano.com\/index.php?rest_route=%2Fwp%2Fv2%2Ftags&post=65619"}],"curies":[{"name":"wp","href":"https:\/\/api.w.org\/{rel}","templated":true}]}}