{"id":65617,"date":"2012-05-24T12:38:02","date_gmt":"2012-05-24T12:38:02","guid":{"rendered":"http:\/\/diariodominicano.ddns.net\/?p=65617"},"modified":"2012-05-24T12:38:02","modified_gmt":"2012-05-24T12:38:02","slug":"afamado-mimo-y-bailarin-finlandes-actuara-en-festival-en-caracas","status":"publish","type":"post","link":"https:\/\/diariodominicano.com\/?p=65617","title":{"rendered":"Afamado mimo y bailar\u00edn finland\u00e9s actuar\u00e1 en festival en Caracas"},"content":{"rendered":"<p><body><\/p>\n<p><img decoding=\"async\" src=\"img3\/Adam Darius mimo.jpg\" \/>  <\/p>\n<p>Caracas, 24 may (PL), 8:37 am.-  El Festival Mundial de Solos y Duetos, en su octava edici\u00f3n, acoger\u00e1 hoy al afamado mimo y bailar\u00edn finland\u00e9s Adam Darius, en el Teatro Principal de Caracas, ubicado en el centro hist\u00f3rico de esta capital.<\/p>\n<\/p>\n<p>Junto a su compa\u00f1ero Kazimir Kolesnik, ambos artistas deleitar\u00e1n al p\u00fablico asistente con las obras Belleza, El Prisionero, Pierrot en el exilio y Basho: Un esp\u00edritu azotado por el viento, piezas teatrales que se basan en la expresi\u00f3n corporal y el teatro f\u00edsico, y datan desde la antig\u00fcedad griega y romana.<\/p>\n<\/p>\n<p>Darius, uno de los mimos (imitador) m\u00e1s importantes del mundo, ha recorrido 85 pa\u00edses. Desde el Himalaya, en Nepal a la monta\u00f1a Pan de Az\u00facar en Brasil, y desde Surabaya en Java a la isla africana de Madagascar, sigue inspirando a las sucesivas generaciones.<\/p>\n<\/p>\n<p>Considerado el autor m\u00e1s prol\u00edfico del mundo de la danza, con una veintena de obras de teatro escritas y 14 libros publicados con diversidad de temas, este artista particip\u00f3 por primera vez, en la sexta edici\u00f3n de este festival realizada en 2009, en la isla de Margarita, estado Nueva Esparta, donde logr\u00f3 cautivar a los espectadores con su espontaneidad y profesionalismo.<\/p>\n<\/p>\n<p>Este encuentro internacional, espacio de intercambio para core\u00f3grafos e int\u00e9rpretes del movimiento danzario, comenz\u00f3 el pasado 19 de mayo y cuenta con la participaci\u00f3n de representantes de Espa\u00f1a, Finlandia, M\u00e9xico, Cuba, Paraguay, Uruguay y Venezuela como anfitriona.<\/p>\n<\/p>\n<p>Organizado por el Ministerio de Cultura, a trav\u00e9s de la Fundaci\u00f3n Compa\u00f1\u00eda Nacional de Danza, este evento que concluir\u00e1 el venidero 27 de mayo pone a disposici\u00f3n del p\u00fablico la sincron\u00eda y expresi\u00f3n de la danza en la categor\u00eda de Solos y Duetos.<\/p>\n<\/p>\n<p>Una vez m\u00e1s, Caracas, la llamada ciudad de los techos rojos, muestra la versatilidad del cuerpo a trav\u00e9s de diferentes propuestas art\u00edsticas que ofrece este festival, surgido en 2004 con el objetivo de promover el intercambio cultural entre los pueblos mediante la interacci\u00f3n de los espectadores y los exponentes.<\/p>\n<\/p>\n<p>En esta ocasi\u00f3n, la fiesta cultural -catalogada por sus organizadores como una de las m\u00e1s importantes del pa\u00eds en su estilo- integra el arte esc\u00e9nico con procesos de aprendizaje art\u00edstico, y difunde la danza contempor\u00e1nea, mezclada con las iniciativas de las nuevas generaciones.<\/p>\n<h6> 2012-05-24 12:38:02 <\/h6>\n<p><!--\n<link rel=\"stylesheet\" href=\"css\/bootstrap.min.css\">\n\n\n<ul class=\"pagination\">\n\t    \n\t\n\n<li >\n\t<a href='?page_no=17294'>Previous<\/a>\n\t<\/li>\n\n\n       \n    \n\n<li><a href='?page_no=1'>1<\/a><\/li>\n\n\n\n<li><a href='?page_no=2'>2<\/a><\/li>\n\n\n\n<li><a>...<\/a><\/li>\n\n\n\n<li><a href='?page_no=17293'>17293<\/a><\/li>\n\n\n\n<li><a href='?page_no=17294'>17294<\/a><\/li>\n\n\n\n<li class='active'><a>17295<\/a><\/li>\n\n\n\n<li><a href='?page_no=17296'>17296<\/a><\/li>\n\n\n\n<li><a href='?page_no=17297'>17297<\/a><\/li>\n\n\n\n<li><a>...<\/a><\/li>\n\n\n\n<li><a href='?page_no=22911'>22911<\/a><\/li>\n\n\n\n<li><a href='?page_no=22912'>22912<\/a><\/li>\n\n    \n\t\n\n<li >\n\t<a href='?page_no=17296'>Next<\/a>\n\t<\/li>\n\n\n    \n\n<li><a href='?page_no=22912'>Last &rsaquo;&rsaquo;<\/a><\/li>\n\n<\/ul>\n\n\n--><br \/>\n<\/body><\/p>\n","protected":false},"excerpt":{"rendered":"<p>Caracas, 24 may (PL), 8:37 am.- El Festival Mundial de Solos y Duetos, en su octava edici\u00f3n, acoger\u00e1 hoy al afamado mimo y bailar\u00edn finland\u00e9s Adam Darius, en el Teatro Principal de Caracas, ubicado en el centro hist\u00f3rico de esta capital. Junto a su compa\u00f1ero Kazimir Kolesnik, ambos artistas deleitar\u00e1n al p\u00fablico asistente con las [&hellip;]<\/p>\n","protected":false},"author":3,"featured_media":0,"comment_status":"open","ping_status":"open","sticky":false,"template":"","format":"standard","meta":{"footnotes":""},"categories":[21],"tags":[],"class_list":["post-65617","post","type-post","status-publish","format-standard","hentry","category-cultura"],"_links":{"self":[{"href":"https:\/\/diariodominicano.com\/index.php?rest_route=\/wp\/v2\/posts\/65617","targetHints":{"allow":["GET"]}}],"collection":[{"href":"https:\/\/diariodominicano.com\/index.php?rest_route=\/wp\/v2\/posts"}],"about":[{"href":"https:\/\/diariodominicano.com\/index.php?rest_route=\/wp\/v2\/types\/post"}],"author":[{"embeddable":true,"href":"https:\/\/diariodominicano.com\/index.php?rest_route=\/wp\/v2\/users\/3"}],"replies":[{"embeddable":true,"href":"https:\/\/diariodominicano.com\/index.php?rest_route=%2Fwp%2Fv2%2Fcomments&post=65617"}],"version-history":[{"count":0,"href":"https:\/\/diariodominicano.com\/index.php?rest_route=\/wp\/v2\/posts\/65617\/revisions"}],"wp:attachment":[{"href":"https:\/\/diariodominicano.com\/index.php?rest_route=%2Fwp%2Fv2%2Fmedia&parent=65617"}],"wp:term":[{"taxonomy":"category","embeddable":true,"href":"https:\/\/diariodominicano.com\/index.php?rest_route=%2Fwp%2Fv2%2Fcategories&post=65617"},{"taxonomy":"post_tag","embeddable":true,"href":"https:\/\/diariodominicano.com\/index.php?rest_route=%2Fwp%2Fv2%2Ftags&post=65617"}],"curies":[{"name":"wp","href":"https:\/\/api.w.org\/{rel}","templated":true}]}}