{"id":65616,"date":"2012-05-24T18:39:31","date_gmt":"2012-05-24T18:39:31","guid":{"rendered":"http:\/\/diariodominicano.ddns.net\/?p=65616"},"modified":"2012-05-24T18:39:31","modified_gmt":"2012-05-24T18:39:31","slug":"pintura-del-cubano-wifredo-lam-se-vende-por-4-6-milliones","status":"publish","type":"post","link":"https:\/\/diariodominicano.com\/?p=65616","title":{"rendered":"Pintura del cubano Wifredo Lam se vende por $4.6 milliones&#13;"},"content":{"rendered":"<p><body><\/p>\n<p>NUEVA YORK 24 mayo (2:40 pm)._&#8211; El cuadro \u00abNi\u00f1a en azul y blanco\u00bb de Diego Rivera no consigui\u00f3 comprador el mi\u00e9rcoles en la subasta de arte latinoamericano de Sotheby&#8217;s, en tanto el cubano Wifredo Lam registr\u00f3 un nuevo r\u00e9cord para una obra suya.<\/p>\n<\/p>\n<p>La pintura \u00abIdolo\u00bb de Lam se vendi\u00f3 en 4.6 millones de d\u00f3lares, incluyendo la prima del 12% por la transacci\u00f3n, lo que signific\u00f3 un nuevo r\u00e9cord en subasta para el artista cubano. Su r\u00e9cord anterior era de 2.1 millones de d\u00f3lares.<\/p>\n<\/p>\n<p>Se estimaba un precio de venta de 2 a 3 millones de d\u00f3lares para este \u00f3leo y carb\u00f3n sobre lienzo de 157.3 por 127.6 cms (62 por 50 1\/4 pulgadas).<\/p>\n<\/p>\n<p>La obra, en la que predominan los tonos caf\u00e9 y grises con toques de rojo, azul y verde, muestra a cuatro figuras, una de ellas echada hacia atr\u00e1s en un arco mientras las otras tres la miran.<\/p>\n<\/p>\n<p>\u00abNi\u00f1a en azul y blanco\u00bb, firmada por Rivera en 1939, es un retrato de Juanita Rosas a los 10 a\u00f1os de edad.<\/p>\n<\/p>\n<p>La casa hab\u00eda estimado previamente el precio de venta del \u00f3leo en 4 a 6 millones de d\u00f3lares, pero la oferta m\u00e1xima que consigui\u00f3 fue de 3.7 millones.<\/p>\n<\/p>\n<p>Pertenece a un periodo en el que Rivera captur\u00f3 la inocencia de muchos ni\u00f1os, y el propio artista la seleccion\u00f3 para ilustrar su cat\u00e1logo de la Exposici\u00f3n de Homenaje Nacional que el Instituto Nacional de Bellas Artes mexicano organiz\u00f3 en 1949 con motivo de sus 50 a\u00f1os pintando.<\/p>\n<\/p>\n<p>\u00abEs de lo m\u00e1s t\u00edpico de su obra especialmente de esa \u00e9poca\u00bb, dijo Carmen Meli\u00e1n, directora del departamento de arte latinoamericano de Sotheby&#8217;s. \u00ab(Rivera) pint\u00f3 a trav\u00e9s de los a\u00f1os a los ni\u00f1os del servicio de su casa y de los vecinos y a Juanita en particular la pint\u00f3 varias veces\u00bb.<\/p>\n<\/p>\n<p>La pintura de 121.1 por 91.4 cent\u00edmetros (47 3\/4 por 36 pulgadas) es la m\u00e1s importante de Rivera que se haya puesto a la venta en d\u00e9cadas, afirma Sotheby&#8217;s en su cat\u00e1logo, destacando que es una de las dos m\u00e1s grandes del artista fuera de M\u00e9xico y que llega en el momento apropiado: apenas el a\u00f1o pasado el Museo de Arte Moderno (MoMA) de Nueva York realiz\u00f3 una exhibici\u00f3n del afamado muralista mexicano.<\/p>\n<\/p>\n<p>\u00abLo que m\u00e1s me encanta es que est\u00e1 pintado en su estudio\u00bb, dijo Meli\u00e1n. \u00abHe estado en el estudio y tiene el piso te\u00f1ido de verde, por eso es verde en la obra. La parte de atr\u00e1s, el blanco de la pared, es una mezcla de blanco, azul, rosado, casi como un Monet o un Renoir; la parte de adelante es m\u00e1s realista, salta la figura\u00bb.JB<\/p>\n<\/p>\n<h6> 2012-05-24 18:39:31 <\/h6>\n<p><!--\n<link rel=\"stylesheet\" href=\"css\/bootstrap.min.css\">\n\n\n<ul class=\"pagination\">\n\t    \n\t\n\n<li >\n\t<a href='?page_no=17293'>Previous<\/a>\n\t<\/li>\n\n\n       \n    \n\n<li><a href='?page_no=1'>1<\/a><\/li>\n\n\n\n<li><a href='?page_no=2'>2<\/a><\/li>\n\n\n\n<li><a>...<\/a><\/li>\n\n\n\n<li><a href='?page_no=17292'>17292<\/a><\/li>\n\n\n\n<li><a href='?page_no=17293'>17293<\/a><\/li>\n\n\n\n<li class='active'><a>17294<\/a><\/li>\n\n\n\n<li><a href='?page_no=17295'>17295<\/a><\/li>\n\n\n\n<li><a href='?page_no=17296'>17296<\/a><\/li>\n\n\n\n<li><a>...<\/a><\/li>\n\n\n\n<li><a href='?page_no=22911'>22911<\/a><\/li>\n\n\n\n<li><a href='?page_no=22912'>22912<\/a><\/li>\n\n    \n\t\n\n<li >\n\t<a href='?page_no=17295'>Next<\/a>\n\t<\/li>\n\n\n    \n\n<li><a href='?page_no=22912'>Last &rsaquo;&rsaquo;<\/a><\/li>\n\n<\/ul>\n\n\n--><br \/>\n<\/body><\/p>\n","protected":false},"excerpt":{"rendered":"<p>NUEVA YORK 24 mayo (2:40 pm)._&#8211; El cuadro \u00abNi\u00f1a en azul y blanco\u00bb de Diego Rivera no consigui\u00f3 comprador el mi\u00e9rcoles en la subasta de arte latinoamericano de Sotheby&#8217;s, en tanto el cubano Wifredo Lam registr\u00f3 un nuevo r\u00e9cord para una obra suya. La pintura \u00abIdolo\u00bb de Lam se vendi\u00f3 en 4.6 millones de d\u00f3lares, [&hellip;]<\/p>\n","protected":false},"author":3,"featured_media":0,"comment_status":"open","ping_status":"open","sticky":false,"template":"","format":"standard","meta":{"footnotes":""},"categories":[21],"tags":[],"class_list":["post-65616","post","type-post","status-publish","format-standard","hentry","category-cultura"],"_links":{"self":[{"href":"https:\/\/diariodominicano.com\/index.php?rest_route=\/wp\/v2\/posts\/65616","targetHints":{"allow":["GET"]}}],"collection":[{"href":"https:\/\/diariodominicano.com\/index.php?rest_route=\/wp\/v2\/posts"}],"about":[{"href":"https:\/\/diariodominicano.com\/index.php?rest_route=\/wp\/v2\/types\/post"}],"author":[{"embeddable":true,"href":"https:\/\/diariodominicano.com\/index.php?rest_route=\/wp\/v2\/users\/3"}],"replies":[{"embeddable":true,"href":"https:\/\/diariodominicano.com\/index.php?rest_route=%2Fwp%2Fv2%2Fcomments&post=65616"}],"version-history":[{"count":0,"href":"https:\/\/diariodominicano.com\/index.php?rest_route=\/wp\/v2\/posts\/65616\/revisions"}],"wp:attachment":[{"href":"https:\/\/diariodominicano.com\/index.php?rest_route=%2Fwp%2Fv2%2Fmedia&parent=65616"}],"wp:term":[{"taxonomy":"category","embeddable":true,"href":"https:\/\/diariodominicano.com\/index.php?rest_route=%2Fwp%2Fv2%2Fcategories&post=65616"},{"taxonomy":"post_tag","embeddable":true,"href":"https:\/\/diariodominicano.com\/index.php?rest_route=%2Fwp%2Fv2%2Ftags&post=65616"}],"curies":[{"name":"wp","href":"https:\/\/api.w.org\/{rel}","templated":true}]}}