{"id":65614,"date":"2012-05-24T18:48:51","date_gmt":"2012-05-24T18:48:51","guid":{"rendered":"http:\/\/diariodominicano.ddns.net\/?p=65614"},"modified":"2012-05-24T18:48:51","modified_gmt":"2012-05-24T18:48:51","slug":"250-000-dolares-a-restauracion-de-miro","status":"publish","type":"post","link":"https:\/\/diariodominicano.com\/?p=65614","title":{"rendered":"250.000 d\u00f3lares a restauraci\u00f3n de Mir\u00f3"},"content":{"rendered":"<p><body><\/p>\n<p>Kansas, EE.UU. 24 mayo (2:49 pm)._&#8211; El museo de arte de la Universidad Estatal de Wichita usar\u00e1 una concesi\u00f3n de 250.000 d\u00f3lares para reparar un enorme mosaico del artista espa\u00f1ol Joan Mir\u00f3.<\/p>\n<\/p>\n<p>El dinero proviene del Fondo Nacional para las Artes y el Instituto de Servicios para Museos y Bibliotecas.<\/p>\n<\/p>\n<p>El mosaico de 8,53 por 15,85 metros (28 por 52 pies) se instal\u00f3 en 1978 en la fachada sur del Museo de Arte de Ulrich.<\/p>\n<\/p>\n<p>Titulado \u00abBird People\u00bb, muestra varias aves surrealistas.<\/p>\n<\/p>\n<p>El estudio en Francia que cre\u00f3 el mural en base a una pintura de Mir\u00f3 fij\u00f3 cerca de un mill\u00f3n de piezas de vidrio veneciano y m\u00e1rmol a una tabla de aglomerado. Debido al clima extremo de Kansas, hasta 400 piezas al a\u00f1o se han desprendido.<\/p>\n<\/p>\n<p>Oficiales calculan que la restauraci\u00f3n costar\u00e1 3 millones de d\u00f3lares y tomar\u00e1 unos cinco a\u00f1os.JB<\/p>\n<\/p>\n<h6> 2012-05-24 18:48:51 <\/h6>\n<p><!--\n<link rel=\"stylesheet\" href=\"css\/bootstrap.min.css\">\n\n\n<ul class=\"pagination\">\n\t    \n\t\n\n<li >\n\t<a href='?page_no=17291'>Previous<\/a>\n\t<\/li>\n\n\n       \n    \n\n<li><a href='?page_no=1'>1<\/a><\/li>\n\n\n\n<li><a href='?page_no=2'>2<\/a><\/li>\n\n\n\n<li><a>...<\/a><\/li>\n\n\n\n<li><a href='?page_no=17290'>17290<\/a><\/li>\n\n\n\n<li><a href='?page_no=17291'>17291<\/a><\/li>\n\n\n\n<li class='active'><a>17292<\/a><\/li>\n\n\n\n<li><a href='?page_no=17293'>17293<\/a><\/li>\n\n\n\n<li><a href='?page_no=17294'>17294<\/a><\/li>\n\n\n\n<li><a>...<\/a><\/li>\n\n\n\n<li><a href='?page_no=22911'>22911<\/a><\/li>\n\n\n\n<li><a href='?page_no=22912'>22912<\/a><\/li>\n\n    \n\t\n\n<li >\n\t<a href='?page_no=17293'>Next<\/a>\n\t<\/li>\n\n\n    \n\n<li><a href='?page_no=22912'>Last &rsaquo;&rsaquo;<\/a><\/li>\n\n<\/ul>\n\n\n--><br \/>\n<\/body><\/p>\n","protected":false},"excerpt":{"rendered":"<p>Kansas, EE.UU. 24 mayo (2:49 pm)._&#8211; El museo de arte de la Universidad Estatal de Wichita usar\u00e1 una concesi\u00f3n de 250.000 d\u00f3lares para reparar un enorme mosaico del artista espa\u00f1ol Joan Mir\u00f3. El dinero proviene del Fondo Nacional para las Artes y el Instituto de Servicios para Museos y Bibliotecas. El mosaico de 8,53 por [&hellip;]<\/p>\n","protected":false},"author":3,"featured_media":0,"comment_status":"open","ping_status":"open","sticky":false,"template":"","format":"standard","meta":{"footnotes":""},"categories":[21],"tags":[],"class_list":["post-65614","post","type-post","status-publish","format-standard","hentry","category-cultura"],"_links":{"self":[{"href":"https:\/\/diariodominicano.com\/index.php?rest_route=\/wp\/v2\/posts\/65614","targetHints":{"allow":["GET"]}}],"collection":[{"href":"https:\/\/diariodominicano.com\/index.php?rest_route=\/wp\/v2\/posts"}],"about":[{"href":"https:\/\/diariodominicano.com\/index.php?rest_route=\/wp\/v2\/types\/post"}],"author":[{"embeddable":true,"href":"https:\/\/diariodominicano.com\/index.php?rest_route=\/wp\/v2\/users\/3"}],"replies":[{"embeddable":true,"href":"https:\/\/diariodominicano.com\/index.php?rest_route=%2Fwp%2Fv2%2Fcomments&post=65614"}],"version-history":[{"count":0,"href":"https:\/\/diariodominicano.com\/index.php?rest_route=\/wp\/v2\/posts\/65614\/revisions"}],"wp:attachment":[{"href":"https:\/\/diariodominicano.com\/index.php?rest_route=%2Fwp%2Fv2%2Fmedia&parent=65614"}],"wp:term":[{"taxonomy":"category","embeddable":true,"href":"https:\/\/diariodominicano.com\/index.php?rest_route=%2Fwp%2Fv2%2Fcategories&post=65614"},{"taxonomy":"post_tag","embeddable":true,"href":"https:\/\/diariodominicano.com\/index.php?rest_route=%2Fwp%2Fv2%2Ftags&post=65614"}],"curies":[{"name":"wp","href":"https:\/\/api.w.org\/{rel}","templated":true}]}}