{"id":65613,"date":"2012-05-24T19:57:30","date_gmt":"2012-05-24T19:57:30","guid":{"rendered":"http:\/\/diariodominicano.ddns.net\/?p=65613"},"modified":"2012-05-24T19:57:30","modified_gmt":"2012-05-24T19:57:30","slug":"cinta-mexicana-se-lleva-premio-en-cannes","status":"publish","type":"post","link":"https:\/\/diariodominicano.com\/?p=65613","title":{"rendered":"Cinta mexicana se lleva premio en Cannes"},"content":{"rendered":"<p><body><\/p>\n<p>Francia 24 mayo 3:58 pm)._La pel\u00edcula \u00abAqu\u00ed y all\u00e1\u00bb , la historia sobre un inmigrante ilegal mexicano que decide regresar de la ciudad de Nueva York a su pa\u00eds de origen, gan\u00f3 el Gran Premio al Mejor Largometraje de la 51 Semana de la Cr\u00edtica del Festival Internacional de Cine de Cannes, anunci\u00f3 hoy aqu\u00ed el jurado.<\/p>\n<\/p>\n<p>\u00abEste es un premio para M\u00e9xico\u00bb , declar\u00f3 uno de los productores de la cinta, el estadunidense Ori Dov Gratch, de Torch Films, quien estuvo presente en la entrega de reconocimientos que se celebr\u00f3 esta noche en el \u00abEspacio Miramar\u00bb de Cannes.<\/p>\n<\/p>\n<p>La pel\u00edcula, dirigida por el espa\u00f1ol Antonio M\u00e9ndez Esparza, fue coproducida por Espa\u00f1a y Estados Unidos, as\u00ed como con una peque\u00f1a aportaci\u00f3n de M\u00e9xico, \u00abpero fue inscrita como mexicana en el Festival de Cannes, precisaron los productores del largometraje. <\/p>\n<p>\u00abEs una historia mexicana, rodada en M\u00e9xico, con protagonistas mexicanos, es una pel\u00edcula mexicana\u00bb, subray\u00f3 Ori Dov Gratch. filme cuenta la historia real de \u00abPedro\u00bb , un migrante que regresa de Nueva York a su poblado natal de Tlapa, en el estado de Guerrero, para reencontrarse con su mujer y sus dos hijas peque\u00f1as.<\/p>\n<\/p>\n<p>El trabajo del joven realizador Antonio M\u00e9ndez Esparza, quien se confiesa enamorado de M\u00e9xico, en donde vivi\u00f3, ensalza el sue\u00f1o del emigrante de regresar a su tierra y muestra las dificultades que encuentra el protagonista al hacerlo.<\/p>\n<\/p>\n<p>Realizada con actores no profesionales, combina aspectos de los documentales y las pel\u00edculas de ficci\u00f3n para contar la historia de \u00abPedro\u00bb , quien retorna a su poblado natal con el proyecto de montar un grupo de m\u00fasica.<\/p>\n<\/p>\n<p>El director explic\u00f3 a la prensa que pretendi\u00f3 plasmar el sentimiento del deseo de volver al hogar del protagonista, ausente en las pel\u00edculas que tienen a la emigraci\u00f3n como tel\u00f3n de fondo, que suelen mostrar m\u00e1s la aventura del viaje que tienen que enfrentar.<\/p>\n<\/p>\n<p>El filme se impuso a otros seis de todo el mundo en la competencia al Mejor Largometraje de \u00abLa Semana\u00bb , secci\u00f3n paralela del Festival de Cannes, fundada en 1962, y en la que ganaron en el pasado los directores mexicanos Guillermo del Toro y Alejandro Gonz\u00e1lez I\u00f1\u00e1rritu.<\/p>\n<\/p>\n<p>En tanto que \u00f3pera prima, la pel\u00edcula tambi\u00e9n est\u00e1 inscrita en la lista de cintas que compiten para ganar la C\u00e1mara de Oro del certamen, con el que el festival premia al Mejor Primer Largometraje y cuyo vencedor se anunciar\u00e1 el pr\u00f3ximo domingo.JB<\/p>\n<h6> 2012-05-24 19:57:30 <\/h6>\n<p><!--\n<link rel=\"stylesheet\" href=\"css\/bootstrap.min.css\">\n\n\n<ul class=\"pagination\">\n\t    \n\t\n\n<li >\n\t<a href='?page_no=17290'>Previous<\/a>\n\t<\/li>\n\n\n       \n    \n\n<li><a href='?page_no=1'>1<\/a><\/li>\n\n\n\n<li><a href='?page_no=2'>2<\/a><\/li>\n\n\n\n<li><a>...<\/a><\/li>\n\n\n\n<li><a href='?page_no=17289'>17289<\/a><\/li>\n\n\n\n<li><a href='?page_no=17290'>17290<\/a><\/li>\n\n\n\n<li class='active'><a>17291<\/a><\/li>\n\n\n\n<li><a href='?page_no=17292'>17292<\/a><\/li>\n\n\n\n<li><a href='?page_no=17293'>17293<\/a><\/li>\n\n\n\n<li><a>...<\/a><\/li>\n\n\n\n<li><a href='?page_no=22911'>22911<\/a><\/li>\n\n\n\n<li><a href='?page_no=22912'>22912<\/a><\/li>\n\n    \n\t\n\n<li >\n\t<a href='?page_no=17292'>Next<\/a>\n\t<\/li>\n\n\n    \n\n<li><a href='?page_no=22912'>Last &rsaquo;&rsaquo;<\/a><\/li>\n\n<\/ul>\n\n\n--><br \/>\n<\/body><\/p>\n","protected":false},"excerpt":{"rendered":"<p>Francia 24 mayo 3:58 pm)._La pel\u00edcula \u00abAqu\u00ed y all\u00e1\u00bb , la historia sobre un inmigrante ilegal mexicano que decide regresar de la ciudad de Nueva York a su pa\u00eds de origen, gan\u00f3 el Gran Premio al Mejor Largometraje de la 51 Semana de la Cr\u00edtica del Festival Internacional de Cine de Cannes, anunci\u00f3 hoy aqu\u00ed [&hellip;]<\/p>\n","protected":false},"author":3,"featured_media":0,"comment_status":"open","ping_status":"open","sticky":false,"template":"","format":"standard","meta":{"footnotes":""},"categories":[21],"tags":[],"class_list":["post-65613","post","type-post","status-publish","format-standard","hentry","category-cultura"],"_links":{"self":[{"href":"https:\/\/diariodominicano.com\/index.php?rest_route=\/wp\/v2\/posts\/65613","targetHints":{"allow":["GET"]}}],"collection":[{"href":"https:\/\/diariodominicano.com\/index.php?rest_route=\/wp\/v2\/posts"}],"about":[{"href":"https:\/\/diariodominicano.com\/index.php?rest_route=\/wp\/v2\/types\/post"}],"author":[{"embeddable":true,"href":"https:\/\/diariodominicano.com\/index.php?rest_route=\/wp\/v2\/users\/3"}],"replies":[{"embeddable":true,"href":"https:\/\/diariodominicano.com\/index.php?rest_route=%2Fwp%2Fv2%2Fcomments&post=65613"}],"version-history":[{"count":0,"href":"https:\/\/diariodominicano.com\/index.php?rest_route=\/wp\/v2\/posts\/65613\/revisions"}],"wp:attachment":[{"href":"https:\/\/diariodominicano.com\/index.php?rest_route=%2Fwp%2Fv2%2Fmedia&parent=65613"}],"wp:term":[{"taxonomy":"category","embeddable":true,"href":"https:\/\/diariodominicano.com\/index.php?rest_route=%2Fwp%2Fv2%2Fcategories&post=65613"},{"taxonomy":"post_tag","embeddable":true,"href":"https:\/\/diariodominicano.com\/index.php?rest_route=%2Fwp%2Fv2%2Ftags&post=65613"}],"curies":[{"name":"wp","href":"https:\/\/api.w.org\/{rel}","templated":true}]}}