{"id":65612,"date":"2012-05-24T20:05:48","date_gmt":"2012-05-24T20:05:48","guid":{"rendered":"http:\/\/diariodominicano.ddns.net\/?p=65612"},"modified":"2012-05-24T20:05:48","modified_gmt":"2012-05-24T20:05:48","slug":"siete-dias-en-la-habana-la-capital-cubana-vista-por-cineastas-del-mundo","status":"publish","type":"post","link":"https:\/\/diariodominicano.com\/?p=65612","title":{"rendered":"\u00abSiete d\u00edas en La Habana\u00bb, la capital cubana vista por cineastas del mundo"},"content":{"rendered":"<p><body><\/p>\n<p>Francia Cannes 24 mayo (4:06 pm)._La entra\u00f1able capital cubana, con su gente, su mar, su m\u00fasica, su dura vida cotidiana y sus lugares comunes, se proyect\u00f3 este mi\u00e9rcoles sobre la lujosa Cannes y su festival, en el filme \u00abSiete d\u00edas en La Habana\u00bb, presentado en la secci\u00f3n \u00abUna cierta mirada\u00bb.<\/p>\n<\/p>\n<p>Siete realizadores del mundo -Benicio del Toro, Pablo Trapero, Julio Medem, Elia Suleiman, Gaspar No\u00e9, Juan Carlos Tab\u00edo y Laurent Cantet- participaron en este proyecto que ofrece una visi\u00f3n caleidosc\u00f3pica de la vida habanera.<\/p>\n<\/p>\n<p>El puertorrique\u00f1o Benicio del Toro film\u00f3 en \u00abEl Yuma\u00bb a un joven turista estadounidense que descubre La Habana por primera vez. Seducido por las mujeres, el ron y los cigarros est\u00e1 a punto de irse a la cama con un travesti, pero su \u00e1ngel guardi\u00e1n lo salvar\u00e1.<\/p>\n<p>El argentino Pablo Trapero, en \u00abDescarga\u00bb, imagin\u00f3 un filme donde su protagonista es el conocido realizador serbio Emir Kusturica que llega a Cuba para recibir un premio, pero est\u00e1 m\u00e1s atra\u00eddo por la rumba y la noche que por la fama.<\/p>\n<\/p>\n<p>\u00abLa tentaci\u00f3n de Cecilia\u00bb, del espa\u00f1ol Julio Medem, est\u00e1 inspirada en la novela \u00abCecilia Vald\u00e9s\u00bb, de Cirilio Villaverde.<\/p>\n<p>El director palestino Elia Suleiman se pone en escena \u00e9l mismo en su \u00abDiario de un debutante\u00bb, un poco perdido en La Habana, esperando una cita organizada por la embajada de Palestina.<\/p>\n<\/p>\n<p>\u00abFue un desaf\u00edo hacer ese filme, porque no me siento atra\u00eddo para nada por ese mundo, que conoc\u00eda solo a trav\u00e9s de la literatura. La m\u00fasica cubana no me dice nada, ni los mojitos, ni las mulatas\u00bb, declar\u00f3 Suleiman.<\/p>\n<p>\u00abLa embajada palestina estaba vac\u00eda, como se ve en la pel\u00edcula. No es funcional. \u00bfDe que sirve esa embajada? La estatua de Yaser Arafat que se ve tiene labios a la cubana\u00bb, a\u00f1adi\u00f3.<\/p>\n<\/p>\n<p>\u00abLo que m\u00e1s me impact\u00f3 fue la ternura de la gente. La relaci\u00f3n que tienen entre ellos, en esta \u00e9poca de decadencia global que vivimos. Su relaci\u00f3n religiosa con el mar. Filmar en La Habana me produjo extra\u00f1amente reminiscencias sobre mi infancia\u00bb, agreg\u00f3.<\/p>\n<\/p>\n<p>El franc\u00e9s Laurent Cantet, que pone en escena en \u00abLa fuente\u00bb a una santera que construye un altar para la Virgen y Oshun, habl\u00f3 sobre sus sensaciones en La Habana.<\/p>\n<\/p>\n<p>\u00abEn Cuba nada parece posible, pero al fin y al cabo la gente se las arregla para salir adelante. Lo colectivo est\u00e1 muy presente, es un valor positivo\u00bb, dijo.<\/p>\n<\/p>\n<p>En \u00abSiete d\u00edas en La Habana\u00bb Hay personajes que aparecen de un corto a otro, como el santero que ha encargado dulces para la fiesta con Oshun.<\/p>\n<p>Los escritores cubanos Leonardo Padura y Luc\u00eda L\u00f3pez Coll coordinaron el gui\u00f3n de esta pel\u00edcula repleta por supuesto de m\u00fasica, mar, mulatas y santer\u00eda.<\/p>\n<\/p>\n<p>El franco-argentino Gaspar No\u00e9, en \u00abRitual\u00bb, muestra tambi\u00e9n una ceremonia de santer\u00eda para \u00ablimpiar\u00bb a una joven adolescente que descubre su sexualidad lesbiana.<\/p>\n<\/p>\n<p>\u00ab\u00bfQu\u00e9 es lo diferente de la vida en Par\u00eds, donde vivo, o en Argentina, donde nac\u00ed? Me dije: los rituales, la religi\u00f3n. Son aspectos diferentes a los de las sociedades occidentales\u00bb, declar\u00f3 Gaspar No\u00e9.<\/p>\n<\/p>\n<p>\u00abEleg\u00ed la versi\u00f3n m\u00e1s suave de la santer\u00eda, sin sacrificios de animales: una muchacha desnuda en medio del monte, costaba poco, porque adem\u00e1s no hab\u00eda mucho presupuesto. Yo mismo hice la fotograf\u00eda\u00bb, dijo.<\/p>\n<\/p>\n<p>\u00abCuba es la decepci\u00f3n cultural m\u00e1s grande que he sentido. Se percibe mucho su cercan\u00eda con Miami, con el gran imperio mundial\u00bb, a\u00f1adi\u00f3 No\u00e9.<\/p>\n<p>\u00abCuba es uno de los pa\u00edses que sigue haciendo so\u00f1ar, como un sue\u00f1o universal. Los cubanos, gracias a la mirada ajena, se sienten orgullosos de ser cubanos, incluso los castristas y los no castristas. Los argentinos, contrariamente a lo que dicen los chistes, no se sienten orgullosos de ser argentinos. Y los frances tampoco sienten ese orgullo nacional\u00bb, declar\u00f3.<\/p>\n<\/p>\n<p>\u00abEn Cuba como no hay mucho que consumir la gente consume sexo. Hay una superenerg\u00eda sexual en La Habana. Hay ciudades que inspiran. La Habana es una de ellas, aunque lamento no haber ido a otras ciudades, como Santiago, menos tur\u00edstica\u00bb, concluy\u00f3 No\u00e9.JB<\/p>\n<h6> 2012-05-24 20:05:48 <\/h6>\n<p><!--\n<link rel=\"stylesheet\" href=\"css\/bootstrap.min.css\">\n\n\n<ul class=\"pagination\">\n\t    \n\t\n\n<li >\n\t<a href='?page_no=17289'>Previous<\/a>\n\t<\/li>\n\n\n       \n    \n\n<li><a href='?page_no=1'>1<\/a><\/li>\n\n\n\n<li><a href='?page_no=2'>2<\/a><\/li>\n\n\n\n<li><a>...<\/a><\/li>\n\n\n\n<li><a href='?page_no=17288'>17288<\/a><\/li>\n\n\n\n<li><a href='?page_no=17289'>17289<\/a><\/li>\n\n\n\n<li class='active'><a>17290<\/a><\/li>\n\n\n\n<li><a href='?page_no=17291'>17291<\/a><\/li>\n\n\n\n<li><a href='?page_no=17292'>17292<\/a><\/li>\n\n\n\n<li><a>...<\/a><\/li>\n\n\n\n<li><a href='?page_no=22911'>22911<\/a><\/li>\n\n\n\n<li><a href='?page_no=22912'>22912<\/a><\/li>\n\n    \n\t\n\n<li >\n\t<a href='?page_no=17291'>Next<\/a>\n\t<\/li>\n\n\n    \n\n<li><a href='?page_no=22912'>Last &rsaquo;&rsaquo;<\/a><\/li>\n\n<\/ul>\n\n\n--><br \/>\n<\/body><\/p>\n","protected":false},"excerpt":{"rendered":"<p>Francia Cannes 24 mayo (4:06 pm)._La entra\u00f1able capital cubana, con su gente, su mar, su m\u00fasica, su dura vida cotidiana y sus lugares comunes, se proyect\u00f3 este mi\u00e9rcoles sobre la lujosa Cannes y su festival, en el filme \u00abSiete d\u00edas en La Habana\u00bb, presentado en la secci\u00f3n \u00abUna cierta mirada\u00bb. Siete realizadores del mundo -Benicio [&hellip;]<\/p>\n","protected":false},"author":3,"featured_media":0,"comment_status":"open","ping_status":"open","sticky":false,"template":"","format":"standard","meta":{"footnotes":""},"categories":[21],"tags":[],"class_list":["post-65612","post","type-post","status-publish","format-standard","hentry","category-cultura"],"_links":{"self":[{"href":"https:\/\/diariodominicano.com\/index.php?rest_route=\/wp\/v2\/posts\/65612","targetHints":{"allow":["GET"]}}],"collection":[{"href":"https:\/\/diariodominicano.com\/index.php?rest_route=\/wp\/v2\/posts"}],"about":[{"href":"https:\/\/diariodominicano.com\/index.php?rest_route=\/wp\/v2\/types\/post"}],"author":[{"embeddable":true,"href":"https:\/\/diariodominicano.com\/index.php?rest_route=\/wp\/v2\/users\/3"}],"replies":[{"embeddable":true,"href":"https:\/\/diariodominicano.com\/index.php?rest_route=%2Fwp%2Fv2%2Fcomments&post=65612"}],"version-history":[{"count":0,"href":"https:\/\/diariodominicano.com\/index.php?rest_route=\/wp\/v2\/posts\/65612\/revisions"}],"wp:attachment":[{"href":"https:\/\/diariodominicano.com\/index.php?rest_route=%2Fwp%2Fv2%2Fmedia&parent=65612"}],"wp:term":[{"taxonomy":"category","embeddable":true,"href":"https:\/\/diariodominicano.com\/index.php?rest_route=%2Fwp%2Fv2%2Fcategories&post=65612"},{"taxonomy":"post_tag","embeddable":true,"href":"https:\/\/diariodominicano.com\/index.php?rest_route=%2Fwp%2Fv2%2Ftags&post=65612"}],"curies":[{"name":"wp","href":"https:\/\/api.w.org\/{rel}","templated":true}]}}