{"id":65609,"date":"2012-05-24T20:36:55","date_gmt":"2012-05-24T20:36:55","guid":{"rendered":"http:\/\/diariodominicano.ddns.net\/?p=65609"},"modified":"2012-05-24T20:36:55","modified_gmt":"2012-05-24T20:36:55","slug":"joaquin-cortes-juzgado-por-presunta-estafa","status":"publish","type":"post","link":"https:\/\/diariodominicano.com\/?p=65609","title":{"rendered":"Joaquin Cort\u00e9s, juzgado por presunta estafa"},"content":{"rendered":"<p><body><\/p>\n<p>MAdri 24 mayo (4:36 pm)._El bailar\u00edn espa\u00f1ol Joaqu\u00edn Cort\u00e9s, que hace unas semanas estuvo en Buenos Aires, ser\u00e1 juzgado por los delitos de apropiaci\u00f3n indebida de 700 mil euros y estafa, a ra\u00edz de una denuncia realizada por empresarios argentinos.<\/p>\n<\/p>\n<p>El juicio es una repetici\u00f3n del celebrado en 2010, en el que el artista fue condenado a un a\u00f1o de c\u00e1rcel por haberse quedado con el dinero de unos empresarios argentinos con los que pretend\u00eda hacer un negocio en 1998.<\/p>\n<\/p>\n<p>Seg\u00fan inform\u00f3 la agencia DPA, aquella sentencia fue anulada por defectos de forma por la Audiencia Provincial de Madrid y se estableci\u00f3 la repetici\u00f3n del juicio.<\/p>\n<\/p>\n<p>El bailar\u00edn asegur\u00f3 hoy que no tiene \u00abnada que ver\u00bb con una sociedad creada con inversores argentinos para poner en marcha un centro de ocio dedicado al flamenco en Madrid.<\/p>\n<\/p>\n<p>\u00abDesconozco todo esto. Yo me he dedicado a bailar y a llevar mi danza a todo el mundo\u00bb, se\u00f1al\u00f3 Cort\u00e9s a los medios espa\u00f1oles.<\/p>\n<\/p>\n<p>Los empresarios, con los que Cort\u00e9s niega cualquier relaci\u00f3n empresarial, lo acusan a \u00e9l, a su hermana Mariana y a su ex apoderado Alfonso Dur\u00e1n de haberse apropiado del dinero.JB<\/p>\n<\/p>\n<h6> 2012-05-24 20:36:55 <\/h6>\n<p><!--\n<link rel=\"stylesheet\" href=\"css\/bootstrap.min.css\">\n\n\n<ul class=\"pagination\">\n\t    \n\t\n\n<li >\n\t<a href='?page_no=17286'>Previous<\/a>\n\t<\/li>\n\n\n       \n    \n\n<li><a href='?page_no=1'>1<\/a><\/li>\n\n\n\n<li><a href='?page_no=2'>2<\/a><\/li>\n\n\n\n<li><a>...<\/a><\/li>\n\n\n\n<li><a href='?page_no=17285'>17285<\/a><\/li>\n\n\n\n<li><a href='?page_no=17286'>17286<\/a><\/li>\n\n\n\n<li class='active'><a>17287<\/a><\/li>\n\n\n\n<li><a href='?page_no=17288'>17288<\/a><\/li>\n\n\n\n<li><a href='?page_no=17289'>17289<\/a><\/li>\n\n\n\n<li><a>...<\/a><\/li>\n\n\n\n<li><a href='?page_no=22911'>22911<\/a><\/li>\n\n\n\n<li><a href='?page_no=22912'>22912<\/a><\/li>\n\n    \n\t\n\n<li >\n\t<a href='?page_no=17288'>Next<\/a>\n\t<\/li>\n\n\n    \n\n<li><a href='?page_no=22912'>Last &rsaquo;&rsaquo;<\/a><\/li>\n\n<\/ul>\n\n\n--><br \/>\n<\/body><\/p>\n","protected":false},"excerpt":{"rendered":"<p>MAdri 24 mayo (4:36 pm)._El bailar\u00edn espa\u00f1ol Joaqu\u00edn Cort\u00e9s, que hace unas semanas estuvo en Buenos Aires, ser\u00e1 juzgado por los delitos de apropiaci\u00f3n indebida de 700 mil euros y estafa, a ra\u00edz de una denuncia realizada por empresarios argentinos. El juicio es una repetici\u00f3n del celebrado en 2010, en el que el artista fue [&hellip;]<\/p>\n","protected":false},"author":3,"featured_media":0,"comment_status":"open","ping_status":"open","sticky":false,"template":"","format":"standard","meta":{"footnotes":""},"categories":[21],"tags":[],"class_list":["post-65609","post","type-post","status-publish","format-standard","hentry","category-cultura"],"_links":{"self":[{"href":"https:\/\/diariodominicano.com\/index.php?rest_route=\/wp\/v2\/posts\/65609","targetHints":{"allow":["GET"]}}],"collection":[{"href":"https:\/\/diariodominicano.com\/index.php?rest_route=\/wp\/v2\/posts"}],"about":[{"href":"https:\/\/diariodominicano.com\/index.php?rest_route=\/wp\/v2\/types\/post"}],"author":[{"embeddable":true,"href":"https:\/\/diariodominicano.com\/index.php?rest_route=\/wp\/v2\/users\/3"}],"replies":[{"embeddable":true,"href":"https:\/\/diariodominicano.com\/index.php?rest_route=%2Fwp%2Fv2%2Fcomments&post=65609"}],"version-history":[{"count":0,"href":"https:\/\/diariodominicano.com\/index.php?rest_route=\/wp\/v2\/posts\/65609\/revisions"}],"wp:attachment":[{"href":"https:\/\/diariodominicano.com\/index.php?rest_route=%2Fwp%2Fv2%2Fmedia&parent=65609"}],"wp:term":[{"taxonomy":"category","embeddable":true,"href":"https:\/\/diariodominicano.com\/index.php?rest_route=%2Fwp%2Fv2%2Fcategories&post=65609"},{"taxonomy":"post_tag","embeddable":true,"href":"https:\/\/diariodominicano.com\/index.php?rest_route=%2Fwp%2Fv2%2Ftags&post=65609"}],"curies":[{"name":"wp","href":"https:\/\/api.w.org\/{rel}","templated":true}]}}