{"id":65607,"date":"2012-05-24T20:48:46","date_gmt":"2012-05-24T20:48:46","guid":{"rendered":"http:\/\/diariodominicano.ddns.net\/?p=65607"},"modified":"2012-05-24T20:48:46","modified_gmt":"2012-05-24T20:48:46","slug":"argentinas-para-todos-los-gustos-en-cannes","status":"publish","type":"post","link":"https:\/\/diariodominicano.com\/?p=65607","title":{"rendered":"Argentinas para todos los gustos en Cannes"},"content":{"rendered":"<p><body><\/p>\n<p>Francia Cannes 24 mayo (4:49 pm)._Natalia Oreiro, Luisana Lopilato, Araceli Gonz\u00e1lez y Mar\u00eda Laura Santill\u00e1n en la alfombra roja de Cannes. Participaron de una campa\u00f1a promocional de la marca de cosm\u00e9ticos L\u00b4oreal. <\/p>\n<\/p>\n<p>Luisana Lopilato, Araceli Gonz\u00e1lez, Mar\u00eda Laura Santill\u00e1n y la uruguaya &#8211; pero argentina por adopci\u00f3n &#8211;  Natalia Oreiro,  viajaron al Festival Internacional de Cine de Cannes, donde participaron de una campa\u00f1a promocional para la marca de cosm\u00e9ticos L&#8217;oreal, de la que son embajadoras.<\/p>\n<\/p>\n<p>La esposa de Michael Bubl\u00e9 no par\u00f3 de compartir im\u00e1genes a trav\u00e9s de Twitter. En una se la puede ver con el vestido verde esmeralda que le dise\u00f1\u00f3 el modisto Jorge Ib\u00e1\u00f1ez.<\/p>\n<\/p>\n<p>Oreiro, que viaj\u00f3 acompa\u00f1ada por su marido, el m\u00fasico Ricardo Mollo,  y su peque\u00f1o beb\u00e9, Merl\u00edn, caus\u00f3 varios suspiros en la alfombra roja al lucir un vestido blanco con un gran escote y muy ce\u00f1ido al cuerpo de su marca, Las Oreiro.  La acrtiz, que asisti\u00f3 al festival, para presentar el filme Infancia Clandestina, demostr\u00f3 que recuper\u00f3 su figura.<\/p>\n<\/p>\n<p>Las dos actrices,  junto a Araceli, que luci\u00f3 un vestido tambi\u00e9n verde de Laurencio Adot,  y la periodista de Telenoche, asistieron a la proyecci\u00f3n de la pel\u00edcula Killing them softly, protagonizada por Brad Pitt. <\/p>\n<\/p>\n<p>Las argentinas forman parte del staff de 35 embajadoras internacionales de la marca, entre las que se encuentran Jane Fonda, Eva Longoria y Andie MacDowell.JB<\/p>\n<h6> 2012-05-24 20:48:46 <\/h6>\n<p><!--\n<link rel=\"stylesheet\" href=\"css\/bootstrap.min.css\">\n\n\n<ul class=\"pagination\">\n\t    \n\t\n\n<li >\n\t<a href='?page_no=17284'>Previous<\/a>\n\t<\/li>\n\n\n       \n    \n\n<li><a href='?page_no=1'>1<\/a><\/li>\n\n\n\n<li><a href='?page_no=2'>2<\/a><\/li>\n\n\n\n<li><a>...<\/a><\/li>\n\n\n\n<li><a href='?page_no=17283'>17283<\/a><\/li>\n\n\n\n<li><a href='?page_no=17284'>17284<\/a><\/li>\n\n\n\n<li class='active'><a>17285<\/a><\/li>\n\n\n\n<li><a href='?page_no=17286'>17286<\/a><\/li>\n\n\n\n<li><a href='?page_no=17287'>17287<\/a><\/li>\n\n\n\n<li><a>...<\/a><\/li>\n\n\n\n<li><a href='?page_no=22911'>22911<\/a><\/li>\n\n\n\n<li><a href='?page_no=22912'>22912<\/a><\/li>\n\n    \n\t\n\n<li >\n\t<a href='?page_no=17286'>Next<\/a>\n\t<\/li>\n\n\n    \n\n<li><a href='?page_no=22912'>Last &rsaquo;&rsaquo;<\/a><\/li>\n\n<\/ul>\n\n\n--><br \/>\n<\/body><\/p>\n","protected":false},"excerpt":{"rendered":"<p>Francia Cannes 24 mayo (4:49 pm)._Natalia Oreiro, Luisana Lopilato, Araceli Gonz\u00e1lez y Mar\u00eda Laura Santill\u00e1n en la alfombra roja de Cannes. Participaron de una campa\u00f1a promocional de la marca de cosm\u00e9ticos L\u00b4oreal. Luisana Lopilato, Araceli Gonz\u00e1lez, Mar\u00eda Laura Santill\u00e1n y la uruguaya &#8211; pero argentina por adopci\u00f3n &#8211; Natalia Oreiro, viajaron al Festival Internacional de [&hellip;]<\/p>\n","protected":false},"author":3,"featured_media":0,"comment_status":"open","ping_status":"open","sticky":false,"template":"","format":"standard","meta":{"footnotes":""},"categories":[21],"tags":[],"class_list":["post-65607","post","type-post","status-publish","format-standard","hentry","category-cultura"],"_links":{"self":[{"href":"https:\/\/diariodominicano.com\/index.php?rest_route=\/wp\/v2\/posts\/65607","targetHints":{"allow":["GET"]}}],"collection":[{"href":"https:\/\/diariodominicano.com\/index.php?rest_route=\/wp\/v2\/posts"}],"about":[{"href":"https:\/\/diariodominicano.com\/index.php?rest_route=\/wp\/v2\/types\/post"}],"author":[{"embeddable":true,"href":"https:\/\/diariodominicano.com\/index.php?rest_route=\/wp\/v2\/users\/3"}],"replies":[{"embeddable":true,"href":"https:\/\/diariodominicano.com\/index.php?rest_route=%2Fwp%2Fv2%2Fcomments&post=65607"}],"version-history":[{"count":0,"href":"https:\/\/diariodominicano.com\/index.php?rest_route=\/wp\/v2\/posts\/65607\/revisions"}],"wp:attachment":[{"href":"https:\/\/diariodominicano.com\/index.php?rest_route=%2Fwp%2Fv2%2Fmedia&parent=65607"}],"wp:term":[{"taxonomy":"category","embeddable":true,"href":"https:\/\/diariodominicano.com\/index.php?rest_route=%2Fwp%2Fv2%2Fcategories&post=65607"},{"taxonomy":"post_tag","embeddable":true,"href":"https:\/\/diariodominicano.com\/index.php?rest_route=%2Fwp%2Fv2%2Ftags&post=65607"}],"curies":[{"name":"wp","href":"https:\/\/api.w.org\/{rel}","templated":true}]}}