{"id":65605,"date":"2012-05-24T21:01:49","date_gmt":"2012-05-24T21:01:49","guid":{"rendered":"http:\/\/diariodominicano.ddns.net\/?p=65605"},"modified":"2012-05-24T21:01:49","modified_gmt":"2012-05-24T21:01:49","slug":"uasd-investira-50-maestros-de-bellas-artes","status":"publish","type":"post","link":"https:\/\/diariodominicano.com\/?p=65605","title":{"rendered":"UASD investir\u00e1 50 maestros de Bellas Artes"},"content":{"rendered":"<p><body><\/p>\n<p><img decoding=\"async\" src=\"img3\/profe 24.jpg\" \/><br \/><img decoding=\"async\" src=\"img3\/profe 24.jpg\" \/>  <\/p>\n<p><span class=\"text1noticias\">Santo Domingo RD 24 mayo (4:55 pm).- La Facultad de Artes de la Universidad Aut\u00f3noma de Santo Domingo (UASD) investir\u00e1 este martes 29 a un grupo de 50 maestros de artes en ejercicio del Conservatorio Nacional, Escuela Nacional de Artes Visuales y Bellas Artes.<\/span><\/p>\n<\/p>\n<p><span class=\"text1noticias\">La actividad, que se llevar\u00e1 a cabo en el Aula Magna de la academia, a las 10:00 A.M.,  contar\u00e1 con la presencia del Ministro de Cultura, licenciado Rafael Lantigua y la viceministra Bernarda Jorge, quienes junto a las autoridades del centro de altos estudios, entregar\u00e1n los t\u00edtulos a los investidos que durante tres a\u00f1os cursaron  el programa \u00abPlan de Capacitaci\u00f3n y Titulaci\u00f3n de Profesores de Bellas Artes y Cultura\u00bb.<\/span><\/p>\n<\/p>\n<p><span class=\"text1noticias\">La profesora Sonia Altagracia Peralta Diep se graduar\u00e1 con el honor  Summa Cum Laude, con un \u00edndice de 95.6 puntos, 20 estar\u00e1n en el rengl\u00f3n de Magna Cum Laude y 28 Cum Laude.<\/span><\/p>\n<\/p>\n<p><span class=\"text1noticias\">La decana de la facultad, maestra Mar\u00eda del Pilar Domingo,  mostr\u00f3 su satisfacci\u00f3n por haber concluido  este programa, el cual dijo fue especial, ya que estos graduandos son maestros de maestros que pasaron a ser estudiantes y hoy se titulan despu\u00e9s de cumplir a cabalidad con todo el programa de preparaci\u00f3n a que fueron sometidos.<\/span><\/p>\n<\/p>\n<p><span class=\"text1noticias\">El Plan de Capacitaci\u00f3n y Titulaci\u00f3n de Profesores de Bellas Artes y Cultura, es el resultado de un convenio firmado entre la Primada de Am\u00e9rica y el Ministerio de Cultura en el a\u00f1o 2007 y que inici\u00f3 en el segundo semestre del 2008 con el auspicio del Ministerio de Cultura.AD<\/span>.- <\/p>\n<\/p>\n<\/p>\n<h6> 2012-05-24 21:01:49 <\/h6>\n<p><!--\n<link rel=\"stylesheet\" href=\"css\/bootstrap.min.css\">\n\n\n<ul class=\"pagination\">\n\t    \n\t\n\n<li >\n\t<a href='?page_no=17282'>Previous<\/a>\n\t<\/li>\n\n\n       \n    \n\n<li><a href='?page_no=1'>1<\/a><\/li>\n\n\n\n<li><a href='?page_no=2'>2<\/a><\/li>\n\n\n\n<li><a>...<\/a><\/li>\n\n\n\n<li><a href='?page_no=17281'>17281<\/a><\/li>\n\n\n\n<li><a href='?page_no=17282'>17282<\/a><\/li>\n\n\n\n<li class='active'><a>17283<\/a><\/li>\n\n\n\n<li><a href='?page_no=17284'>17284<\/a><\/li>\n\n\n\n<li><a href='?page_no=17285'>17285<\/a><\/li>\n\n\n\n<li><a>...<\/a><\/li>\n\n\n\n<li><a href='?page_no=22911'>22911<\/a><\/li>\n\n\n\n<li><a href='?page_no=22912'>22912<\/a><\/li>\n\n    \n\t\n\n<li >\n\t<a href='?page_no=17284'>Next<\/a>\n\t<\/li>\n\n\n    \n\n<li><a href='?page_no=22912'>Last &rsaquo;&rsaquo;<\/a><\/li>\n\n<\/ul>\n\n\n--><br \/>\n<\/body><\/p>\n","protected":false},"excerpt":{"rendered":"<p>Santo Domingo RD 24 mayo (4:55 pm).- La Facultad de Artes de la Universidad Aut\u00f3noma de Santo Domingo (UASD) investir\u00e1 este martes 29 a un grupo de 50 maestros de artes en ejercicio del Conservatorio Nacional, Escuela Nacional de Artes Visuales y Bellas Artes. La actividad, que se llevar\u00e1 a cabo en el Aula Magna [&hellip;]<\/p>\n","protected":false},"author":3,"featured_media":0,"comment_status":"open","ping_status":"open","sticky":false,"template":"","format":"standard","meta":{"footnotes":""},"categories":[21],"tags":[],"class_list":["post-65605","post","type-post","status-publish","format-standard","hentry","category-cultura"],"_links":{"self":[{"href":"https:\/\/diariodominicano.com\/index.php?rest_route=\/wp\/v2\/posts\/65605","targetHints":{"allow":["GET"]}}],"collection":[{"href":"https:\/\/diariodominicano.com\/index.php?rest_route=\/wp\/v2\/posts"}],"about":[{"href":"https:\/\/diariodominicano.com\/index.php?rest_route=\/wp\/v2\/types\/post"}],"author":[{"embeddable":true,"href":"https:\/\/diariodominicano.com\/index.php?rest_route=\/wp\/v2\/users\/3"}],"replies":[{"embeddable":true,"href":"https:\/\/diariodominicano.com\/index.php?rest_route=%2Fwp%2Fv2%2Fcomments&post=65605"}],"version-history":[{"count":0,"href":"https:\/\/diariodominicano.com\/index.php?rest_route=\/wp\/v2\/posts\/65605\/revisions"}],"wp:attachment":[{"href":"https:\/\/diariodominicano.com\/index.php?rest_route=%2Fwp%2Fv2%2Fmedia&parent=65605"}],"wp:term":[{"taxonomy":"category","embeddable":true,"href":"https:\/\/diariodominicano.com\/index.php?rest_route=%2Fwp%2Fv2%2Fcategories&post=65605"},{"taxonomy":"post_tag","embeddable":true,"href":"https:\/\/diariodominicano.com\/index.php?rest_route=%2Fwp%2Fv2%2Ftags&post=65605"}],"curies":[{"name":"wp","href":"https:\/\/api.w.org\/{rel}","templated":true}]}}