{"id":65602,"date":"2012-05-25T16:56:47","date_gmt":"2012-05-25T16:56:47","guid":{"rendered":"http:\/\/diariodominicano.ddns.net\/?p=65602"},"modified":"2012-05-25T16:56:47","modified_gmt":"2012-05-25T16:56:47","slug":"cultura-y-uasd-titulan-profesores-de-arte","status":"publish","type":"post","link":"https:\/\/diariodominicano.com\/?p=65602","title":{"rendered":"Cultura y UASD titulan profesores de arte"},"content":{"rendered":"<p><body><\/p>\n<p><img decoding=\"async\" src=\"img3\/bernarda jorge.JPG\" \/>  <\/p>\n<p>Santo Domingo, RD, 25 mayo, 12:45 pm.- El Ministerio de Cultura en Coordinaci\u00f3n con la Universidad Aut\u00f3noma de Santo Domingo (UASD), otorgar\u00e1n t\u00edtulos a 58 docentes que cursaron el Plan Especial de Capacitaci\u00f3n y Titulaci\u00f3n, para profesores de Artes en servicio.<\/p>\n<p>El evento, se realizar\u00e1 el pr\u00f3ximo martes 29, a las 10 de la ma\u00f1ana, y ser\u00e1 presidido por el Ministro de Cultura, Jos\u00e9 Rafael Lantigua, el Rector de la Universidad Aut\u00f3noma de Santo Domingo, Mateo Aquino Febrillet, y la Decana de la Facultad de Artes, Maestra Mar\u00eda del Pilar Domingo. <\/p>\n<p>Bernarda Jorge, viceministro de Cultura, se\u00f1al\u00f3 que \u00abeste plan, fue concebido en el marco del convenio de colaboraci\u00f3n cultural entre ambas instituciones, como expresi\u00f3n de la voluntad gubernamental de promover las ense\u00f1anzas art\u00edsticas en todos los niveles, y contribuir al desarrollo de las artes, los talentos art\u00edsticos y profesionales del pa\u00eds\u00bb. <\/p>\n<p>Agreg\u00f3 que, \u00abDicho proyecto de capacitaci\u00f3n, se sustenta el proceso de transformaci\u00f3n curricular, iniciado por la entidad cultural a finales del a\u00f1o 2004, conducente a un novedoso Plan de Estudios y normativa del Sistema Nacional de Formaci\u00f3n Art\u00edstica Especializada, sentando las bases para el nivel superior de las ense\u00f1anzas art\u00edsticas en el pa\u00eds\u00bb.<\/p>\n<p>Para las autoridades de Cultura y la UASD, la titulaci\u00f3n obtenida por los docentes, es un acontecimiento que enaltece al estudiantado de artes, la comunidad acad\u00e9mica y magisterial, al tiempo de valorar, que dicho esfuerzo abrir\u00e1 renovados horizontes al ejercicio profesional a los nuevos graduandos.<\/p>\n<\/p>\n<\/p>\n<\/p>\n<h6> 2012-05-25 16:56:47 <\/h6>\n<p><!--\n<link rel=\"stylesheet\" href=\"css\/bootstrap.min.css\">\n\n\n<ul class=\"pagination\">\n\t    \n\t\n\n<li >\n\t<a href='?page_no=17279'>Previous<\/a>\n\t<\/li>\n\n\n       \n    \n\n<li><a href='?page_no=1'>1<\/a><\/li>\n\n\n\n<li><a href='?page_no=2'>2<\/a><\/li>\n\n\n\n<li><a>...<\/a><\/li>\n\n\n\n<li><a href='?page_no=17278'>17278<\/a><\/li>\n\n\n\n<li><a href='?page_no=17279'>17279<\/a><\/li>\n\n\n\n<li class='active'><a>17280<\/a><\/li>\n\n\n\n<li><a href='?page_no=17281'>17281<\/a><\/li>\n\n\n\n<li><a href='?page_no=17282'>17282<\/a><\/li>\n\n\n\n<li><a>...<\/a><\/li>\n\n\n\n<li><a href='?page_no=22911'>22911<\/a><\/li>\n\n\n\n<li><a href='?page_no=22912'>22912<\/a><\/li>\n\n    \n\t\n\n<li >\n\t<a href='?page_no=17281'>Next<\/a>\n\t<\/li>\n\n\n    \n\n<li><a href='?page_no=22912'>Last &rsaquo;&rsaquo;<\/a><\/li>\n\n<\/ul>\n\n\n--><br \/>\n<\/body><\/p>\n","protected":false},"excerpt":{"rendered":"<p>Santo Domingo, RD, 25 mayo, 12:45 pm.- El Ministerio de Cultura en Coordinaci\u00f3n con la Universidad Aut\u00f3noma de Santo Domingo (UASD), otorgar\u00e1n t\u00edtulos a 58 docentes que cursaron el Plan Especial de Capacitaci\u00f3n y Titulaci\u00f3n, para profesores de Artes en servicio. El evento, se realizar\u00e1 el pr\u00f3ximo martes 29, a las 10 de la ma\u00f1ana, [&hellip;]<\/p>\n","protected":false},"author":3,"featured_media":0,"comment_status":"open","ping_status":"open","sticky":false,"template":"","format":"standard","meta":{"footnotes":""},"categories":[21],"tags":[],"class_list":["post-65602","post","type-post","status-publish","format-standard","hentry","category-cultura"],"_links":{"self":[{"href":"https:\/\/diariodominicano.com\/index.php?rest_route=\/wp\/v2\/posts\/65602","targetHints":{"allow":["GET"]}}],"collection":[{"href":"https:\/\/diariodominicano.com\/index.php?rest_route=\/wp\/v2\/posts"}],"about":[{"href":"https:\/\/diariodominicano.com\/index.php?rest_route=\/wp\/v2\/types\/post"}],"author":[{"embeddable":true,"href":"https:\/\/diariodominicano.com\/index.php?rest_route=\/wp\/v2\/users\/3"}],"replies":[{"embeddable":true,"href":"https:\/\/diariodominicano.com\/index.php?rest_route=%2Fwp%2Fv2%2Fcomments&post=65602"}],"version-history":[{"count":0,"href":"https:\/\/diariodominicano.com\/index.php?rest_route=\/wp\/v2\/posts\/65602\/revisions"}],"wp:attachment":[{"href":"https:\/\/diariodominicano.com\/index.php?rest_route=%2Fwp%2Fv2%2Fmedia&parent=65602"}],"wp:term":[{"taxonomy":"category","embeddable":true,"href":"https:\/\/diariodominicano.com\/index.php?rest_route=%2Fwp%2Fv2%2Fcategories&post=65602"},{"taxonomy":"post_tag","embeddable":true,"href":"https:\/\/diariodominicano.com\/index.php?rest_route=%2Fwp%2Fv2%2Ftags&post=65602"}],"curies":[{"name":"wp","href":"https:\/\/api.w.org\/{rel}","templated":true}]}}