{"id":65600,"date":"2012-05-25T17:36:22","date_gmt":"2012-05-25T17:36:22","guid":{"rendered":"http:\/\/diariodominicano.ddns.net\/?p=65600"},"modified":"2012-05-25T17:36:22","modified_gmt":"2012-05-25T17:36:22","slug":"africa-encara-su-dia-con-proyeccion-de-desarrollo","status":"publish","type":"post","link":"https:\/\/diariodominicano.com\/?p=65600","title":{"rendered":"\u00c1frica encara su d\u00eda con proyecci\u00f3n de desarrollo"},"content":{"rendered":"<p><body><\/p>\n<p><img decoding=\"async\" src=\"img3\/africa.jpg\" \/>  <\/p>\n<p>Luanda, 25 may (PL), 1:36 pm.-  El D\u00eda de \u00c1frica se celebra hoy en este continente con la mirada puesta en su desarrollo, en medio de problemas existentes como una distribuci\u00f3n desigual de las riquezas y dis\u00edmiles enfermedades que afectan a poblaciones.<\/p>\n<\/p>\n<p>Muchos recuerdan en esta hist\u00f3rica fecha en que fue creada en 1963 la Organizaci\u00f3n para la Unidad Africana (OUA), que dio paso en 1992 a la actual Uni\u00f3n Africana, la contribuci\u00f3n de ese organismo en la conquista de la independencia de Estados de la regi\u00f3n.<\/p>\n<\/p>\n<p>Los africanos rinden tributo hoy a padres fundadores como los l\u00edderes Patricio Lumumba, Kwame Nkrumah, Am\u00edlcar Cabral, Agostinho Neto, Samora Machel, Julius Nyerere, y muchos otros, que ser\u00e1n recordados siempre como hijos ilustres de este continente.<\/p>\n<\/p>\n<p>Esos hombres, defensores de la paz y unidad continental, contribuyeron a la liberaci\u00f3n nacional de sus respectivos pa\u00edses y a la independencia de \u00c1frica del yugo colonial.<\/p>\n<\/p>\n<p>Lograda la independencia, la Uni\u00f3n Africana, que integran 53 pa\u00edses, prioriza en la actualidad el crecimiento de las econom\u00edas de la regi\u00f3n, la integraci\u00f3n y el acceso de la poblaci\u00f3n a servicios esenciales b\u00e1sicos.<\/p>\n<\/p>\n<p>Resultan insuficientes, no obstante, los esfuerzos para el impulso de sectores como la salud, educaci\u00f3n, y por garantizar el empleo y agua potable, en medio de problemas de infraestructuras y sobre todo, crecientes desigualdades sociales.<\/p>\n<\/p>\n<p>Constituye objeto de preocupaci\u00f3n, en ese sentido, el que miles de mujeres y ni\u00f1os en la empobrecida \u00c1frica subsahariana, donde existen elevados \u00edndices de Virus de Inmunodeficiencia Humana, mueren cada a\u00f1o de enfermedades curables como la desnutrici\u00f3n, malaria o tuberculosis.<\/p>\n<\/p>\n<p>No pocos como el prestigioso Panel para el Progreso de \u00c1frica advierten que pese al elevado ritmo de crecimiento econ\u00f3mico de este continente existe una creciente marginalizaci\u00f3n en parte de sociedades.<\/p>\n<\/p>\n<p>Ese panel, presidido por el exsecretario general de Naciones Unidas Kofi Annan, considera que las diferencias son enormes en cuanto a oportunidades b\u00e1sicas como salud, educaci\u00f3n y participaci\u00f3n social.<\/p>\n<\/p>\n<p>Ante esa realidad, y pese a que en la \u00faltima d\u00e9cada el 70 por ciento de los pa\u00edses africanos alcanz\u00f3 el cuatro por ciento de crecimiento del Producto Interno Bruto, millones de hijos de esta tierra a\u00fan no logran su pleno potencial.<\/p>\n<\/p>\n<p>Ello obstruye el desarrollo humano, econ\u00f3mico y social, se\u00f1alan organismos internacionales.<\/p>\n<\/p>\n<p>Limita, por otra parte, la estabilidad y paz africana la existencia de conflictos internos en pa\u00edses como Madagascar, Guinea Bissau y Mali, donde ocurrieron golpes de estado que depusieron a los respectivos gobiernos leg\u00edtimos en esos territorios.<\/p>\n<\/p>\n<p>Naciones Unidas, no obstante, ha reconocido los esfuerzos de la regi\u00f3n para consolidar la paz y seguridad y rechazar cambios de poder que violan la Constituci\u00f3n.<\/p>\n<\/p>\n<p>Para muchos, como lo ped\u00eda el propio Krumah, \u00c1frica debe encontrar soluciones propias a sus problemas, con la definici\u00f3n de claras pol\u00edticas gubernamentales que pongan en el centro de su proyecci\u00f3n la mejor\u00eda de las condiciones de vida de las poblaciones.<\/p>\n<\/p>\n<p>\u00c1frica, continente con m\u00e1s de 200 millones de personas que padecen hambre en un universo poblacional superior a los mil millones de habitantes, labora por el logro de la integraci\u00f3n regional y su avance, sin interferencias internas.<\/p>\n<h6> 2012-05-25 17:36:22 <\/h6>\n<p><!--\n<link rel=\"stylesheet\" href=\"css\/bootstrap.min.css\">\n\n\n<ul class=\"pagination\">\n\t    \n\t\n\n<li >\n\t<a href='?page_no=17277'>Previous<\/a>\n\t<\/li>\n\n\n       \n    \n\n<li><a href='?page_no=1'>1<\/a><\/li>\n\n\n\n<li><a href='?page_no=2'>2<\/a><\/li>\n\n\n\n<li><a>...<\/a><\/li>\n\n\n\n<li><a href='?page_no=17276'>17276<\/a><\/li>\n\n\n\n<li><a href='?page_no=17277'>17277<\/a><\/li>\n\n\n\n<li class='active'><a>17278<\/a><\/li>\n\n\n\n<li><a href='?page_no=17279'>17279<\/a><\/li>\n\n\n\n<li><a href='?page_no=17280'>17280<\/a><\/li>\n\n\n\n<li><a>...<\/a><\/li>\n\n\n\n<li><a href='?page_no=22911'>22911<\/a><\/li>\n\n\n\n<li><a href='?page_no=22912'>22912<\/a><\/li>\n\n    \n\t\n\n<li >\n\t<a href='?page_no=17279'>Next<\/a>\n\t<\/li>\n\n\n    \n\n<li><a href='?page_no=22912'>Last &rsaquo;&rsaquo;<\/a><\/li>\n\n<\/ul>\n\n\n--><br \/>\n<\/body><\/p>\n","protected":false},"excerpt":{"rendered":"<p>Luanda, 25 may (PL), 1:36 pm.- El D\u00eda de \u00c1frica se celebra hoy en este continente con la mirada puesta en su desarrollo, en medio de problemas existentes como una distribuci\u00f3n desigual de las riquezas y dis\u00edmiles enfermedades que afectan a poblaciones. Muchos recuerdan en esta hist\u00f3rica fecha en que fue creada en 1963 la [&hellip;]<\/p>\n","protected":false},"author":3,"featured_media":0,"comment_status":"open","ping_status":"open","sticky":false,"template":"","format":"standard","meta":{"footnotes":""},"categories":[21],"tags":[],"class_list":["post-65600","post","type-post","status-publish","format-standard","hentry","category-cultura"],"_links":{"self":[{"href":"https:\/\/diariodominicano.com\/index.php?rest_route=\/wp\/v2\/posts\/65600","targetHints":{"allow":["GET"]}}],"collection":[{"href":"https:\/\/diariodominicano.com\/index.php?rest_route=\/wp\/v2\/posts"}],"about":[{"href":"https:\/\/diariodominicano.com\/index.php?rest_route=\/wp\/v2\/types\/post"}],"author":[{"embeddable":true,"href":"https:\/\/diariodominicano.com\/index.php?rest_route=\/wp\/v2\/users\/3"}],"replies":[{"embeddable":true,"href":"https:\/\/diariodominicano.com\/index.php?rest_route=%2Fwp%2Fv2%2Fcomments&post=65600"}],"version-history":[{"count":0,"href":"https:\/\/diariodominicano.com\/index.php?rest_route=\/wp\/v2\/posts\/65600\/revisions"}],"wp:attachment":[{"href":"https:\/\/diariodominicano.com\/index.php?rest_route=%2Fwp%2Fv2%2Fmedia&parent=65600"}],"wp:term":[{"taxonomy":"category","embeddable":true,"href":"https:\/\/diariodominicano.com\/index.php?rest_route=%2Fwp%2Fv2%2Fcategories&post=65600"},{"taxonomy":"post_tag","embeddable":true,"href":"https:\/\/diariodominicano.com\/index.php?rest_route=%2Fwp%2Fv2%2Ftags&post=65600"}],"curies":[{"name":"wp","href":"https:\/\/api.w.org\/{rel}","templated":true}]}}