{"id":65599,"date":"2012-05-25T17:38:33","date_gmt":"2012-05-25T17:38:33","guid":{"rendered":"http:\/\/diariodominicano.ddns.net\/?p=65599"},"modified":"2012-05-25T17:38:33","modified_gmt":"2012-05-25T17:38:33","slug":"los-espejos-de-rachel-valdes-en-el-malecon-habanero","status":"publish","type":"post","link":"https:\/\/diariodominicano.com\/?p=65599","title":{"rendered":"Los espejos de Rachel Vald\u00e9s en el malec\u00f3n habanero"},"content":{"rendered":"<p><body><\/p>\n<p><img decoding=\"async\" src=\"img3\/malecon espejo.jpg\" \/>  <\/p>\n<\/p>\n<p>La Habana, 25 may (PL), 1:38 pm.-  Desde un espejo instalado en la acera del malec\u00f3n habanero, la artista cubana Rachel Vald\u00e9s invita a reflexionar sobre la dualidad entre la vida real e ideal del ser humano.<\/p>\n<\/p>\n<p>Realidad o Happily ever after, una de las 25 piezas del proyecto colectivo Detr\u00e1s del muro -que abarca casi siete kil\u00f3metros del malec\u00f3n y otras \u00e1reas aleda\u00f1as-, congrega al p\u00fablico en la Bienal habanera.<\/p>\n<\/p>\n<p>Con 16 metros de ancho por tres de alto, el espejo atrae la atenci\u00f3n de j\u00f3venes y adultos desde su instalaci\u00f3n el pasado 13 de mayo. Todos quieren verse reflejados en su superficie, algunos posan para una foto de recuerdo, otros bailan.<\/p>\n<\/p>\n<p>Mi instalaci\u00f3n trata sobre la realidad objetiva y subjetiva, explic\u00f3 a Prensa Latina la autora, quien participa por primera vez en la cita de las artes visuales.<\/p>\n<\/p>\n<p>Con esta pieza quer\u00eda mostrar de una manera metaf\u00f3rica el sentido del camino de la vida del hombre. \u00abTransitas por 16 metros entre dos realidades, la que vives y la ideal. Al final del camino, siempre habr\u00e1s deseado un final feliz\u00bb. El ser humano, agreg\u00f3, ve todo lo que le rodea pero muy pocas veces se ve a si mismo. Esa era la historia que quer\u00eda abordar con mi trabajo.<\/p>\n<\/p>\n<p>Vald\u00e9s manifest\u00f3 su alegr\u00eda por exponer en un espacio p\u00fablico junto a creadores tan diversos, y que su obra haya recibido una calurosa recepci\u00f3n del p\u00fablico. Es gratificante que las personas se detengan o agrupen delante del espejo, cada quien con su energ\u00eda y vivencias, apunt\u00f3.<\/p>\n<\/p>\n<p>Exhibir su pieza en el malec\u00f3n tambi\u00e9n tiene un significado especial para ella. Es la zona por donde m\u00e1s transitan los cubanos, argument\u00f3. Integrante de la m\u00e1s nueva generaci\u00f3n de creadores de la isla, es graduada, en la especialidad de pintura, de la Academia de San Alejandro y una de los m\u00e1s de 400 artistas cubanos que participan en la bienal junto a otros 185 creadores de 43 pa\u00edses.<\/p>\n<h6> 2012-05-25 17:38:33 <\/h6>\n<p><!--\n<link rel=\"stylesheet\" href=\"css\/bootstrap.min.css\">\n\n\n<ul class=\"pagination\">\n\t    \n\t\n\n<li >\n\t<a href='?page_no=17276'>Previous<\/a>\n\t<\/li>\n\n\n       \n    \n\n<li><a href='?page_no=1'>1<\/a><\/li>\n\n\n\n<li><a href='?page_no=2'>2<\/a><\/li>\n\n\n\n<li><a>...<\/a><\/li>\n\n\n\n<li><a href='?page_no=17275'>17275<\/a><\/li>\n\n\n\n<li><a href='?page_no=17276'>17276<\/a><\/li>\n\n\n\n<li class='active'><a>17277<\/a><\/li>\n\n\n\n<li><a href='?page_no=17278'>17278<\/a><\/li>\n\n\n\n<li><a href='?page_no=17279'>17279<\/a><\/li>\n\n\n\n<li><a>...<\/a><\/li>\n\n\n\n<li><a href='?page_no=22911'>22911<\/a><\/li>\n\n\n\n<li><a href='?page_no=22912'>22912<\/a><\/li>\n\n    \n\t\n\n<li >\n\t<a href='?page_no=17278'>Next<\/a>\n\t<\/li>\n\n\n    \n\n<li><a href='?page_no=22912'>Last &rsaquo;&rsaquo;<\/a><\/li>\n\n<\/ul>\n\n\n--><br \/>\n<\/body><\/p>\n","protected":false},"excerpt":{"rendered":"<p>La Habana, 25 may (PL), 1:38 pm.- Desde un espejo instalado en la acera del malec\u00f3n habanero, la artista cubana Rachel Vald\u00e9s invita a reflexionar sobre la dualidad entre la vida real e ideal del ser humano. Realidad o Happily ever after, una de las 25 piezas del proyecto colectivo Detr\u00e1s del muro -que abarca [&hellip;]<\/p>\n","protected":false},"author":3,"featured_media":0,"comment_status":"open","ping_status":"open","sticky":false,"template":"","format":"standard","meta":{"footnotes":""},"categories":[21],"tags":[],"class_list":["post-65599","post","type-post","status-publish","format-standard","hentry","category-cultura"],"_links":{"self":[{"href":"https:\/\/diariodominicano.com\/index.php?rest_route=\/wp\/v2\/posts\/65599","targetHints":{"allow":["GET"]}}],"collection":[{"href":"https:\/\/diariodominicano.com\/index.php?rest_route=\/wp\/v2\/posts"}],"about":[{"href":"https:\/\/diariodominicano.com\/index.php?rest_route=\/wp\/v2\/types\/post"}],"author":[{"embeddable":true,"href":"https:\/\/diariodominicano.com\/index.php?rest_route=\/wp\/v2\/users\/3"}],"replies":[{"embeddable":true,"href":"https:\/\/diariodominicano.com\/index.php?rest_route=%2Fwp%2Fv2%2Fcomments&post=65599"}],"version-history":[{"count":0,"href":"https:\/\/diariodominicano.com\/index.php?rest_route=\/wp\/v2\/posts\/65599\/revisions"}],"wp:attachment":[{"href":"https:\/\/diariodominicano.com\/index.php?rest_route=%2Fwp%2Fv2%2Fmedia&parent=65599"}],"wp:term":[{"taxonomy":"category","embeddable":true,"href":"https:\/\/diariodominicano.com\/index.php?rest_route=%2Fwp%2Fv2%2Fcategories&post=65599"},{"taxonomy":"post_tag","embeddable":true,"href":"https:\/\/diariodominicano.com\/index.php?rest_route=%2Fwp%2Fv2%2Ftags&post=65599"}],"curies":[{"name":"wp","href":"https:\/\/api.w.org\/{rel}","templated":true}]}}