{"id":65597,"date":"2012-05-25T19:21:32","date_gmt":"2012-05-25T19:21:32","guid":{"rendered":"http:\/\/diariodominicano.ddns.net\/?p=65597"},"modified":"2012-05-25T19:21:32","modified_gmt":"2012-05-25T19:21:32","slug":"los-diplomaticos-dominicanos-hacen-muy-poco-por-los-artistas-plasticos","status":"publish","type":"post","link":"https:\/\/diariodominicano.com\/?p=65597","title":{"rendered":"\u00abLos diplom\u00e1ticos dominicanos hacen muy poco por los artistas pl\u00e1sticos\u00bb"},"content":{"rendered":"<p><body><\/p>\n<p>Santo Domingo, 25 mayo (3:26 pm)._ Cincuenta a\u00f1os despu\u00e9s, la destacada artista del pincel y profesora de varias generaciones, Elsa N\u00fa\u00f1ez asegura que vali\u00f3 la pena apostar a las artes pl\u00e1sticas.<\/p>\n<\/p>\n<p>Una labor ininterrumpida que le ha merecido el reconocimiento de nacionales y extranjeros. Alguna de sus obras ocupan espacios en importantes instituciones del pa\u00eds y en otras naciones.<\/p>\n<\/p>\n<p>N\u00fa\u00f1ez celebra la vida y la acogida que ha recibido. El pr\u00f3ximo 5 de junio dejar\u00e1 instalada, en el Museo de Arte Moderno una retrospectiva de su labor iniciada en 1962.<\/p>\n<\/p>\n<p>El p\u00fablico tendr\u00e1 la oportunidad de apreciar unas 30 nuevas obras hasta el 10 de agosto. \u00abLlegar a 50 a\u00f1os para un pintor es una gran satisfacci\u00f3n y un logro de las metas que uno se ha trazado. Comenc\u00e9 a los doce a\u00f1os y no he parado. A partir de mi graduaci\u00f3n en Bellas Artes me march\u00e9 a Madrid a realizar un postgrado en la Real Academia de San Fernando, entre otros trabajos. Estar en contacto con las grandes obras de pintores relevantes tambi\u00e9n fue una gran escuela para mi\u00bb, refiere al momento que recuerda que sus inicios en la pintura comenzaron cuando ten\u00eda 5 a\u00f1os de edad.<\/p>\n<\/p>\n<p>Luces y sombras<\/p>\n<\/p>\n<p>Elsa N\u00fa\u00f1ez no ha tenido tropiezos en su carrera profesional, sin embargo expresa que la p\u00e9rdida de un hermano, con el que ten\u00eda una gran amistad la marc\u00f3 cuando fue asesinado. \u00abEn la guerra civil de 1965 perd\u00ed a un hermano y aparte del dolor que me provoc\u00f3 su muerte, la impotencia de no poder vengar su muerte incidi\u00f3 mucho en mis trabajos. Las tropas norteamericanas pensaron que estaban matando a mi otro hermano que s\u00ed estaba involucrado en la guerra. Al que le quitaron la vida era un poeta, un escritor y un gran amigo. Eso me marc\u00f3 a un nivel de que mi pintura era muy dram\u00e1tica porque usaba mucho el negro y el rojo, en s\u00edmbolo de luto, la violencia y el dolor\u00bb.<\/p>\n<\/p>\n<p>Denomin\u00f3 ese tiempo como su \u00ab\u00e9poca negra\u00bb y, a pesar de ello, fue una etapa muy importante para su desarrollo. Los cr\u00edticos de la \u00e9poca valoraron positivamente esos trabajos por la fuerza expresiva que transmit\u00edan. \u00abA ra\u00edz de mi viaje a Espa\u00f1a mi pintura cambi\u00f3. Apreci\u00f3 la luz, los blancos. Luego incursion\u00e9 en el paisaje abstracto y el expresionismo, me he quedado con estos \u00faltimos\u00bb.<\/p>\n<\/p>\n<p>La exposici\u00f3n<\/p>\n<\/p>\n<p>Ganadora de numerosos premios nacionales, incluyendo varios reconocimientos por oficiales, est\u00e1 consciente de que siempre hay algo que aprender para mejorar su desempe\u00f1o.<\/p>\n<\/p>\n<p>\u00abEn la retrospectiva que vamos a presentar, el p\u00fablico podr\u00e1 apreciar esos avances. Presentaremos 120 obras, m\u00e1s de 30 son nuevas. Algunas han sido prestadas por coleccionistas, lo cual agradezco mucho, as\u00ed como al Ministerio de Cultura, Orange Dominicana, Fundaci\u00f3n Corripio, entre otras\u00bb.<\/p>\n<\/p>\n<p>La noche de la inauguraci\u00f3n pondr\u00e1 a circular una monograf\u00eda que recoge su trayectoria. De igual modo proyectar\u00e1n un video de su vida que realiz\u00f3 hace un tiempo el cineasta Jimmy Sierra, as\u00ed como una jornada que incluye conversatorios de su paso por las artes pl\u00e1sticas.<\/p>\n<\/p>\n<p>El Internet y la pintura<\/p>\n<\/p>\n<p>Reconoce la importancia que desempe\u00f1a el Internet en estos tiempos.<\/p>\n<\/p>\n<p>Pese a eso, cree que por el Internet no desaparecer\u00e1 la labor de los pintores a pesar de que sus herramientas procuran que eso suceda. \u00abCreo que eso ser\u00e1 ef\u00edmero en la pintura porque la historia de la pintura en el universo no desaparecer\u00e1 por eso. El facilismo con el que se hacen esos trabajos no perduran porque no hay calidad\u00bb.<\/p>\n<\/p>\n<p>A favor de la identidad dominicana<\/p>\n<\/p>\n<p>Si bien Elsa N\u00fa\u00f1ez se conoce en el extranjero, considera que es muy poco lo que se hace a favor de los pintores experimentales y n\u00f3veles para su proyecci\u00f3n en el exterior.<\/p>\n<\/p>\n<p>Lo atribuye a la falta de visi\u00f3n que han tenido la mayor\u00eda de los representantes del cuerpo diplom\u00e1tico dominicano acreditado en el exterior. \u00abLos que deber\u00edan ocuparse de eso, los Embajadores y agregados culturales no est\u00e1n proyectando nuestra pintura, m\u00e1s bien se conoce la pintura haitiana como si fuera nuestra porque es la que llevan los turistas al extranjero\u00bb, tras dejar claro que esas pinturas haitianas deber\u00edan tener una identificaci\u00f3n de su pa\u00eds.<\/p>\n<\/p>\n<p>Coment\u00f3 que la comercializaci\u00f3n de la pintura haitiana en el pa\u00eds pone la identidad dominicana en juego fuera de territorio nacional, porque los turistas se las llevan desde cualquier lugar. \u00abEspero que el nuevo gobierno impulse eso para que el arte dominicano sea reconocido mundialmente\u00bb, explic\u00f3 N\u00fa\u00f1ez quien dedic\u00f3 quince a\u00f1os a la ense\u00f1anza en la Escuela de Pintura de Bellas Artes.<\/p>\n<\/p>\n<p>La pirater\u00eda<\/p>\n<\/p>\n<p>La falsificaci\u00f3n de las obras de los pintores nacionales es alta, seg\u00fan refiri\u00f3. Otro punto que los afecta es que se otorguen obras de grado a grado para que determinados artistas pinten murales sin que se cumplan las ordenanzas, \u00abDeben hacerse los concursos y elegir al m\u00e1s apropiado. Eso debe cambiar y espero que el Colegio Dominicano de Artistas Pl\u00e1sticos siga trabajando para evitarlo. Otra situaci\u00f3n es la falsificaci\u00f3n de nuestras obras.. Hay personas muy poderosas que lo hacen, a pesar de las ruedas de prensa y todo lo que hemos hecho, yo tengo m\u00e1s de cinco falsificaciones\u00bb.JB:<\/p>\n<\/p>\n<h6> 2012-05-25 19:21:32 <\/h6>\n<p><!--\n<link rel=\"stylesheet\" href=\"css\/bootstrap.min.css\">\n\n\n<ul class=\"pagination\">\n\t    \n\t\n\n<li >\n\t<a href='?page_no=17274'>Previous<\/a>\n\t<\/li>\n\n\n       \n    \n\n<li><a href='?page_no=1'>1<\/a><\/li>\n\n\n\n<li><a href='?page_no=2'>2<\/a><\/li>\n\n\n\n<li><a>...<\/a><\/li>\n\n\n\n<li><a href='?page_no=17273'>17273<\/a><\/li>\n\n\n\n<li><a href='?page_no=17274'>17274<\/a><\/li>\n\n\n\n<li class='active'><a>17275<\/a><\/li>\n\n\n\n<li><a href='?page_no=17276'>17276<\/a><\/li>\n\n\n\n<li><a href='?page_no=17277'>17277<\/a><\/li>\n\n\n\n<li><a>...<\/a><\/li>\n\n\n\n<li><a href='?page_no=22911'>22911<\/a><\/li>\n\n\n\n<li><a href='?page_no=22912'>22912<\/a><\/li>\n\n    \n\t\n\n<li >\n\t<a href='?page_no=17276'>Next<\/a>\n\t<\/li>\n\n\n    \n\n<li><a href='?page_no=22912'>Last &rsaquo;&rsaquo;<\/a><\/li>\n\n<\/ul>\n\n\n--><br \/>\n<\/body><\/p>\n","protected":false},"excerpt":{"rendered":"<p>Santo Domingo, 25 mayo (3:26 pm)._ Cincuenta a\u00f1os despu\u00e9s, la destacada artista del pincel y profesora de varias generaciones, Elsa N\u00fa\u00f1ez asegura que vali\u00f3 la pena apostar a las artes pl\u00e1sticas. Una labor ininterrumpida que le ha merecido el reconocimiento de nacionales y extranjeros. Alguna de sus obras ocupan espacios en importantes instituciones del pa\u00eds [&hellip;]<\/p>\n","protected":false},"author":3,"featured_media":0,"comment_status":"open","ping_status":"open","sticky":false,"template":"","format":"standard","meta":{"footnotes":""},"categories":[21],"tags":[],"class_list":["post-65597","post","type-post","status-publish","format-standard","hentry","category-cultura"],"_links":{"self":[{"href":"https:\/\/diariodominicano.com\/index.php?rest_route=\/wp\/v2\/posts\/65597","targetHints":{"allow":["GET"]}}],"collection":[{"href":"https:\/\/diariodominicano.com\/index.php?rest_route=\/wp\/v2\/posts"}],"about":[{"href":"https:\/\/diariodominicano.com\/index.php?rest_route=\/wp\/v2\/types\/post"}],"author":[{"embeddable":true,"href":"https:\/\/diariodominicano.com\/index.php?rest_route=\/wp\/v2\/users\/3"}],"replies":[{"embeddable":true,"href":"https:\/\/diariodominicano.com\/index.php?rest_route=%2Fwp%2Fv2%2Fcomments&post=65597"}],"version-history":[{"count":0,"href":"https:\/\/diariodominicano.com\/index.php?rest_route=\/wp\/v2\/posts\/65597\/revisions"}],"wp:attachment":[{"href":"https:\/\/diariodominicano.com\/index.php?rest_route=%2Fwp%2Fv2%2Fmedia&parent=65597"}],"wp:term":[{"taxonomy":"category","embeddable":true,"href":"https:\/\/diariodominicano.com\/index.php?rest_route=%2Fwp%2Fv2%2Fcategories&post=65597"},{"taxonomy":"post_tag","embeddable":true,"href":"https:\/\/diariodominicano.com\/index.php?rest_route=%2Fwp%2Fv2%2Ftags&post=65597"}],"curies":[{"name":"wp","href":"https:\/\/api.w.org\/{rel}","templated":true}]}}