{"id":65596,"date":"2012-05-25T19:25:45","date_gmt":"2012-05-25T19:25:45","guid":{"rendered":"http:\/\/diariodominicano.ddns.net\/?p=65596"},"modified":"2012-05-25T19:25:45","modified_gmt":"2012-05-25T19:25:45","slug":"rd-participa-en-reunion-con-autoridades-cinematograficas-de-iberoamerica-y-europa","status":"publish","type":"post","link":"https:\/\/diariodominicano.com\/?p=65596","title":{"rendered":"RD participa en reuni\u00f3n con autoridades cinematogr\u00e1ficas de Iberoam\u00e9rica y Europa&#13;"},"content":{"rendered":"<p><body><\/p>\n<p>CANNES, FRANCIA.25 mayo (3:30 pm)._ Ellis P\u00e9rez, director general de Cine de Rep\u00fablica Dominicana, particip\u00f3 en el marco del Festival de Cine de Cannes, en la reuni\u00f3n de la Confederaci\u00f3n de Autoridades Cinematogr\u00e1ficas Iberoamericanas, conjunta con autoridades cinematogr\u00e1ficas europeas.<\/p>\n<\/p>\n<p>En la reuni\u00f3n de la CACI se debatieron dos temas principales, que fueron, la necesidad de preservar la cultura a trav\u00e9s del cine, implicando la cultura regional, la cultura nacional y dentro de cada pa\u00eds, la de determinadas zonas.<\/p>\n<\/p>\n<p>\u00abLos nuevos muchachos del barrio\u00bb presentaron sus credenciales.<\/p>\n<\/p>\n<p>El otro tema que se discuti\u00f3 fue el de la realidad de la digitalizaci\u00f3n de las salas de proyecci\u00f3n. La representante de Espa\u00f1a se\u00f1al\u00f3 que esa naci\u00f3n est\u00e1 retrasada a un 40% dentro del resto de Europa, donde hay pa\u00edses como Holanda y Noruega que ya han digitalizado al 100%.<\/p>\n<\/p>\n<p>Hay un prop\u00f3sito generalizado que crea un horizonte visible, y es lograr la digitalizaci\u00f3n total para el 2014. Se mencionaron los pro y los contra. Entre los pro est\u00e1n la reducci\u00f3n de costos; entre los contra, la dificultad que implica para propietarios de salas peque\u00f1as e individuales, que las compa\u00f1\u00edas que han crecido y tienen mayor cantidad de salas pueden conseguir cr\u00e9ditos a plazos c\u00f3modos para las inversiones necesarias. Eso se dificulta a los peque\u00f1os.<\/p>\n<\/p>\n<p>Incentivos<\/p>\n<\/p>\n<p>Algunos pa\u00edses han tomado la decisi\u00f3n de ir en ayuda de los peque\u00f1os, con el pago de los intereses, y en algunos casos un poco m\u00e1s. Me llam\u00f3 la atenci\u00f3n el caso de Argentina, cuya representante, Liliana Mazure, presidenta del Instituto Nacional de Cine y Artes Audiovisuales, se refiri\u00f3 al hecho de que su pa\u00eds plante\u00f3 a Hollywood, la pr\u00e1ctica del d\u00f3lar por d\u00f3lar, queriendo significar que a medida que entren pel\u00edculas norteamericanas para su exhibici\u00f3n en Argentina, el pa\u00eds latinoamericano requiere la entrada de pel\u00edculas argentinas al mercado norteamericano, incluyendo las facilidades de distribuci\u00f3n y exhibici\u00f3n. Los grandes estudios acogieron el atrevido requerimiento argentino.<\/p>\n<\/p>\n<p>En uno de los debates de la reuni\u00f3n, la representante de Espa\u00f1a habl\u00f3 acerca de las dificultades que generalmente se tienen con los ministros de Hacienda, para las inversiones en el cine, a trav\u00e9s de los fondos que se crean para estos filmes, y Ellis P\u00e9rez refiri\u00f3 c\u00f3mo RD con la 1ra pel\u00edcula acogida a la Ley, decidi\u00f3 llevar a cabo un estudio que indicara cu\u00e1nto percib\u00eda el Estado dominicano, por los impuestos que generaban las actividades que tra\u00edan consigo esa producci\u00f3n, y se pudo constatar que a\u00fan antes de haber pagado lo correspondiente al incentivo, es decir, el 25% de lo invertido, ya el Estado hab\u00eda recibido casi la misma cantidad de dinero a trav\u00e9s de esos impuestos, que lo que se iba a devolver.<\/p>\n<\/p>\n<p>Esta referencia fue de gran complacencia para el resto de las autoridades presentes. Y esto es una pr\u00e1ctica de lo que se va a hacer con cada caso. Ahora se est\u00e1 calculando con \u00abEl Rey de Najayo\u00bb.<\/p>\n<\/p>\n<p>En los pr\u00f3ximos d\u00edas, adelant\u00f3 P\u00e9rez, despu\u00e9s del regreso al pa\u00eds, el presidente Leonel Fern\u00e1ndez, personalmente entregar\u00e1 los certificados de devoluci\u00f3n del 25% de lo invertido en el caso de la pel\u00edcula extranjera y el certificado del 25% de los impuestos en el caso de los inversionistas dominicanos.<\/p>\n<\/p>\n<p>El barrio conoce al nuevo muchacho. Tan es as\u00ed, que otros comisionados del mundo reconocen al representante dominicano, de nombre y apellido, como ocurri\u00f3 en el caso de Hans Fraikin, comisionado de Quebec (Canada).<\/p>\n<\/p>\n<p>Silvia Echeverry, comisionada de Colombia, dijo a Ellis que van a ser los primeros estudios del Caribe, y expres\u00f3 que cuidado, pues en ninguno de los pa\u00edses latinoamericanos hay estudios tan modernos como el que se va a abrir en el pa\u00eds por Indomina.<\/p>\n<\/p>\n<p>Steve Solot, presidente de Rio Film Comission (Brasil), lleg\u00f3 al stand de Rep\u00fablica Dominicana, para buscar apoyo en el sentido de la conformaci\u00f3n de la Confederaci\u00f3n Latinoamericana de los Comisionados de Cine. \u00abNos buscan, porque ya RD tiene importancia y puede ayudar a su conformaci\u00f3n\u00bb, signific\u00f3.JB<\/p>\n<h6> 2012-05-25 19:25:45 <\/h6>\n<p><!--\n<link rel=\"stylesheet\" href=\"css\/bootstrap.min.css\">\n\n\n<ul class=\"pagination\">\n\t    \n\t\n\n<li >\n\t<a href='?page_no=17273'>Previous<\/a>\n\t<\/li>\n\n\n       \n    \n\n<li><a href='?page_no=1'>1<\/a><\/li>\n\n\n\n<li><a href='?page_no=2'>2<\/a><\/li>\n\n\n\n<li><a>...<\/a><\/li>\n\n\n\n<li><a href='?page_no=17272'>17272<\/a><\/li>\n\n\n\n<li><a href='?page_no=17273'>17273<\/a><\/li>\n\n\n\n<li class='active'><a>17274<\/a><\/li>\n\n\n\n<li><a href='?page_no=17275'>17275<\/a><\/li>\n\n\n\n<li><a href='?page_no=17276'>17276<\/a><\/li>\n\n\n\n<li><a>...<\/a><\/li>\n\n\n\n<li><a href='?page_no=22911'>22911<\/a><\/li>\n\n\n\n<li><a href='?page_no=22912'>22912<\/a><\/li>\n\n    \n\t\n\n<li >\n\t<a href='?page_no=17275'>Next<\/a>\n\t<\/li>\n\n\n    \n\n<li><a href='?page_no=22912'>Last &rsaquo;&rsaquo;<\/a><\/li>\n\n<\/ul>\n\n\n--><br \/>\n<\/body><\/p>\n","protected":false},"excerpt":{"rendered":"<p>CANNES, FRANCIA.25 mayo (3:30 pm)._ Ellis P\u00e9rez, director general de Cine de Rep\u00fablica Dominicana, particip\u00f3 en el marco del Festival de Cine de Cannes, en la reuni\u00f3n de la Confederaci\u00f3n de Autoridades Cinematogr\u00e1ficas Iberoamericanas, conjunta con autoridades cinematogr\u00e1ficas europeas. En la reuni\u00f3n de la CACI se debatieron dos temas principales, que fueron, la necesidad de [&hellip;]<\/p>\n","protected":false},"author":3,"featured_media":0,"comment_status":"open","ping_status":"open","sticky":false,"template":"","format":"standard","meta":{"footnotes":""},"categories":[21],"tags":[],"class_list":["post-65596","post","type-post","status-publish","format-standard","hentry","category-cultura"],"_links":{"self":[{"href":"https:\/\/diariodominicano.com\/index.php?rest_route=\/wp\/v2\/posts\/65596","targetHints":{"allow":["GET"]}}],"collection":[{"href":"https:\/\/diariodominicano.com\/index.php?rest_route=\/wp\/v2\/posts"}],"about":[{"href":"https:\/\/diariodominicano.com\/index.php?rest_route=\/wp\/v2\/types\/post"}],"author":[{"embeddable":true,"href":"https:\/\/diariodominicano.com\/index.php?rest_route=\/wp\/v2\/users\/3"}],"replies":[{"embeddable":true,"href":"https:\/\/diariodominicano.com\/index.php?rest_route=%2Fwp%2Fv2%2Fcomments&post=65596"}],"version-history":[{"count":0,"href":"https:\/\/diariodominicano.com\/index.php?rest_route=\/wp\/v2\/posts\/65596\/revisions"}],"wp:attachment":[{"href":"https:\/\/diariodominicano.com\/index.php?rest_route=%2Fwp%2Fv2%2Fmedia&parent=65596"}],"wp:term":[{"taxonomy":"category","embeddable":true,"href":"https:\/\/diariodominicano.com\/index.php?rest_route=%2Fwp%2Fv2%2Fcategories&post=65596"},{"taxonomy":"post_tag","embeddable":true,"href":"https:\/\/diariodominicano.com\/index.php?rest_route=%2Fwp%2Fv2%2Ftags&post=65596"}],"curies":[{"name":"wp","href":"https:\/\/api.w.org\/{rel}","templated":true}]}}