{"id":65595,"date":"2012-05-25T19:37:54","date_gmt":"2012-05-25T19:37:54","guid":{"rendered":"http:\/\/diariodominicano.ddns.net\/?p=65595"},"modified":"2012-05-25T19:37:54","modified_gmt":"2012-05-25T19:37:54","slug":"lienzo-monumental-de-picasso-llega-al-centro-pompidou","status":"publish","type":"post","link":"https:\/\/diariodominicano.com\/?p=65595","title":{"rendered":"Lienzo monumental de Picasso llega al Centro Pompidou"},"content":{"rendered":"<p><body><\/p>\n<p>Madri 25 mayo (3:43 pm)._La pintura m\u00e1s monumental que se conoce del artista espa\u00f1ol Pablo Picasso, el tel\u00f3n de fondo utilizado como decorado del ballet Parade, protagoniza la exposici\u00f3n con la que desde ma\u00f1ana el Centro Pompidou de Metz revela las claves de la creaci\u00f3n art\u00edstica en los inicios de la I Guerra Mundial.<\/p>\n<\/p>\n<p>La obra de Picasso se localiza en la Grande Nef, la sala principal de esta multidisciplinaria exhibici\u00f3n que, bajo el t\u00edtulo de \u00ab1917\u00bb, se localiza en el hermano peque\u00f1o del Museo Pompidou de Par\u00eds y muestra que durante la contienda no hubo s\u00f3lo destrucci\u00f3n.<\/p>\n<\/p>\n<p>Con una superficie de 170 metros cuadrados y 45 kilogramos de peso, la creaci\u00f3n de Picasso constituye seg\u00fan los organizadores \u00absu obra m\u00e1s grande conocida en el mundo\u00bb, y apenas se hab\u00eda mostrado una decena de veces al p\u00fablico en los \u00faltimos 50 a\u00f1os.<\/p>\n<\/p>\n<p>El cl\u00edmax de la exhibici\u00f3n se concentra en esa imponente pintura que sirvi\u00f3 como tel\u00f3n de una escena de la pieza del ballet \u00abParade\u00bb , estrenada en el Teatro de Ch\u00e2telet de Par\u00eds en 1917, y que fue encargado por el director ruso Serge de Diaghilev.<\/p>\n<\/p>\n<p>\u00abParade\u00bb , protagonizada por arlequines, refleja c\u00f3mo en el universo del teatro la parodia y la modificaci\u00f3n de la apariencia son aspectos claves.<\/p>\n<\/p>\n<p>Precisamente la p\u00e9rdida de identidad es el tema central de la \u00abGrande Nef\u00bb, que trata las relaciones entre destrucci\u00f3n y reconstrucci\u00f3n f\u00edsica y psicol\u00f3gica, y que est\u00e1 organizada en forma de espiral, a modo de met\u00e1fora del \u00abtorbellino f\u00edsico que atormenta el interior\u00bb de las almas.<\/p>\n<\/p>\n<p>Adem\u00e1s, el espacio acoge autorretratos de March Chagall o Claude Monet, as\u00ed como representaciones de cuerpos gravemente lisiados o las llamadas \u00abcaras rotas\u00bb de soldados que han sufrido una horrorosa desfiguraci\u00f3n.<\/p>\n<\/p>\n<p>La segunda sala, la Galer\u00eda 1, apuesta por la diversidad de reacciones de los creadores frente a los eventos ocurridos en 1917.<\/p>\n<\/p>\n<p>El espectador descubre en ella una multitud de trayectorias art\u00edsticas, como las del grupo \u00abDe Stijl\u00bb, que fue fundado en Holanda por Theo van Doesburg y buscaba una renovaci\u00f3n radical del arte, o el movimiento Dada, basado en Z\u00farich (Suiza).<\/p>\n<\/p>\n<p>La visita a esta galer\u00eda tambi\u00e9n permite observar c\u00f3mo algunos artistas, al igual que los soldados, se refugiaron en 1917 en el alcohol o las sustancias opi\u00e1ceas para alejarse de los horrores y el malestar generado por la violencia del momento.JB<\/p>\n<h6> 2012-05-25 19:37:54 <\/h6>\n<p><!--\n<link rel=\"stylesheet\" href=\"css\/bootstrap.min.css\">\n\n\n<ul class=\"pagination\">\n\t    \n\t\n\n<li >\n\t<a href='?page_no=17272'>Previous<\/a>\n\t<\/li>\n\n\n       \n    \n\n<li><a href='?page_no=1'>1<\/a><\/li>\n\n\n\n<li><a href='?page_no=2'>2<\/a><\/li>\n\n\n\n<li><a>...<\/a><\/li>\n\n\n\n<li><a href='?page_no=17271'>17271<\/a><\/li>\n\n\n\n<li><a href='?page_no=17272'>17272<\/a><\/li>\n\n\n\n<li class='active'><a>17273<\/a><\/li>\n\n\n\n<li><a href='?page_no=17274'>17274<\/a><\/li>\n\n\n\n<li><a href='?page_no=17275'>17275<\/a><\/li>\n\n\n\n<li><a>...<\/a><\/li>\n\n\n\n<li><a href='?page_no=22911'>22911<\/a><\/li>\n\n\n\n<li><a href='?page_no=22912'>22912<\/a><\/li>\n\n    \n\t\n\n<li >\n\t<a href='?page_no=17274'>Next<\/a>\n\t<\/li>\n\n\n    \n\n<li><a href='?page_no=22912'>Last &rsaquo;&rsaquo;<\/a><\/li>\n\n<\/ul>\n\n\n--><br \/>\n<\/body><\/p>\n","protected":false},"excerpt":{"rendered":"<p>Madri 25 mayo (3:43 pm)._La pintura m\u00e1s monumental que se conoce del artista espa\u00f1ol Pablo Picasso, el tel\u00f3n de fondo utilizado como decorado del ballet Parade, protagoniza la exposici\u00f3n con la que desde ma\u00f1ana el Centro Pompidou de Metz revela las claves de la creaci\u00f3n art\u00edstica en los inicios de la I Guerra Mundial. La [&hellip;]<\/p>\n","protected":false},"author":3,"featured_media":0,"comment_status":"open","ping_status":"open","sticky":false,"template":"","format":"standard","meta":{"footnotes":""},"categories":[21],"tags":[],"class_list":["post-65595","post","type-post","status-publish","format-standard","hentry","category-cultura"],"_links":{"self":[{"href":"https:\/\/diariodominicano.com\/index.php?rest_route=\/wp\/v2\/posts\/65595","targetHints":{"allow":["GET"]}}],"collection":[{"href":"https:\/\/diariodominicano.com\/index.php?rest_route=\/wp\/v2\/posts"}],"about":[{"href":"https:\/\/diariodominicano.com\/index.php?rest_route=\/wp\/v2\/types\/post"}],"author":[{"embeddable":true,"href":"https:\/\/diariodominicano.com\/index.php?rest_route=\/wp\/v2\/users\/3"}],"replies":[{"embeddable":true,"href":"https:\/\/diariodominicano.com\/index.php?rest_route=%2Fwp%2Fv2%2Fcomments&post=65595"}],"version-history":[{"count":0,"href":"https:\/\/diariodominicano.com\/index.php?rest_route=\/wp\/v2\/posts\/65595\/revisions"}],"wp:attachment":[{"href":"https:\/\/diariodominicano.com\/index.php?rest_route=%2Fwp%2Fv2%2Fmedia&parent=65595"}],"wp:term":[{"taxonomy":"category","embeddable":true,"href":"https:\/\/diariodominicano.com\/index.php?rest_route=%2Fwp%2Fv2%2Fcategories&post=65595"},{"taxonomy":"post_tag","embeddable":true,"href":"https:\/\/diariodominicano.com\/index.php?rest_route=%2Fwp%2Fv2%2Ftags&post=65595"}],"curies":[{"name":"wp","href":"https:\/\/api.w.org\/{rel}","templated":true}]}}