{"id":65594,"date":"2012-05-25T19:41:23","date_gmt":"2012-05-25T19:41:23","guid":{"rendered":"http:\/\/diariodominicano.ddns.net\/?p=65594"},"modified":"2012-05-25T19:41:23","modified_gmt":"2012-05-25T19:41:23","slug":"mona-lisa-protegida-contra-impacto-medioambiental","status":"publish","type":"post","link":"https:\/\/diariodominicano.com\/?p=65594","title":{"rendered":"Mona Lisa, protegida contra impacto medioambiental"},"content":{"rendered":"<p><body><\/p>\n<p>Madri 25 mayo (3:46 pm)._La compa\u00f1\u00eda japonesa Toshiba desarrollar\u00e1 un sistema LED espec\u00edfico para la sala que alberga a La Mona Lisa de Leonardo Da Vinci, el cual estar\u00e1 listo en 2013 y reducir\u00e1 el impacto medioambiental.<\/p>\n<\/p>\n<p>El diario espa\u00f1ol ABC destac\u00f3 en su edici\u00f3n de este viernes que las autoridades del Museo del Louvre renovaron un acuerdo con la firma japonesa para actualizar parte de su iluminaci\u00f3n interior con tecnolog\u00eda LED.<\/p>\n<\/p>\n<p>Esto afectar\u00e1 a algunas de sus salas m\u00e1s emblem\u00e1ticas, como la que alberga La Mona Lisa, de Leonardo da Vinci; el Sal\u00f3n Rojo, donde se encuentran importantes obras como la Consagraci\u00f3n del Emperador Napole\u00f3n I y Coronaci\u00f3n de la Emperatriz Josefina, de Jacques-Louis David, as\u00ed como el Hall Napole\u00f3n, la entrada principal del museo.<\/p>\n<\/p>\n<p>Resalt\u00f3 que esta es la segunda fase del acuerdo de colaboraci\u00f3n que el Louvre y Toshiba pusieron en marcha en 2010, y que acaba de ampliarse hasta 2023.<\/p>\n<\/p>\n<p>Ya se sustituy\u00f3 gran parte de la iluminaci\u00f3n exterior del museo, incluida la Pir\u00e1mide, con un ahorro del 73 por ciento del consumo el\u00e9ctrico del museo y una reducci\u00f3n similar de las emisiones de C02.<\/p>\n<\/p>\n<p>El rotativo subray\u00f3 que el Louvre une, pues, a su experiencia est\u00e9tica el respeto medioambiental.<\/p>\n<\/p>\n<p>Especific\u00f3 que se desarrollar\u00e1 un sistema LED particular para la sala que alberga a La Mona Lisa, el cual estar\u00e1 listo en 2013.<\/p>\n<\/p>\n<p>\u00abDicen los responsables de Toshiba que la nueva iluminaci\u00f3n aportar\u00e1 calidad, color y belleza al edificio, a la vez que reduce el impacto medioambiental\u00bb, anot\u00f3.<\/p>\n<\/p>\n<p>Expuso que con ello, la sala de \u00abLa Mona Lisa\u00bb se adapta a los nuevos tiempos, sin embargo la musa de Leonardo Da Vinci sigue envejeciendo sin que los responsables del Louvre se atrevan a restaurar la tela.<\/p>\n<\/p>\n<p>Ni siquiera los trabajos en otro de los Leonardos de su colecci\u00f3n, Santa Ana, la Virgen y el Ni\u00f1o, ni los hallazgos tras la restauraci\u00f3n de la copia del Prado han animado al Louvre a pensarlo siquiera, sostuvo.<\/p>\n<\/p>\n<p>Eso s\u00ed, para contrarrestar el envejecimiento de la tabla, el museo franc\u00e9s ha rejuvenecido a La Mona Lisa, pues hasta ahora se cre\u00eda que fue ejecutada entre 1503 y 1506. La nueva cartela ampl\u00eda la fecha hasta 1519, fecha de la muerte de Leonardo Da Vinci.JB<\/p>\n<h6> 2012-05-25 19:41:23 <\/h6>\n<p><!--\n<link rel=\"stylesheet\" href=\"css\/bootstrap.min.css\">\n\n\n<ul class=\"pagination\">\n\t    \n\t\n\n<li >\n\t<a href='?page_no=17271'>Previous<\/a>\n\t<\/li>\n\n\n       \n    \n\n<li><a href='?page_no=1'>1<\/a><\/li>\n\n\n\n<li><a href='?page_no=2'>2<\/a><\/li>\n\n\n\n<li><a>...<\/a><\/li>\n\n\n\n<li><a href='?page_no=17270'>17270<\/a><\/li>\n\n\n\n<li><a href='?page_no=17271'>17271<\/a><\/li>\n\n\n\n<li class='active'><a>17272<\/a><\/li>\n\n\n\n<li><a href='?page_no=17273'>17273<\/a><\/li>\n\n\n\n<li><a href='?page_no=17274'>17274<\/a><\/li>\n\n\n\n<li><a>...<\/a><\/li>\n\n\n\n<li><a href='?page_no=22911'>22911<\/a><\/li>\n\n\n\n<li><a href='?page_no=22912'>22912<\/a><\/li>\n\n    \n\t\n\n<li >\n\t<a href='?page_no=17273'>Next<\/a>\n\t<\/li>\n\n\n    \n\n<li><a href='?page_no=22912'>Last &rsaquo;&rsaquo;<\/a><\/li>\n\n<\/ul>\n\n\n--><br \/>\n<\/body><\/p>\n","protected":false},"excerpt":{"rendered":"<p>Madri 25 mayo (3:46 pm)._La compa\u00f1\u00eda japonesa Toshiba desarrollar\u00e1 un sistema LED espec\u00edfico para la sala que alberga a La Mona Lisa de Leonardo Da Vinci, el cual estar\u00e1 listo en 2013 y reducir\u00e1 el impacto medioambiental. El diario espa\u00f1ol ABC destac\u00f3 en su edici\u00f3n de este viernes que las autoridades del Museo del Louvre [&hellip;]<\/p>\n","protected":false},"author":3,"featured_media":0,"comment_status":"open","ping_status":"open","sticky":false,"template":"","format":"standard","meta":{"footnotes":""},"categories":[21],"tags":[],"class_list":["post-65594","post","type-post","status-publish","format-standard","hentry","category-cultura"],"_links":{"self":[{"href":"https:\/\/diariodominicano.com\/index.php?rest_route=\/wp\/v2\/posts\/65594","targetHints":{"allow":["GET"]}}],"collection":[{"href":"https:\/\/diariodominicano.com\/index.php?rest_route=\/wp\/v2\/posts"}],"about":[{"href":"https:\/\/diariodominicano.com\/index.php?rest_route=\/wp\/v2\/types\/post"}],"author":[{"embeddable":true,"href":"https:\/\/diariodominicano.com\/index.php?rest_route=\/wp\/v2\/users\/3"}],"replies":[{"embeddable":true,"href":"https:\/\/diariodominicano.com\/index.php?rest_route=%2Fwp%2Fv2%2Fcomments&post=65594"}],"version-history":[{"count":0,"href":"https:\/\/diariodominicano.com\/index.php?rest_route=\/wp\/v2\/posts\/65594\/revisions"}],"wp:attachment":[{"href":"https:\/\/diariodominicano.com\/index.php?rest_route=%2Fwp%2Fv2%2Fmedia&parent=65594"}],"wp:term":[{"taxonomy":"category","embeddable":true,"href":"https:\/\/diariodominicano.com\/index.php?rest_route=%2Fwp%2Fv2%2Fcategories&post=65594"},{"taxonomy":"post_tag","embeddable":true,"href":"https:\/\/diariodominicano.com\/index.php?rest_route=%2Fwp%2Fv2%2Ftags&post=65594"}],"curies":[{"name":"wp","href":"https:\/\/api.w.org\/{rel}","templated":true}]}}