{"id":65593,"date":"2012-05-25T19:48:36","date_gmt":"2012-05-25T19:48:36","guid":{"rendered":"http:\/\/diariodominicano.ddns.net\/?p=65593"},"modified":"2012-05-25T19:48:36","modified_gmt":"2012-05-25T19:48:36","slug":"feria-del-libro-de-madrid-inicia-entre-protestas","status":"publish","type":"post","link":"https:\/\/diariodominicano.com\/?p=65593","title":{"rendered":"Feria del Libro de Madrid inicia entre protestas"},"content":{"rendered":"<p><body><\/p>\n<p>Madri 25 mayo (3:53 pm)._La inauguraci\u00f3n, por los pr\u00edncipes de Asturias, de la Feria del Libro de Madrid, ha quedado hoy marcada por las protestas de unos cuarenta universitarios que a lo largo del recorrido han gritado consignas a favor de la ense\u00f1anza p\u00fablica y, tambi\u00e9n, de la Rep\u00fablica, y en contra de la subida de tasas.<\/p>\n<\/p>\n<p>\u00ab\u00a1Qu\u00e9 pasa, qu\u00e9 pasa, que nos suben las tasas!, \u00a1Viva la educaci\u00f3n p\u00fablica!, \u00a1Recortes al (rey) Borb\u00f3n y no a la educaci\u00f3n!, \u00a1Viva la Rep\u00fablica!, han sido algunas de las consignas que coreaban los estudiantes al paso de la comitiva, de la cual formaba parte el ministro de Educaci\u00f3n, Cultura y Deporte, Jos\u00e9 Ignacio Wert, contra el que iba dirigida la mayor\u00eda de los gritos.<\/p>\n<\/p>\n<p>La ense\u00f1anza p\u00fablica en Espa\u00f1a ha vivido estos d\u00edas jornadas de huelga y manifestaciones en diferentes ciudades ante los recortes que, debido a la crisis econ\u00f3mica, el Gobierno ha aplicado a la educaci\u00f3n y por la subida de las tasas universitarias.<\/p>\n<\/p>\n<p>\u00ab\u00a1Sinwertg\u00fcenzas!\u00bb; \u00bb \u00a1Necesitamos profesores, no sinwertg\u00fcenzas!\u00bb, se le\u00eda en referencia al ministro Wert en algunas de las pancartas de los universitarios, fuertemente custodiados por la polic\u00eda, que, al paso de los pr\u00edncipes por la feria, los fue apartando hacia un lateral del paseo de Coches del parque madrile\u00f1o de El Retiro para evitar que interrumpieran el paso de la comitiva.<\/p>\n<\/p>\n<p>En ese paseo se ubica tradicionalmente la Feria del Libro de Madrid, una de las m\u00e1s importantes del \u00e1mbito hispanohablante y que este a\u00f1o tiene a Italia como pa\u00eds invitado de honor, lo que dar\u00e1 lugar al desembarco de una treintena de escritores italianos, entre ellos Claudio Magris, Erri de Luca, Niccol\u00f2 Ammaniti, Dacia Maraini y Roberto Calasso.<\/p>\n<\/p>\n<p>Las consignas de los estudiantes se escuchaban perfectamente una y otra vez a lo largo de la hora y media que dur\u00f3 la visita de don Felipe y do\u00f1a Letizia. \u00ab\u00a1Menos polic\u00edas, m\u00e1s educaci\u00f3n!\u00bb era otra de ellas.<\/p>\n<\/p>\n<p>En alg\u00fan momento, unos cuantos visitantes de los muchos que hab\u00edan acudido ya a la Feria, corearon consignas como \u00ab\u00a1Viva el rey!\u00bb, \u00ab\u00a1Vivan los pr\u00edncipes!\u00bb y \u00ab\u00a1Viva Espa\u00f1a!\u00bb En respuesta, se oy\u00f3 alg\u00fan \u00ab\u00a1Vais a caer!\u00bb, destinado a la familia real.<\/p>\n<\/p>\n<p>Los \u00e1nimos estaban un poco exaltados y el calor tambi\u00e9n se dej\u00f3 notar hoy, pero la comitiva cumpli\u00f3 fielmente el recorrido previsto para la inauguraci\u00f3n de la feria y editores y libreros obsequiaron a los pr\u00edncipes con libros infantiles y con otros de adultos. Ellos compraron tambi\u00e9n algunas novelas y ensayos.<\/p>\n<\/p>\n<p>Los pr\u00edncipes compraron, por ejemplo, El mapa y el territorio, de Michel Houellebecq, y \u00abLibertad\u00bb, de Jonathan Franzen.<\/p>\n<\/p>\n<p>El abuelo que salt\u00f3 por la ventana y se larg\u00f3, del sueco Jonas Jonason, es uno de los libros m\u00e1s vendidos de las \u00faltimas semanas en Espa\u00f1a y el pr\u00edncipe heredero y su esposa, do\u00f1a Letizia, saludaron al actor que estos d\u00edas interpretar\u00e1 en la feria al personaje central de la novela, para promocionarla.<\/p>\n<\/p>\n<p>La inflaci\u00f3n (Al alcance de los ministros), de Jos\u00e9 Luis Sampedro y Carlos Berzosa; Los presidentes y la diplomacia, de Inocencio Arias, y Todos los cuentos, de Gabriel Garc\u00eda M\u00e1rquez, fueron otros de los libros con que editores y libreros obsequiaron a los pr\u00edncipes.<\/p>\n<\/p>\n<p>La Feria del Libro de Madrid se celebra desde el 25 de mayo al 10 de junio y cuenta con 356 casetas en las que muestran sus principales novedades 272 editores, 118 librer\u00edas, 24 organismos oficiales y 11 distribuidores.<\/p>\n<\/p>\n<p>La celebraci\u00f3n de este gran encuentro cultural, al que cada a\u00f1o acuden centenares de miles de visitantes, coincide con la crisis econ\u00f3mica que est\u00e1 afectando al sector del libro y que tiene preocupados a editores y libreros por el progresivo descenso de sus ventas.JB<\/p>\n<h6> 2012-05-25 19:48:36 <\/h6>\n<p><!--\n<link rel=\"stylesheet\" href=\"css\/bootstrap.min.css\">\n\n\n<ul class=\"pagination\">\n\t    \n\t\n\n<li >\n\t<a href='?page_no=17270'>Previous<\/a>\n\t<\/li>\n\n\n       \n    \n\n<li><a href='?page_no=1'>1<\/a><\/li>\n\n\n\n<li><a href='?page_no=2'>2<\/a><\/li>\n\n\n\n<li><a>...<\/a><\/li>\n\n\n\n<li><a href='?page_no=17269'>17269<\/a><\/li>\n\n\n\n<li><a href='?page_no=17270'>17270<\/a><\/li>\n\n\n\n<li class='active'><a>17271<\/a><\/li>\n\n\n\n<li><a href='?page_no=17272'>17272<\/a><\/li>\n\n\n\n<li><a href='?page_no=17273'>17273<\/a><\/li>\n\n\n\n<li><a>...<\/a><\/li>\n\n\n\n<li><a href='?page_no=22911'>22911<\/a><\/li>\n\n\n\n<li><a href='?page_no=22912'>22912<\/a><\/li>\n\n    \n\t\n\n<li >\n\t<a href='?page_no=17272'>Next<\/a>\n\t<\/li>\n\n\n    \n\n<li><a href='?page_no=22912'>Last &rsaquo;&rsaquo;<\/a><\/li>\n\n<\/ul>\n\n\n--><br \/>\n<\/body><\/p>\n","protected":false},"excerpt":{"rendered":"<p>Madri 25 mayo (3:53 pm)._La inauguraci\u00f3n, por los pr\u00edncipes de Asturias, de la Feria del Libro de Madrid, ha quedado hoy marcada por las protestas de unos cuarenta universitarios que a lo largo del recorrido han gritado consignas a favor de la ense\u00f1anza p\u00fablica y, tambi\u00e9n, de la Rep\u00fablica, y en contra de la subida [&hellip;]<\/p>\n","protected":false},"author":3,"featured_media":0,"comment_status":"open","ping_status":"open","sticky":false,"template":"","format":"standard","meta":{"footnotes":""},"categories":[21],"tags":[],"class_list":["post-65593","post","type-post","status-publish","format-standard","hentry","category-cultura"],"_links":{"self":[{"href":"https:\/\/diariodominicano.com\/index.php?rest_route=\/wp\/v2\/posts\/65593","targetHints":{"allow":["GET"]}}],"collection":[{"href":"https:\/\/diariodominicano.com\/index.php?rest_route=\/wp\/v2\/posts"}],"about":[{"href":"https:\/\/diariodominicano.com\/index.php?rest_route=\/wp\/v2\/types\/post"}],"author":[{"embeddable":true,"href":"https:\/\/diariodominicano.com\/index.php?rest_route=\/wp\/v2\/users\/3"}],"replies":[{"embeddable":true,"href":"https:\/\/diariodominicano.com\/index.php?rest_route=%2Fwp%2Fv2%2Fcomments&post=65593"}],"version-history":[{"count":0,"href":"https:\/\/diariodominicano.com\/index.php?rest_route=\/wp\/v2\/posts\/65593\/revisions"}],"wp:attachment":[{"href":"https:\/\/diariodominicano.com\/index.php?rest_route=%2Fwp%2Fv2%2Fmedia&parent=65593"}],"wp:term":[{"taxonomy":"category","embeddable":true,"href":"https:\/\/diariodominicano.com\/index.php?rest_route=%2Fwp%2Fv2%2Fcategories&post=65593"},{"taxonomy":"post_tag","embeddable":true,"href":"https:\/\/diariodominicano.com\/index.php?rest_route=%2Fwp%2Fv2%2Ftags&post=65593"}],"curies":[{"name":"wp","href":"https:\/\/api.w.org\/{rel}","templated":true}]}}