{"id":65592,"date":"2012-05-25T21:11:11","date_gmt":"2012-05-25T21:11:11","guid":{"rendered":"http:\/\/diariodominicano.ddns.net\/?p=65592"},"modified":"2012-05-25T21:11:11","modified_gmt":"2012-05-25T21:11:11","slug":"unicaribe-gradua-41-profesionales-en-diplomado-relaciones-internacionales","status":"publish","type":"post","link":"https:\/\/diariodominicano.com\/?p=65592","title":{"rendered":"UNICARIBE grad\u00faa 41 profesionales en diplomado relaciones internacionales"},"content":{"rendered":"<p><body><\/p>\n<p><span class=\"text1noticias\">Santo Domingo RD 25 mayo (5:08 pm).- La Universidad del Caribe culmin\u00f3 con \u00e9xito por d\u00e9cimo a\u00f1o consecutivo el \u00abDiplomado en Relaciones Internacionales y Comercio Exterior\u00bb, curso de formaci\u00f3n creado con la visi\u00f3n acad\u00e9mica de aportar al pa\u00eds profesionales actualizados, acorde con las demandas de un mundo globalizado y en constante cambio.<\/span><\/p>\n<p><span class=\"text1noticias\"> <\/span><\/p>\n<p><span class=\"text1noticias\">En esta ocasi\u00f3n se invistieron 41 profesionales de las \u00e1reas de ciencias sociales, econ\u00f3micas y administrativas, humanidades, funcionarios p\u00fablicos con responsabilidades internacionales y particulares interesados en capacitarse.<\/span><\/p>\n<p><span class=\"text1noticias\"> <\/span><\/p>\n<p><span class=\"text1noticias\">A iniciativas del embajador Miguel Antonio Rodr\u00edguez Cabrer, hoy director de la Escuela de Ciencias Jur\u00eddicas y Pol\u00edticas y de la Carrera de Relaciones Internacionales, UNICARIBE aprob\u00f3 hace diez a\u00f1os la realizaci\u00f3n del \u00abDiplomado en Relaciones Internacionales y Comercio Exterior\u00bb, con el objetivo de apartar al desarrollo del pa\u00eds en el contexto internacional.<\/span><\/p>\n<p><span class=\"text1noticias\"> <\/span><\/p>\n<p><span class=\"text1noticias\">En efecto, su ejecuci\u00f3n ha sido un \u00e9xito a trav\u00e9s del tiempo, en raz\u00f3n de que al realizarse dos veces al a\u00f1o, se han capacitado decenas de miles de profesionales y estudiantes, mientras aumentan solicitudes de quienes demandan formarse en la referida \u00e1rea que organiza la Unidad de Educaci\u00f3n Continuada de UNICARIBE.<\/span><\/p>\n<p><span class=\"text1noticias\"> <\/span><\/p>\n<p><span class=\"text1noticias\">Los 41 profesionales que culminaron el Diplomado asistieron al desarrollo de cuatro m\u00f3dulos en horario sabatino, inform\u00f3 la maestra Edda Freites, directora de  Educaci\u00f3n Continuada.<\/span><\/p>\n<p><span class=\"text1noticias\"> <\/span><\/p>\n<p><span class=\"text1noticias\">En el proceso de formaci\u00f3n del \u00abDiplomado en Relaciones Internacionales y Comercio Exterior\u00bb particip\u00f3 como coordinadora la licenciada Yanires Robiu, as\u00ed como la acad\u00e9mica Sonia Monta\u00f1\u00e9s, quien imparti\u00f3 docencia y colabor\u00f3 en los actos protocolares de la ceremonia de investidura.<\/span><\/p>\n<p><span class=\"text1noticias\"> <\/span><\/p>\n<p><span class=\"text1noticias\">La graduaci\u00f3n de los 41 profesionales de diversas \u00e1reas se llev\u00f3 a cabo en el Auditorio Multiuso UNICARIBE, durante una ceremonia en la que correspondi\u00f3 a la maestra Freites entregar los certificados de participaci\u00f3n, en su calidad de directora de Educaci\u00f3n Continuada, en compa\u00f1\u00eda de la licenciada Robiu y la maestra Monta\u00f1\u00e9s.<\/span><\/p>\n<p><span class=\"text1noticias\"> <\/span><\/p>\n<p><span class=\"text1noticias\">\u00abMe siento muy satisfecha y honrada de poder concluir este curso en nombre de la Direcci\u00f3n de Educaci\u00f3n Continuada y la Universidad del Caribe que realmente ha pensado en la necesidad que tienen nuestros estudiantes y el pa\u00eds de formar profesionales que puedan manejar el tema de las Relaciones Internacionales y el Comercio Exterior\u00bb, manifest\u00f3 la licenciada Freites.<\/span><\/p>\n<p><span class=\"text1noticias\"> <\/span><\/p>\n<p><span class=\"text1noticias\">Al acto asistieron acad\u00e9micos, estudiantes y personalidades vinculadas y personal de apoyo de UNICARIBE.AD<\/span>.-<\/p>\n<\/p>\n<\/p>\n<h6> 2012-05-25 21:11:11 <\/h6>\n<p><!--\n<link rel=\"stylesheet\" href=\"css\/bootstrap.min.css\">\n\n\n<ul class=\"pagination\">\n\t    \n\t\n\n<li >\n\t<a href='?page_no=17269'>Previous<\/a>\n\t<\/li>\n\n\n       \n    \n\n<li><a href='?page_no=1'>1<\/a><\/li>\n\n\n\n<li><a href='?page_no=2'>2<\/a><\/li>\n\n\n\n<li><a>...<\/a><\/li>\n\n\n\n<li><a href='?page_no=17268'>17268<\/a><\/li>\n\n\n\n<li><a href='?page_no=17269'>17269<\/a><\/li>\n\n\n\n<li class='active'><a>17270<\/a><\/li>\n\n\n\n<li><a href='?page_no=17271'>17271<\/a><\/li>\n\n\n\n<li><a href='?page_no=17272'>17272<\/a><\/li>\n\n\n\n<li><a>...<\/a><\/li>\n\n\n\n<li><a href='?page_no=22911'>22911<\/a><\/li>\n\n\n\n<li><a href='?page_no=22912'>22912<\/a><\/li>\n\n    \n\t\n\n<li >\n\t<a href='?page_no=17271'>Next<\/a>\n\t<\/li>\n\n\n    \n\n<li><a href='?page_no=22912'>Last &rsaquo;&rsaquo;<\/a><\/li>\n\n<\/ul>\n\n\n--><br \/>\n<\/body><\/p>\n","protected":false},"excerpt":{"rendered":"<p>Santo Domingo RD 25 mayo (5:08 pm).- La Universidad del Caribe culmin\u00f3 con \u00e9xito por d\u00e9cimo a\u00f1o consecutivo el \u00abDiplomado en Relaciones Internacionales y Comercio Exterior\u00bb, curso de formaci\u00f3n creado con la visi\u00f3n acad\u00e9mica de aportar al pa\u00eds profesionales actualizados, acorde con las demandas de un mundo globalizado y en constante cambio. En esta ocasi\u00f3n [&hellip;]<\/p>\n","protected":false},"author":3,"featured_media":0,"comment_status":"open","ping_status":"open","sticky":false,"template":"","format":"standard","meta":{"footnotes":""},"categories":[21],"tags":[],"class_list":["post-65592","post","type-post","status-publish","format-standard","hentry","category-cultura"],"_links":{"self":[{"href":"https:\/\/diariodominicano.com\/index.php?rest_route=\/wp\/v2\/posts\/65592","targetHints":{"allow":["GET"]}}],"collection":[{"href":"https:\/\/diariodominicano.com\/index.php?rest_route=\/wp\/v2\/posts"}],"about":[{"href":"https:\/\/diariodominicano.com\/index.php?rest_route=\/wp\/v2\/types\/post"}],"author":[{"embeddable":true,"href":"https:\/\/diariodominicano.com\/index.php?rest_route=\/wp\/v2\/users\/3"}],"replies":[{"embeddable":true,"href":"https:\/\/diariodominicano.com\/index.php?rest_route=%2Fwp%2Fv2%2Fcomments&post=65592"}],"version-history":[{"count":0,"href":"https:\/\/diariodominicano.com\/index.php?rest_route=\/wp\/v2\/posts\/65592\/revisions"}],"wp:attachment":[{"href":"https:\/\/diariodominicano.com\/index.php?rest_route=%2Fwp%2Fv2%2Fmedia&parent=65592"}],"wp:term":[{"taxonomy":"category","embeddable":true,"href":"https:\/\/diariodominicano.com\/index.php?rest_route=%2Fwp%2Fv2%2Fcategories&post=65592"},{"taxonomy":"post_tag","embeddable":true,"href":"https:\/\/diariodominicano.com\/index.php?rest_route=%2Fwp%2Fv2%2Ftags&post=65592"}],"curies":[{"name":"wp","href":"https:\/\/api.w.org\/{rel}","templated":true}]}}