{"id":654603,"date":"2025-12-13T19:34:24","date_gmt":"2025-12-13T23:34:24","guid":{"rendered":"https:\/\/diariodominicano.com\/?p=654603"},"modified":"2025-12-14T18:04:28","modified_gmt":"2025-12-14T22:04:28","slug":"la-deslegitimacion-del-estado-social-y-de-derechos-nos-lleva-directo-hacia-la-ingobernabilidad","status":"publish","type":"post","link":"https:\/\/diariodominicano.com\/?p=654603","title":{"rendered":"La deslegitimaci\u00f3n del Estado social y de derechos nos lleva directo hacia la ingobernabilidad"},"content":{"rendered":"\n<p>Por Juan Carlos Espinal. &nbsp;<\/p>\n\n\n\n<p>Los profundos cambios sociales, pol\u00edticos, econ\u00f3micos y medioambientales que experimentan las sociedades de Am\u00e9rica Latina y el Caribe est\u00e1n vinculados a la crisis estructural del capitalismo neoliberal en su fase de putrefaccion.<\/p>\n\n\n\n<p>Este modelo econ\u00f3mico extractivista en lugar de generar riquezas provoca la ruina financiera de la democracia representativa.<\/p>\n\n\n\n<p>Algunos intelectuales libero- conservadores del establecimiento oligarca han establecido que Rep\u00fablica Dominicana es inmune a los procesos socio pol\u00edticos que se est\u00e1n manifestando de manera apocal\u00edptica en el Hemisferio.<\/p>\n\n\n\n<p>Los te\u00f3ricos fondomonetaristas aseguran que la econom\u00eda dominicana se sostiene en el crecimiento que le permite evitar que la inflaci\u00f3n desencadene en un proceso m\u00e1s amplio de movilidad social y ruptura pol\u00edtica.<\/p>\n\n\n\n<p>No obstante, en el pa\u00eds estan dadas todas las condiciones sicol\u00f3gicas y materiales para la aparicion del fen\u00f3meno de excepci\u00f3n.<\/p>\n\n\n\n<p>De hecho, la divisi\u00f3n del PLD, el nacimiento de la Fuerza del Pueblo y la fragmentaci\u00f3n del PRM forma parte del ciclo de decadencia de la democracia representativa que ya entre 1966-1978 inaugur\u00f3 el PRSC&nbsp; pos Balaguer y el PRD pos Pe\u00f1a G\u00f3mez, que a su vez es la misma circunstancia hist\u00f3rico-pol\u00edtica con diferentes actores en dis\u00edmiles tiempos y espacios.<\/p>\n\n\n\n<p>La sociedad dominicana del a\u00f1o 2025 est\u00e1 plenamente consciente de que el actual modelo econ\u00f3mico fondomonetarista en lugar de crear fuentes alternas de desarrollo econ\u00f3mico para superar la desaceleraci\u00f3n provoca recortes en todas las \u00e1reas de producci\u00f3n.<\/p>\n\n\n\n<p>Las brechas cientifico tecnol\u00f3gicas se han ensanchado, la deuda externa se ha disparado y el d\u00e9ficit fiscal se ha acentuado.<\/p>\n\n\n\n<p>A ello se suma la perdida adquisitiva del peso, los altos precios de la canasta b\u00e1sica familiar y los fenomenos geopoliticos en el Caribe.<\/p>\n\n\n\n<p>La inestabilidad en Ecuador, la decepci\u00f3n qu\u00e9 signific\u00f3 Boric en Chile, el injerencismo de Trump en Honduras que deriv\u00f3 en un fraude electoral, la guerra civil en Hait\u00ed, el Default en Argentina y la guerra de la Casa Blanca en el Caribe anglo sajon y francofono transforman la regi\u00f3n.<\/p>\n\n\n\n<p>Cada d\u00eda que sucede a otro las clases medias y los trabajadores latinoamericanos y caribe\u00f1os abandonan su&nbsp; fidelidad en los partidos pol\u00edticos de la democracia representativa, y cada vez menos ciudadanos creen en las instituciones nacionales.<\/p>\n\n\n\n<p>Mientras tanto, la guerra comercial de EU en Am\u00e9rica Latina y el Caribe, sus consecuencias geopol\u00edticas en la economia dominicana impacta de manera negativa.<\/p>\n\n\n\n<p>Las brisas de cambio social radical que soplan desde Sur Am\u00e9rica, Europa y Asia hacia el Caribe se manifiestan de diversas formas, estilos o maneras y no deber\u00eda descartarse un giro pol\u00edtico en Rep\u00fablica Dominicana.<\/p>\n\n\n\n<p>Que esos cambios r\u00e1pidos que se suceden uno tras otro a\u00fan no adquieran matices de excepci\u00f3n no quiere decir que su cultura pol\u00edtica no haya penetrado nuestros espacios o de que nuestra econom\u00eda sea infalible.<\/p>\n\n\n\n<p>En Hait\u00ed se esta dando un laboratorio geopol\u00edtico que m\u00e1s temprano que tarde dar\u00e1 inicio a procesos de excepci\u00f3n y estos efectos impactaran en la parte este de la isla.<\/p>\n\n\n\n<p>Quienes en el siglo XX en Venezuela ve\u00edan en Adecos y Copeyanos un futuro cierto son los mismos contempor\u00e1neos que respaldaron a Carlos Andr\u00e9s P\u00e9rez pero que nunca percibieron el camino que se estaba trillando.<\/p>\n\n\n\n<p>Con los sistemas de bienestar colapsados, la deuda externa hispanoamericana aumentando sin parar y la econom\u00eda de los Estados Unidos retrocediendo y las multinacionales pagando sobornos para lucrarse con la seguridad social sin duda que estas variables abren las puertas de par en par a una potencial ruptura.<\/p>\n\n\n\n<p>Las fuerzas oligarquicas, las clases sociales dominantes y el estatus quo tratan de manera infructuosa de colocar un muro de contenci\u00f3n a la sociedad difuminando el Estado de Derecho.<\/p>\n\n\n\n<p>Las sociedades latinoamericanas y caribe\u00f1as se han revolucionado instalando nuevas condiciones pol\u00edticas a sus gobiernos.<\/p>\n\n\n\n<p>El ciclo de violencia que se mantiene en el Caribe se manifiesta en ocasi\u00f3n de la destrucci\u00f3n de los partidos dem\u00f3crata y republicano de los Estados Unidos, la ca\u00edda espectacular de la legitimidad del gobierno del presidente Trump y se profundiza a partir de los complejos procesos de cambio radical en Medio Oriente que vienen precedidos de crisis de civilizaci\u00f3n en Europa, derrumbre de la confianza p\u00fablica en la Uni\u00f3n Europea, constitucionalidad difusa en los Estados del G7 y se agudiza con el impacto negativo de los problemas estructurales que atraviesa el viejo paradigma neoliberal.<\/p>\n\n\n\n<p>En Rep\u00fablica Dominicana no estamos lejos de la disrupcion social y pol\u00edtica que observamos en los pa\u00edses de la regi\u00f3n ni estamos exentos de un profundo cambio pol\u00edtico que transforme las circunstancias actuales en tiempo y espacio revolucionando la cuesti\u00f3n.<\/p>\n\n\n\n<p>RedSocial RedSocial Redsocial Codi Juan Carlos Espinal Juan Carlos Espinal Luis Abinader <\/p>\n","protected":false},"excerpt":{"rendered":"<p>Por Juan Carlos Espinal. &nbsp; Los profundos cambios sociales, pol\u00edticos, econ\u00f3micos y medioambientales que experimentan las sociedades de Am\u00e9rica Latina y el Caribe est\u00e1n vinculados a la crisis estructural del capitalismo neoliberal en su fase de putrefaccion. Este modelo econ\u00f3mico extractivista en lugar de generar riquezas provoca la ruina financiera de la democracia representativa. Algunos [&hellip;]<\/p>\n","protected":false},"author":7,"featured_media":521400,"comment_status":"closed","ping_status":"closed","sticky":true,"template":"","format":"standard","meta":{"footnotes":""},"categories":[16,27],"tags":[366],"class_list":["post-654603","post","type-post","status-publish","format-standard","has-post-thumbnail","hentry","category-opiniones","category-portada","tag-juan-carlos-espinal"],"_links":{"self":[{"href":"https:\/\/diariodominicano.com\/index.php?rest_route=\/wp\/v2\/posts\/654603","targetHints":{"allow":["GET"]}}],"collection":[{"href":"https:\/\/diariodominicano.com\/index.php?rest_route=\/wp\/v2\/posts"}],"about":[{"href":"https:\/\/diariodominicano.com\/index.php?rest_route=\/wp\/v2\/types\/post"}],"author":[{"embeddable":true,"href":"https:\/\/diariodominicano.com\/index.php?rest_route=\/wp\/v2\/users\/7"}],"replies":[{"embeddable":true,"href":"https:\/\/diariodominicano.com\/index.php?rest_route=%2Fwp%2Fv2%2Fcomments&post=654603"}],"version-history":[{"count":2,"href":"https:\/\/diariodominicano.com\/index.php?rest_route=\/wp\/v2\/posts\/654603\/revisions"}],"predecessor-version":[{"id":654724,"href":"https:\/\/diariodominicano.com\/index.php?rest_route=\/wp\/v2\/posts\/654603\/revisions\/654724"}],"wp:featuredmedia":[{"embeddable":true,"href":"https:\/\/diariodominicano.com\/index.php?rest_route=\/wp\/v2\/media\/521400"}],"wp:attachment":[{"href":"https:\/\/diariodominicano.com\/index.php?rest_route=%2Fwp%2Fv2%2Fmedia&parent=654603"}],"wp:term":[{"taxonomy":"category","embeddable":true,"href":"https:\/\/diariodominicano.com\/index.php?rest_route=%2Fwp%2Fv2%2Fcategories&post=654603"},{"taxonomy":"post_tag","embeddable":true,"href":"https:\/\/diariodominicano.com\/index.php?rest_route=%2Fwp%2Fv2%2Ftags&post=654603"}],"curies":[{"name":"wp","href":"https:\/\/api.w.org\/{rel}","templated":true}]}}