{"id":653826,"date":"2025-12-10T03:15:46","date_gmt":"2025-12-10T07:15:46","guid":{"rendered":"https:\/\/diariodominicano.com\/?p=653826"},"modified":"2025-12-10T03:15:48","modified_gmt":"2025-12-10T07:15:48","slug":"abogado-de-santiago-hazim-estamos-tranquilos-quien-no-tiene-hecha-no-tiene-sospecha","status":"publish","type":"post","link":"https:\/\/diariodominicano.com\/?p=653826","title":{"rendered":"Abogado de Santiago Hazim: estamos tranquilos, quien no tiene hecha no tiene sospecha"},"content":{"rendered":"\n<p>Su representante legal, Miguel Valerio, asegur\u00f3 este lunes que Hazim se encuentra tranquilo, a pesar de encontrarse en un estado de privaci\u00f3n de libertad hasta tanto el \u00f3rgano persecutor deposite una solicitud de medida de coerci\u00f3n o presente directamente la acusaci\u00f3n.<\/p>\n\n\n\n<p>\u00c1ngel Valdez<\/p>\n\n\n\n<p>El exdirector del Seguro Nacional de Salud (Senasa), Santiago Hazim,&nbsp;tiene m\u00e1s de 30 horas apresado en la Fiscal\u00eda del Distrito Nacional, tras ser acusado por el Ministerio P\u00fablico de haber instalado un \u201cesquema de corrupci\u00f3n sistem\u00e1tico\u201d, junto a otros funcionarios, que supuestamente desvi\u00f3 miles de millones de pesos de ese presupuesto institucional.<\/p>\n\n\n\n<p>Su representante legal, Miguel Valerio,&nbsp;asegur\u00f3 este lunes que Hazim se encuentra tranquilo, a pesar de encontrarse en un estado de privaci\u00f3n de libertad hasta tanto el \u00f3rgano persecutor deposite una solicitud de medida de coerci\u00f3n o presente directamente la acusaci\u00f3n.<\/p>\n\n\n\n<p>\u201cEstamos tranquilos\u2026, quien no tiene hechas, no tiene sospechas\u201d, dijo Valerio a un grupo de reporteros con el cual convers\u00f3 al terminar de dialogar con el exfuncionario, quien est\u00e1 retenido en el&nbsp;Centro de Atenci\u00f3n y Privaci\u00f3n de Libertad Provisional Ciudad Nueva.<\/p>\n\n\n\n<p>Valerio prefiri\u00f3 no referirse a la presunta informaci\u00f3n de que algunos involucrados en el supuesto entramado de corrupci\u00f3n administrativa est\u00e1n colaborando y realizar\u00e1n acuerdos de culpabilidad. No obstante,&nbsp;el jurista indic\u00f3 que cuando lo haga, se enfocar\u00e1n antes en verificar la calidad de los datos compartidos por esas personas con el Ministerio P\u00fablico.<\/p>\n\n\n\n<p>\u201cQuiero ver la calidad de la informaci\u00f3n de esa gente que est\u00e1 colaborando, vamos a ver cu\u00e1l es la verdad que ellos tienen, nosotros tenemos la nuestra\u2026\u201d, expres\u00f3 Valerio.<\/p>\n\n\n\n<p>Valerio calific\u00f3 como \u201cuna pena\u201d&nbsp;que la defensa legal de Hazim no tenga conocimiento sobre las acusaciones que realizar\u00e1n en su contra, mientras el Ministerio P\u00fablico divulga un comunicado con las supuestas tipificaciones penales cometidas.<\/p>\n\n\n\n<p>Adem\u00e1s de empleados del Senasa, la Procuradur\u00eda General de la Rep\u00fablica (PGR) asegura que en la estructura delictiva participaron prestadores de servicios m\u00e9dicos.<\/p>\n\n\n\n<p>En horas de la tarde de hoy, la lista de imputados se increment\u00f3 a nueve, luego de que Rafael Mart\u00ednez Hazim se entregara voluntariamente al titular de la Procuradur\u00eda Especializada contra la Corrupci\u00f3n Administrativa (PEPCA), quedando as\u00ed en estado de arresto. Su abogado, Carlos Balc\u00e1cer, inform\u00f3 que Mart\u00ednez opt\u00f3 por esa decisi\u00f3n despu\u00e9s de haberse percatado de que las autoridades desarrollaron un allanamiento en su casa.<\/p>\n\n\n\n<p>Asimismo, aclar\u00f3 que esta persona no es sobrina de Santiago Hazim, desmintiendo la versi\u00f3n publicada por algunos medios de comunicaci\u00f3n.<\/p>\n\n\n\n<p>Los dem\u00e1s detenidos son el empresario Eduardo Read Estrella, Germ\u00e1n Rafael Robel Qui\u00f1ones, Gustavo Enrique Messina Cruz, Francisco Iv\u00e1n Minaya P\u00e9rez, Cinty Acosta Senci\u00f3n, Ram\u00f3n Alan Speakler Mateo y Ada Ledesma Ubiera.<\/p>\n\n\n\n<p>Entre otros delitos, al grupo se le imputan cargos de coalici\u00f3n de funcionarios, prevaricaci\u00f3n, asociaci\u00f3n de malhechores, cobro de soborno, estafa contra el Estado dominicano, desfalco, falsificaci\u00f3n, uso de documentos falsos y lavado de activos.<\/p>\n\n\n\n<p>Mientras tanto, todav\u00eda se desconoce cu\u00e1les eran los roles de estos individuos dentro de la supuesta agrupaci\u00f3n criminal.<\/p>\n\n\n\n<p>Listin Diario<\/p>\n","protected":false},"excerpt":{"rendered":"<p>Su representante legal, Miguel Valerio, asegur\u00f3 este lunes que Hazim se encuentra tranquilo, a pesar de encontrarse en un estado de privaci\u00f3n de libertad hasta tanto el \u00f3rgano persecutor deposite una solicitud de medida de coerci\u00f3n o presente directamente la acusaci\u00f3n. \u00c1ngel Valdez El exdirector del Seguro Nacional de Salud (Senasa), Santiago Hazim,&nbsp;tiene m\u00e1s de [&hellip;]<\/p>\n","protected":false},"author":7,"featured_media":653898,"comment_status":"closed","ping_status":"closed","sticky":false,"template":"","format":"standard","meta":{"footnotes":""},"categories":[1],"tags":[171],"class_list":["post-653826","post","type-post","status-publish","format-standard","has-post-thumbnail","hentry","category-editorial","tag-ministerio-publico"],"_links":{"self":[{"href":"https:\/\/diariodominicano.com\/index.php?rest_route=\/wp\/v2\/posts\/653826","targetHints":{"allow":["GET"]}}],"collection":[{"href":"https:\/\/diariodominicano.com\/index.php?rest_route=\/wp\/v2\/posts"}],"about":[{"href":"https:\/\/diariodominicano.com\/index.php?rest_route=\/wp\/v2\/types\/post"}],"author":[{"embeddable":true,"href":"https:\/\/diariodominicano.com\/index.php?rest_route=\/wp\/v2\/users\/7"}],"replies":[{"embeddable":true,"href":"https:\/\/diariodominicano.com\/index.php?rest_route=%2Fwp%2Fv2%2Fcomments&post=653826"}],"version-history":[{"count":1,"href":"https:\/\/diariodominicano.com\/index.php?rest_route=\/wp\/v2\/posts\/653826\/revisions"}],"predecessor-version":[{"id":653906,"href":"https:\/\/diariodominicano.com\/index.php?rest_route=\/wp\/v2\/posts\/653826\/revisions\/653906"}],"wp:featuredmedia":[{"embeddable":true,"href":"https:\/\/diariodominicano.com\/index.php?rest_route=\/wp\/v2\/media\/653898"}],"wp:attachment":[{"href":"https:\/\/diariodominicano.com\/index.php?rest_route=%2Fwp%2Fv2%2Fmedia&parent=653826"}],"wp:term":[{"taxonomy":"category","embeddable":true,"href":"https:\/\/diariodominicano.com\/index.php?rest_route=%2Fwp%2Fv2%2Fcategories&post=653826"},{"taxonomy":"post_tag","embeddable":true,"href":"https:\/\/diariodominicano.com\/index.php?rest_route=%2Fwp%2Fv2%2Ftags&post=653826"}],"curies":[{"name":"wp","href":"https:\/\/api.w.org\/{rel}","templated":true}]}}