{"id":653824,"date":"2025-12-10T02:31:31","date_gmt":"2025-12-10T06:31:31","guid":{"rendered":"https:\/\/diariodominicano.com\/?p=653824"},"modified":"2025-12-10T02:31:34","modified_gmt":"2025-12-10T06:31:34","slug":"abogados-en-caso-senasa-dicen-que-faltan-mas-personas-en-el-expediente","status":"publish","type":"post","link":"https:\/\/diariodominicano.com\/?p=653824","title":{"rendered":"Abogados en caso Senasa dicen que faltan m\u00e1s personas en el expediente"},"content":{"rendered":"\n<p>Al grupo se le imputan cargos de coalici\u00f3n de funcionarios, prevaricaci\u00f3n, asociaci\u00f3n de malhechores, cobro de soborno, estafa contra el Estado dominicano, desfalco, falsificaci\u00f3n, uso de documentos falsos y lavado de activos.<\/p>\n\n\n\n<p>Aunque presume que el Ministerio P\u00fablico presentar\u00e1 la solicitud de medida de coerci\u00f3n contra los ocho implicados en el caso del&nbsp;Seguro Nacional de Salud&nbsp;(Senasa), en la tarde o noche de este lunes, Marcelino Vargas Brito, representante de&nbsp;Ada Ledesma Ubiera, una de las arrestadas, indic\u00f3 que a\u00fan faltan m\u00e1s personas por ser procesadas.<\/p>\n\n\n\n<p>\u201cNo muchos, pero faltan personas que deben estar en el expediente.&nbsp;No los conozco, pero tengo informaciones de que faltan gente&nbsp;de que no han sido encartadas\u201d, dijo a los medios, al asegurar que la misma inquietud la comparte otro jurista.<\/p>\n\n\n\n<p>La Procuradur\u00eda Especializada de Persecuci\u00f3n de la Corrupci\u00f3n Administrativa (Pepca),&nbsp;tiene hasta este lunes para presentar&nbsp;la solicitud de medida de coerci\u00f3n, ya que los arrestos iniciaron el s\u00e1bado y la norma da un plazo de 48 horas.<\/p>\n\n\n\n<p>Sumado a estas declaraciones, el jurista&nbsp;Jaime Caonabo,&nbsp;indic\u00f3 que \u201cla informaci\u00f3n que yo tengo es que faltan personas que est\u00e1n colaborando, pero no s\u00e9 qui\u00e9nes son, que est\u00e1n en libertad\u201d.&nbsp;<\/p>\n\n\n\n<p>Se recuerda que&nbsp;Ana Ledesma, es&nbsp;propietaria de la distribuidora Lufarka, una compa\u00f1\u00eda dedicada a la importaci\u00f3n y venta de medicamentos y productos de est\u00e9tica, constituida, de acuerdo a sus declaraciones en el a\u00f1o 2015.<\/p>\n\n\n\n<p>Marcelino Vargas Brito dijo que su clienta prest\u00f3 servicios como suplidora a Senasa. Adem\u00e1s de que su arresto se produjo en su residencia.<\/p>\n\n\n\n<p>Adem\u00e1s de Ada Ledesma, en este caso est\u00e1n imputados&nbsp;Santiago Hazim, exdirector de Senasa;&nbsp;Gustavo Messina, gerente financiero de Senasa;&nbsp;Germ\u00e1n Robles, exconsultor jur\u00eddico;&nbsp;Francisco Iv\u00e1n Minaya P\u00e9rez, gerente de servicios de Salud de Senasa; Ram\u00f3n Alan Speakler Mateo, contratista; el empresario Eduardo Read Estrella y Cinty Acosta Senci\u00f3n.<\/p>\n\n\n\n<p>Al grupo se le imputan cargos de coalici\u00f3n de funcionarios, prevaricaci\u00f3n, asociaci\u00f3n de malhechores, cobro de soborno, estafa contra el&nbsp;Estado dominicano,&nbsp;desfalco, falsificaci\u00f3n, uso de documentos falsos y lavado de activos.<\/p>\n\n\n\n<p>Listin Diario &nbsp;<\/p>\n","protected":false},"excerpt":{"rendered":"<p>Al grupo se le imputan cargos de coalici\u00f3n de funcionarios, prevaricaci\u00f3n, asociaci\u00f3n de malhechores, cobro de soborno, estafa contra el Estado dominicano, desfalco, falsificaci\u00f3n, uso de documentos falsos y lavado de activos. Aunque presume que el Ministerio P\u00fablico presentar\u00e1 la solicitud de medida de coerci\u00f3n contra los ocho implicados en el caso del&nbsp;Seguro Nacional de [&hellip;]<\/p>\n","protected":false},"author":7,"featured_media":653859,"comment_status":"closed","ping_status":"closed","sticky":false,"template":"","format":"standard","meta":{"footnotes":""},"categories":[24],"tags":[171,413],"class_list":["post-653824","post","type-post","status-publish","format-standard","has-post-thumbnail","hentry","category-justicia-y-derecho","tag-ministerio-publico","tag-senasa"],"_links":{"self":[{"href":"https:\/\/diariodominicano.com\/index.php?rest_route=\/wp\/v2\/posts\/653824","targetHints":{"allow":["GET"]}}],"collection":[{"href":"https:\/\/diariodominicano.com\/index.php?rest_route=\/wp\/v2\/posts"}],"about":[{"href":"https:\/\/diariodominicano.com\/index.php?rest_route=\/wp\/v2\/types\/post"}],"author":[{"embeddable":true,"href":"https:\/\/diariodominicano.com\/index.php?rest_route=\/wp\/v2\/users\/7"}],"replies":[{"embeddable":true,"href":"https:\/\/diariodominicano.com\/index.php?rest_route=%2Fwp%2Fv2%2Fcomments&post=653824"}],"version-history":[{"count":1,"href":"https:\/\/diariodominicano.com\/index.php?rest_route=\/wp\/v2\/posts\/653824\/revisions"}],"predecessor-version":[{"id":653862,"href":"https:\/\/diariodominicano.com\/index.php?rest_route=\/wp\/v2\/posts\/653824\/revisions\/653862"}],"wp:featuredmedia":[{"embeddable":true,"href":"https:\/\/diariodominicano.com\/index.php?rest_route=\/wp\/v2\/media\/653859"}],"wp:attachment":[{"href":"https:\/\/diariodominicano.com\/index.php?rest_route=%2Fwp%2Fv2%2Fmedia&parent=653824"}],"wp:term":[{"taxonomy":"category","embeddable":true,"href":"https:\/\/diariodominicano.com\/index.php?rest_route=%2Fwp%2Fv2%2Fcategories&post=653824"},{"taxonomy":"post_tag","embeddable":true,"href":"https:\/\/diariodominicano.com\/index.php?rest_route=%2Fwp%2Fv2%2Ftags&post=653824"}],"curies":[{"name":"wp","href":"https:\/\/api.w.org\/{rel}","templated":true}]}}