{"id":653775,"date":"2025-12-10T00:42:49","date_gmt":"2025-12-10T04:42:49","guid":{"rendered":"https:\/\/diariodominicano.com\/?p=653775"},"modified":"2025-12-10T03:08:40","modified_gmt":"2025-12-10T07:08:40","slug":"fdf-designo-a-yelena-hazim-figuereo-como-secretaria-general-y-la-convirtio-en-la-primera-mujer-en-asumir-ese-cargo-en-mas-de-70-anos","status":"publish","type":"post","link":"https:\/\/diariodominicano.com\/?p=653775","title":{"rendered":"FDF design\u00f3 a Yelena Hazim Figuereo como secretaria general y la convirti\u00f3 en la primera mujer en asumir ese cargo en m\u00e1s de 70 a\u00f1os"},"content":{"rendered":"\n<p>SANTO DOMINGO.- La Federaci\u00f3n Dominicana de F\u00fatbol (FDF) inform\u00f3 que su Comit\u00e9 Ejecutivo nombr\u00f3 a la licenciada Yelena Hazim Figuereo como nueva secretaria general de esta instituci\u00f3n que rige el balompi\u00e9 en la Rep\u00fablica Dominicana desde 1953 y que adem\u00e1s es una de las 211 Asociaciones Miembro de la FIFA.<\/p>\n\n\n\n<p>Hazim se convirti\u00f3 de esta manera en la primera mujer en asumir la Secretar\u00eda General de la FDF en m\u00e1s de siete d\u00e9cadas de historia.<\/p>\n\n\n\n<p>La nueva gerente de la FDF estuvo a cargo de la Direcci\u00f3n de Desarrollo y Cumplimiento de la FDF por lapso de casi tres a\u00f1os (agosto 2020 \u2013 noviembre 2022), per\u00edodo en el que cumpli\u00f3 a cabalidad su rol, estableciendo adem\u00e1s buenas referencias ante la FIFA.<\/p>\n\n\n\n<p>En el plano deportivo, dej\u00f3 una huella importante al ser parte junto a Carlos Ram\u00edrez en la creaci\u00f3n y puesta en marcha del Torneo Nacional de Asociaciones y Clubes, competici\u00f3n que se ha convertido en pilar para el desarrollo del f\u00fatbol formativo en el pa\u00eds.<\/p>\n\n\n\n<p>Yelena Hazim es nativa de San Pedro de Macor\u00eds, graduada en Ciencias Pol\u00edticas con Doctorado en el Derecho Privado Internacional y M\u00e9todos de Resoluci\u00f3n y Disputa. En el \u00e1rea deportiva realiz\u00f3 una maestr\u00eda en Derecho Deportivo Internacional y estuvo laborando con la Federaci\u00f3n Puertorrique\u00f1a de F\u00fatbol antes de su paso por la FDF.<\/p>\n\n\n\n<p>\u201cAsumo esta posici\u00f3n con mucho orgullo y mucha responsabilidad. Tengo un compromiso personal y profesional con el f\u00fatbol dominicano, y venimos a darlo todo\u201d, fueron las primeras palabras de la nueva secretaria general de la FDF.<\/p>\n\n\n\n<p>\u201cFeliz de volver a casa. Con muchas ganas de ayudar, y trabajar por nuestro f\u00fatbol. Mientras todos rememos en la misma direcci\u00f3n, podemos alcanzar grandes cosas\u201d, agreg\u00f3 Hazim.<\/p>\n\n\n\n<p>El secretario general de la FIFA, Mattias Grafstr\u00f6m, se comunic\u00f3 con Hazim tras la decisi\u00f3n del Comit\u00e9 Ejecutivo de la FDF, para manifestar las respectivas felicitaciones y los buenos deseos en su gesti\u00f3n.<\/p>\n\n\n\n<p>El actual Comit\u00e9 Ejecutivo de la FDF est\u00e1 desarrollando el per\u00edodo de gesti\u00f3n 2024 \u2013 2028, presidido por Jos\u00e9 Francisco Deschamps.<\/p>\n\n\n\n<p><strong>Johnny Nieto<\/strong><\/p>\n\n\n\n<p><strong>Departamento de Comunicaciones F.D.F.<\/strong><\/p>\n","protected":false},"excerpt":{"rendered":"<p>SANTO DOMINGO.- La Federaci\u00f3n Dominicana de F\u00fatbol (FDF) inform\u00f3 que su Comit\u00e9 Ejecutivo nombr\u00f3 a la licenciada Yelena Hazim Figuereo como nueva secretaria general de esta instituci\u00f3n que rige el balompi\u00e9 en la Rep\u00fablica Dominicana desde 1953 y que adem\u00e1s es una de las 211 Asociaciones Miembro de la FIFA. Hazim se convirti\u00f3 de esta [&hellip;]<\/p>\n","protected":false},"author":2,"featured_media":653776,"comment_status":"closed","ping_status":"closed","sticky":true,"template":"","format":"standard","meta":{"footnotes":""},"categories":[17,27],"tags":[3640,2756],"class_list":["post-653775","post","type-post","status-publish","format-standard","has-post-thumbnail","hentry","category-deportes","category-portada","tag-fdf","tag-fifa"],"_links":{"self":[{"href":"https:\/\/diariodominicano.com\/index.php?rest_route=\/wp\/v2\/posts\/653775","targetHints":{"allow":["GET"]}}],"collection":[{"href":"https:\/\/diariodominicano.com\/index.php?rest_route=\/wp\/v2\/posts"}],"about":[{"href":"https:\/\/diariodominicano.com\/index.php?rest_route=\/wp\/v2\/types\/post"}],"author":[{"embeddable":true,"href":"https:\/\/diariodominicano.com\/index.php?rest_route=\/wp\/v2\/users\/2"}],"replies":[{"embeddable":true,"href":"https:\/\/diariodominicano.com\/index.php?rest_route=%2Fwp%2Fv2%2Fcomments&post=653775"}],"version-history":[{"count":1,"href":"https:\/\/diariodominicano.com\/index.php?rest_route=\/wp\/v2\/posts\/653775\/revisions"}],"predecessor-version":[{"id":653777,"href":"https:\/\/diariodominicano.com\/index.php?rest_route=\/wp\/v2\/posts\/653775\/revisions\/653777"}],"wp:featuredmedia":[{"embeddable":true,"href":"https:\/\/diariodominicano.com\/index.php?rest_route=\/wp\/v2\/media\/653776"}],"wp:attachment":[{"href":"https:\/\/diariodominicano.com\/index.php?rest_route=%2Fwp%2Fv2%2Fmedia&parent=653775"}],"wp:term":[{"taxonomy":"category","embeddable":true,"href":"https:\/\/diariodominicano.com\/index.php?rest_route=%2Fwp%2Fv2%2Fcategories&post=653775"},{"taxonomy":"post_tag","embeddable":true,"href":"https:\/\/diariodominicano.com\/index.php?rest_route=%2Fwp%2Fv2%2Ftags&post=653775"}],"curies":[{"name":"wp","href":"https:\/\/api.w.org\/{rel}","templated":true}]}}