{"id":653772,"date":"2025-12-10T00:35:33","date_gmt":"2025-12-10T04:35:33","guid":{"rendered":"https:\/\/diariodominicano.com\/?p=653772"},"modified":"2025-12-10T01:39:26","modified_gmt":"2025-12-10T05:39:26","slug":"argentina-senado-de-mendoza-aprobo-plan-minero-pese-a-advertencias","status":"publish","type":"post","link":"https:\/\/diariodominicano.com\/?p=653772","title":{"rendered":"Argentina: Senado de Mendoza aprob\u00f3 plan minero pese a advertencias"},"content":{"rendered":"\n<p>Buenos Aires, 9 dic (Prensa Latina) El Senado de Mendoza aprob\u00f3 hoy finalmente el pol\u00e9mico proyecto minero San Jorge, pese a las advertencias de defensores del medio que puede acarrear serios problemas a las fuentes h\u00eddricas de esa provincia del Cuyo argentino.<\/p>\n\n\n\n<p><a href=\"https:\/\/www.prensa-latina.cu\/2025\/12\/09\/\"><time>diciembre 9, 2025 | <\/time><\/a><\/p>\n\n\n\n<p>Fue una jornada tensa, tanto dentro del recinto como afuera, con una movilizaci\u00f3n de asociaciones pol\u00edticas, ambientalistas y antimineras, que se concentraron en la Plaza Independencia, frente a la Legislatura, en protesta contra esos planes.<\/p>\n\n\n\n<p>Cientos de mendocinos escenificaron una impresionante marcha a pie de unos 100 kil\u00f3metros desde Uspallata hasta la capital mendocina en defensa del agua.<\/p>\n\n\n\n<p>La primera iniciativa aprobada fue la que genera mayor controversia: la declaraci\u00f3n de impacto ambiental de PSJ Cobre Mendocino, el emprendimiento ubicado en Uspallata, que fue convertida en ley gracias a los votos del oficialismo y de legisladores de otros partidos.<\/p>\n\n\n\n<p>Luego se debatieron las 27 nuevas normas contenidas en el Distrito Minero Malarg\u00fce II, las regal\u00edas mineras y la creaci\u00f3n del Fondo Compensador Ambiental. Todas fueron aprobadas.<\/p>\n\n\n\n<p>Con ese paso la Legislatura de Mendoza complica sobremanera la relaci\u00f3n entre miner\u00eda y ambiente en la provincia. Con \u00e9l, el gobierno provincial de Alfredo Cornejo logr\u00f3 avanzar un proyecto cuestionado por sus riesgos sobre los recursos h\u00eddricos de esa provincia andina.<\/p>\n\n\n\n<p>El proyecto contempla extraer cobre en Uspallata con una inversi\u00f3n estimada en 560 millones de d\u00f3lares. Para las organizaciones sociales y ambientales, la decisi\u00f3n refleja una priorizaci\u00f3n de los intereses empresariales por sobre la protecci\u00f3n de la cuenca del R\u00edo Mendoza, en medio de una crisis h\u00eddrica que afecta a esa comarca cuyana.<\/p>\n\n\n\n<p>rgh\/mh<\/p>\n\n\n\n<ul class=\"wp-block-list\">\n<li>#<a href=\"https:\/\/www.prensa-latina.cu\/etiqueta\/argentina\/\">argentina<\/a>&nbsp;#<a href=\"https:\/\/www.prensa-latina.cu\/etiqueta\/cuyo\/\">Cuyo<\/a>&nbsp;#<a href=\"https:\/\/www.prensa-latina.cu\/etiqueta\/mendoza\/\">mendoza<\/a>&nbsp;#<a href=\"https:\/\/www.prensa-latina.cu\/etiqueta\/proyecto-minero-san-jorge\/\">proyecto minero San Jorge<\/a>&nbsp;#<a href=\"https:\/\/www.prensa-latina.cu\/etiqueta\/uspallata\/\">Uspallata<\/a><\/li>\n<\/ul>\n","protected":false},"excerpt":{"rendered":"<p>Buenos Aires, 9 dic (Prensa Latina) El Senado de Mendoza aprob\u00f3 hoy finalmente el pol\u00e9mico proyecto minero San Jorge, pese a las advertencias de defensores del medio que puede acarrear serios problemas a las fuentes h\u00eddricas de esa provincia del Cuyo argentino. diciembre 9, 2025 | Fue una jornada tensa, tanto dentro del recinto como [&hellip;]<\/p>\n","protected":false},"author":2,"featured_media":653773,"comment_status":"closed","ping_status":"closed","sticky":true,"template":"","format":"standard","meta":{"footnotes":""},"categories":[18,23],"tags":[3419],"class_list":["post-653772","post","type-post","status-publish","format-standard","has-post-thumbnail","hentry","category-economia","category-internacional","tag-argentina"],"_links":{"self":[{"href":"https:\/\/diariodominicano.com\/index.php?rest_route=\/wp\/v2\/posts\/653772","targetHints":{"allow":["GET"]}}],"collection":[{"href":"https:\/\/diariodominicano.com\/index.php?rest_route=\/wp\/v2\/posts"}],"about":[{"href":"https:\/\/diariodominicano.com\/index.php?rest_route=\/wp\/v2\/types\/post"}],"author":[{"embeddable":true,"href":"https:\/\/diariodominicano.com\/index.php?rest_route=\/wp\/v2\/users\/2"}],"replies":[{"embeddable":true,"href":"https:\/\/diariodominicano.com\/index.php?rest_route=%2Fwp%2Fv2%2Fcomments&post=653772"}],"version-history":[{"count":2,"href":"https:\/\/diariodominicano.com\/index.php?rest_route=\/wp\/v2\/posts\/653772\/revisions"}],"predecessor-version":[{"id":653803,"href":"https:\/\/diariodominicano.com\/index.php?rest_route=\/wp\/v2\/posts\/653772\/revisions\/653803"}],"wp:featuredmedia":[{"embeddable":true,"href":"https:\/\/diariodominicano.com\/index.php?rest_route=\/wp\/v2\/media\/653773"}],"wp:attachment":[{"href":"https:\/\/diariodominicano.com\/index.php?rest_route=%2Fwp%2Fv2%2Fmedia&parent=653772"}],"wp:term":[{"taxonomy":"category","embeddable":true,"href":"https:\/\/diariodominicano.com\/index.php?rest_route=%2Fwp%2Fv2%2Fcategories&post=653772"},{"taxonomy":"post_tag","embeddable":true,"href":"https:\/\/diariodominicano.com\/index.php?rest_route=%2Fwp%2Fv2%2Ftags&post=653772"}],"curies":[{"name":"wp","href":"https:\/\/api.w.org\/{rel}","templated":true}]}}