{"id":653541,"date":"2025-12-08T01:38:09","date_gmt":"2025-12-08T05:38:09","guid":{"rendered":"https:\/\/diariodominicano.com\/?p=653541"},"modified":"2025-12-08T16:17:32","modified_gmt":"2025-12-08T20:17:32","slug":"el-presidente-abinader-inaugura-techado-multiuso-en-el-campamento-16-de-agosto-y-compartio-un-almuerzo-navideno-con-mas-de-2500-soldados","status":"publish","type":"post","link":"https:\/\/diariodominicano.com\/?p=653541","title":{"rendered":"El Presidente Abinader inaugura techado multiuso en el Campamento 16 de Agosto y comparti\u00f3 un almuerzo navide\u00f1o con m\u00e1s de 2,500 soldados"},"content":{"rendered":"\n<h3 class=\"wp-block-heading\">Dijo sentirse orgulloso del trabajo de los soldados del Ej\u00e9rcito de la Rep\u00fablica Dominicana y afirm\u00f3 que cada d\u00eda reafirma su compromiso de mejorar sus condiciones de vida, as\u00ed como fortalecer de manera integral la instituci\u00f3n<\/h3>\n\n\n\n<p>7 de Diciembre 2025 | 16:20 <\/p>\n\n\n\n<p>Santo Domingo, RD.-&nbsp;<strong>El presidente de la Rep\u00fablica, Luis Abinader,<\/strong>&nbsp;inaugur\u00f3 este domingo el&nbsp;<strong>nuevo techado multiuso del Campamento Militar 16 de Agosto<\/strong>&nbsp;y comparti\u00f3 el tradicional&nbsp;<strong>almuerzo navide\u00f1o<\/strong>&nbsp;con&nbsp;<strong>m\u00e1s de 2,500 soldados<\/strong>&nbsp;del Ej\u00e9rcito, un encuentro que reafirm\u00f3 su&nbsp;<strong>cercan\u00eda<\/strong>&nbsp;y el&nbsp;<strong>reconocimiento<\/strong>&nbsp;del Gobierno al servicio que hombres y mujeres militares brindan cada d\u00eda a la naci\u00f3n.<\/p>\n\n\n\n<p>El acto estuvo encabezado por el presidente Abinader, junto con el ministro de Defensa, teniente general&nbsp;<strong>Carlos Antonio Fern\u00e1ndez Onofre<\/strong>&nbsp;(ERD); el ministro de Deportes,&nbsp;<strong>Kelvin Cruz<\/strong>, y el comandante general del Ej\u00e9rcito, mayor general&nbsp;<strong>Jorge Iv\u00e1n Camino P\u00e9rez<\/strong>&nbsp;(ERD).<\/p>\n\n\n\n<p>El nuevo pabell\u00f3n deportivo cuenta con 1,200 metros cuadrados dise\u00f1ados para fortalecer la&nbsp;<strong>preparaci\u00f3n f\u00edsica, recreativa y formativa<\/strong>&nbsp;del personal militar del campamento.<\/p>\n\n\n\n<p>En las palabras centrales de la inauguraci\u00f3n del techado, el ministro de Deportes, Kelvin Cruz, resalt\u00f3 que esta es la&nbsp;<strong>obra n\u00famero 33<\/strong>&nbsp;que entrega en un a\u00f1o y tres meses de su gesti\u00f3n por disposici\u00f3n del presidente Abinader, de quien se\u00f1al\u00f3<em>&nbsp;\u00abun gran compromiso con el deporte, no solamente en el deporte civil sino que hoy demuestra que ese compromiso se extiende al deporte militar\u00bb.<\/em><\/p>\n\n\n\n<figure class=\"wp-block-image\"><img decoding=\"async\" src=\"https:\/\/presidencia.gob.do\/sites\/default\/files\/inline-images\/1001058411.jpg\" alt=\"\"\/><\/figure>\n\n\n\n<p>Indic\u00f3 que hoy entregan una&nbsp;<strong>estructura met\u00e1lica del m\u00e1s alto nivel<\/strong>, con luces led de \u00faltima generaci\u00f3n y un piso sint\u00e9tico, certificado por la FIBA, as\u00ed como grader\u00edas, ba\u00f1os, oficinas, camerinos y almac\u00e9n, en los cuales se hizo una inversi\u00f3n de unos&nbsp;<strong>RD 30 millones.<\/strong><\/p>\n\n\n\n<p><strong>Caracter\u00edsticas del techado multiuso<\/strong><\/p>\n\n\n\n<p>La moderna instalaci\u00f3n incluye: estructura met\u00e1lica, piso sint\u00e9tico especializado para \u00e1rea de juego, dos soportes con tableros, pizarra electr\u00f3nica, muro perimetral en bloques de hormig\u00f3n y malla cicl\u00f3nica, sistema el\u00e9ctrico completo, gradas, ba\u00f1os mixtos, sal\u00f3n multiusos, cisterna, pintura y terminaciones generales.<\/p>\n\n\n\n<p>Estas facilidades permitir\u00e1n ampliar las actividades deportivas, formativas y recreativas del personal militar, potenciando su&nbsp;<strong>bienestar f\u00edsico<\/strong>&nbsp;y su&nbsp;<strong>integraci\u00f3n institucional.<\/strong><\/p>\n\n\n\n<figure class=\"wp-block-image\"><img decoding=\"async\" src=\"https:\/\/presidencia.gob.do\/sites\/default\/files\/inline-images\/1001058417.jpg\" alt=\"\"\/><\/figure>\n\n\n\n<p><strong>Un almuerzo navide\u00f1o que fortalece los lazos con los soldados<\/strong><\/p>\n\n\n\n<p>Tras la inauguraci\u00f3n, el presidente Abinader comparti\u00f3 un&nbsp;<strong>almuerzo navide\u00f1o<\/strong>&nbsp;con m\u00e1s de 2,500 soldados, un encuentro que se ha convertido en una&nbsp;<strong>tradici\u00f3n anual muy esperada dentro de las Fuerzas Armadas.<\/strong><\/p>\n\n\n\n<p>En sus palabras a los soldados, el ma<\/p>\n\n\n\n<p>ndatario dijo que este compartir se convirti\u00f3 en una &nbsp;tradici\u00f3n para&nbsp;<strong>agradecerles su trabajo<\/strong>&nbsp;en favor de la&nbsp;<strong>defensa de la soberan\u00eda nacional.<\/strong><\/p>\n\n\n\n<p><em>\u00abMe siento orgulloso de su trabajo y cada vez, cada d\u00eda, m\u00e1s comprometido para mejorar las condiciones de vida y as\u00ed tambi\u00e9n las condiciones en general del ej\u00e9rcito de la Rep\u00fablica Dominicana\u00bb<\/em>, expres\u00f3 el jefe de Estafo.<\/p>\n\n\n\n<p>Dijo que el legado que los militares pueden dejar a sus familias&nbsp;<em>\u00abes ese trabajo, ese compromiso con la Rep\u00fablica, ese compromiso con su patria y, sobre todo, tambi\u00e9n su honestidad es el mayor legado que se le puede dejar a cada familia y a cada hijo al finalizar este a\u00f1o 2025\u00bb.<\/em><\/p>\n\n\n\n<p>Durante la actividad, el jefe de Estado recorri\u00f3 las mesas,&nbsp;<strong>convers\u00f3 con los soldados,<\/strong>&nbsp;escuch\u00f3 sus&nbsp;<strong>inquietudes<\/strong>&nbsp;y agradeci\u00f3 personalmente el compromiso y la entrega con la que sirven al pa\u00eds. Este gesto, que se repite cada a\u00f1o, simboliza el reconocimiento directo del Gobierno a la&nbsp;<strong>labor silenciosa, sacrificada y esencial<\/strong>&nbsp;que realiza cada miembro del Ej\u00e9rcito para garantizar la seguridad, la estabilidad y la soberan\u00eda de la Rep\u00fablica Dominicana.<\/p>\n\n\n\n<p>En las palabras de bienvenida, el comandante del Ej\u00e9rcito,&nbsp;<strong>Jorge Iv\u00e1n Camino P\u00e9rez,<\/strong>&nbsp;<strong>agradeci\u00f3<\/strong>&nbsp;al jefe de Estado, &nbsp;en nombre de los hombres y mujeres que integran la instituci\u00f3n castrense, por&nbsp;<strong>todo lo que ha hecho en su favor.<\/strong><\/p>\n\n\n\n<figure class=\"wp-block-image\"><img decoding=\"async\" src=\"https:\/\/presidencia.gob.do\/sites\/default\/files\/inline-images\/1001058384.jpg\" alt=\"\"\/><\/figure>\n\n\n\n<p>Aprovech\u00f3 su intervenci\u00f3n para desearle a los oficiales y soldados \u00e9xitos, una feliz Navidad y un venturoso 2026 y que la prosperidad llegue a todos los hogares dominicanos.<\/p>\n\n\n\n<p>El ambiente estuvo cargado de&nbsp;<strong>camarader\u00eda, cercan\u00eda y esp\u00edritu navide\u00f1o<\/strong>, reforzando la motivaci\u00f3n y el sentido de&nbsp;<strong>pertenencia<\/strong>&nbsp;del personal militar.<\/p>\n\n\n\n<p>Con informaci\u00f3n de la Presidencia de la Rep\u00fablica.<\/p>\n\n\n\n<p><\/p>\n","protected":false},"excerpt":{"rendered":"<p>Dijo sentirse orgulloso del trabajo de los soldados del Ej\u00e9rcito de la Rep\u00fablica Dominicana y afirm\u00f3 que cada d\u00eda reafirma su compromiso de mejorar sus condiciones de vida, as\u00ed como fortalecer de manera integral la instituci\u00f3n 7 de Diciembre 2025 | 16:20 Santo Domingo, RD.-&nbsp;El presidente de la Rep\u00fablica, Luis Abinader,&nbsp;inaugur\u00f3 este domingo el&nbsp;nuevo techado [&hellip;]<\/p>\n","protected":false},"author":2,"featured_media":653542,"comment_status":"closed","ping_status":"closed","sticky":true,"template":"","format":"standard","meta":{"footnotes":""},"categories":[20],"tags":[1854],"class_list":["post-653541","post","type-post","status-publish","format-standard","has-post-thumbnail","hentry","category-dominicana-hoy","tag-presidente-abinader"],"_links":{"self":[{"href":"https:\/\/diariodominicano.com\/index.php?rest_route=\/wp\/v2\/posts\/653541","targetHints":{"allow":["GET"]}}],"collection":[{"href":"https:\/\/diariodominicano.com\/index.php?rest_route=\/wp\/v2\/posts"}],"about":[{"href":"https:\/\/diariodominicano.com\/index.php?rest_route=\/wp\/v2\/types\/post"}],"author":[{"embeddable":true,"href":"https:\/\/diariodominicano.com\/index.php?rest_route=\/wp\/v2\/users\/2"}],"replies":[{"embeddable":true,"href":"https:\/\/diariodominicano.com\/index.php?rest_route=%2Fwp%2Fv2%2Fcomments&post=653541"}],"version-history":[{"count":3,"href":"https:\/\/diariodominicano.com\/index.php?rest_route=\/wp\/v2\/posts\/653541\/revisions"}],"predecessor-version":[{"id":653625,"href":"https:\/\/diariodominicano.com\/index.php?rest_route=\/wp\/v2\/posts\/653541\/revisions\/653625"}],"wp:featuredmedia":[{"embeddable":true,"href":"https:\/\/diariodominicano.com\/index.php?rest_route=\/wp\/v2\/media\/653542"}],"wp:attachment":[{"href":"https:\/\/diariodominicano.com\/index.php?rest_route=%2Fwp%2Fv2%2Fmedia&parent=653541"}],"wp:term":[{"taxonomy":"category","embeddable":true,"href":"https:\/\/diariodominicano.com\/index.php?rest_route=%2Fwp%2Fv2%2Fcategories&post=653541"},{"taxonomy":"post_tag","embeddable":true,"href":"https:\/\/diariodominicano.com\/index.php?rest_route=%2Fwp%2Fv2%2Ftags&post=653541"}],"curies":[{"name":"wp","href":"https:\/\/api.w.org\/{rel}","templated":true}]}}