{"id":653445,"date":"2025-12-07T18:46:29","date_gmt":"2025-12-07T22:46:29","guid":{"rendered":"https:\/\/diariodominicano.com\/?p=653445"},"modified":"2025-12-29T02:53:33","modified_gmt":"2025-12-29T06:53:33","slug":"la-cronologia-del-caso-senasa-un-vistazo-rapido-para-entender-el-proceso-contra-santiago-hazim","status":"publish","type":"post","link":"https:\/\/diariodominicano.com\/?p=653445","title":{"rendered":"La cronolog\u00eda del caso Senasa: Un vistazo r\u00e1pido para entender el proceso contra Santiago Hazim"},"content":{"rendered":"\n<p>De las denuncias a la investigaci\u00f3n por el Ministerio P\u00fablico<\/p>\n\n\n\n<p>Avatar del Eliana Ledesma<\/p>\n\n\n\n<p>Eliana Ledesma<\/p>\n\n\n\n<p>Santo Domingo, RD<\/p>\n\n\n\n<p>El exdirector del Seguro Nacional de Salud (Senasa),&nbsp;Santiago Hazim, acudi\u00f3 este s\u00e1bado a la Procuradur\u00eda General acompa\u00f1ado de su abogado, en medio de una investigaci\u00f3n por presunta corrupci\u00f3n que involucra&nbsp;millonarios contratos,&nbsp;transferencias irregulares de fondos&nbsp;y cuestionamientos a la gesti\u00f3n de una de las instituciones clave para la cobertura m\u00e9dica p\u00fablica en el pa\u00eds.<\/p>\n\n\n\n<p>Siete personas m\u00e1s tambi\u00e9n se presentaron ante la instituci\u00f3n persecutora como parte de las&nbsp;pesquisas. A continuaci\u00f3n, los hechos m\u00e1s relevantes de este proceso en una cronolog\u00eda que ayuda a comprender su evoluci\u00f3n:<\/p>\n\n\n\n<p>25 de junio<\/p>\n\n\n\n<p>El partido Fuerza del Pueblo denunci\u00f3 que Senasa sufr\u00eda una grave crisis administrativa y gerencial. Se\u00f1alaron que el seguro de los dominicanos estaba quebrado.<\/p>\n\n\n\n<p>30 de junio<\/p>\n\n\n\n<p>El presidente&nbsp;Luis Abinader&nbsp;neg\u00f3 que Senasa estuviera en d\u00e9ficit y acus\u00f3 a sectores de oposici\u00f3n de intentar desacreditar los avances de la instituci\u00f3n.&nbsp;<\/p>\n\n\n\n<p>2 de julio<\/p>\n\n\n\n<p>El Colegio M\u00e9dico Dominicano (CMD)&nbsp;denunci\u00f3 atrasos en los pagos a m\u00e9dicos y centros privados desde septiembre de 2024.<\/p>\n\n\n\n<p>4 de julio<\/p>\n\n\n\n<p>Senasa suspendi\u00f3 temporalmente la&nbsp;entrega a domicilio de medicamentos.<\/p>\n\n\n\n<p>Ese mismo d\u00eda, la exdirectora&nbsp;Alma Bobadilla&nbsp;pidi\u00f3 que la instituci\u00f3n sea auditada de manera integral.<\/p>\n\n\n\n<p>5 de julio<\/p>\n\n\n\n<p>El expresidente Leonel Fern\u00e1ndez apoy\u00f3 la auditor\u00eda de la&nbsp;C\u00e1mara de Cuentas.<\/p>\n\n\n\n<p>6 de julio<\/p>\n\n\n\n<p>El exmandatario Danilo Medina lament\u00f3 la crisis y pidi\u00f3 una intervenci\u00f3n urgente.<\/p>\n\n\n\n<p>8 de julio<\/p>\n\n\n\n<p>El Ministerio P\u00fablico lanz\u00f3 una operaci\u00f3n anticorrupci\u00f3n que incluye contratos de&nbsp;Senasa,&nbsp;Inaipi&nbsp;y&nbsp;Edes.<\/p>\n\n\n\n<p>La C\u00e1mara de Cuentas confirm\u00f3 dos auditor\u00edas en proceso.<\/p>\n\n\n\n<p>10 de julio<\/p>\n\n\n\n<p>Hazim defendi\u00f3 su gesti\u00f3n&nbsp;alegando crecimiento y un incremento de 248% en inversi\u00f3n en salud.<\/p>\n\n\n\n<p>13 de Agosto<\/p>\n\n\n\n<p>Hazim, designado el 24 de agosto de 2020, fue destituido el 13 de agosto de 2025 tras denuncias de irregularidades administrativas.<\/p>\n\n\n\n<p>15 de agosto<\/p>\n\n\n\n<p>La Direcci\u00f3n General de Contrataciones P\u00fablicas (DGCP) anul\u00f3 un contrato directo con Farmacard, alegando violaci\u00f3n a la Ley 340-06 y falta de transparencia.<\/p>\n\n\n\n<p>17 de agosto<\/p>\n\n\n\n<p>Abinader design\u00f3 a Jos\u00e9 Luis L\u00f3pez P\u00e9rez como director de Promese\/Cal.<\/p>\n\n\n\n<p>Tambi\u00e9n sustituy\u00f3 a Hazim por Edward Guzm\u00e1n Padilla como titular de Senasa.<\/p>\n\n\n\n<p>8 de septiembre<\/p>\n\n\n\n<p>El presidente Abinader inform\u00f3 que el Ministerio P\u00fablico investigaba posibles delitos en Senasa.<\/p>\n\n\n\n<p>Tambi\u00e9n, el&nbsp;Grupo Read&nbsp;defendi\u00f3 m\u00e1s de dos millones de atenciones auditadas.<\/p>\n\n\n\n<p>9 de septiembre<\/p>\n\n\n\n<p>El Consejo Nacional de Seguridad Social (CNSS) aprob\u00f3 RD$6,000 millones para Senasa en medio de las indagatorias.<\/p>\n\n\n\n<p>10 de septiembre<\/p>\n\n\n\n<p>Organizaciones civiles denunciaron un presunto desfalco de RD$9,059 millones mediante transacciones ficticias.<\/p>\n\n\n\n<p>En tanto que la Sisalril anunci\u00f3 una auditor\u00eda t\u00e9cnica a la ARS estatal.<\/p>\n\n\n\n<p>13 de septiembre<\/p>\n\n\n\n<p>El Gobierno entreg\u00f3 a la Procuradur\u00eda un informe con hallazgos graves en Senasa.<\/p>\n\n\n\n<p>14 de septiembre<\/p>\n\n\n\n<p>La DGCP aclar\u00f3 que los contratos entre Senasa y PSS se rigen por Ley 87-01, no por Compras y Contrataciones.<\/p>\n\n\n\n<p>15 de septiembre<\/p>\n\n\n\n<p>Abinader pidi\u00f3 esperar la actuaci\u00f3n del Ministerio P\u00fablico.<\/p>\n\n\n\n<p>16 de septiembre<\/p>\n\n\n\n<p>La Procuradur\u00eda Especializada de Persecuci\u00f3n de la Corrupci\u00f3n Administrativa (Pepca) solicit\u00f3 a Nuria Piera entregar materiales de su investigaci\u00f3n televisiva.<\/p>\n\n\n\n<p>Asimismo, el exdirector Chanel Rosa Chupany asegur\u00f3 que en esa instituci\u00f3n exist\u00edan dos contabilidades: una aut\u00e9ntica para la instituci\u00f3n y otra alterada para la Sisalril. Su denuncia la hizo en el programa Despierta con CDN.<\/p>\n\n\n\n<p>Farmacard defendi\u00f3 la transparencia de sus contratos y report\u00f3 ahorros significativos al Estado.<\/p>\n\n\n\n<p>24 de septiembre<\/p>\n\n\n\n<p>Hazim reapareci\u00f3 p\u00fablicamente y defendi\u00f3 su administraci\u00f3n. Dijo haber trabajado con \u00e9tica y que fue la primera persona en alertar el fraude, en noviembre del a\u00f1o 2024.<\/p>\n\n\n\n<p>29 de septiembre<\/p>\n\n\n\n<p>Senasa abri\u00f3 licitaci\u00f3n para un nuevo sistema de distribuci\u00f3n de medicamentos.<\/p>\n\n\n\n<p>30 de septiembre<\/p>\n\n\n\n<p>El Idoppril asegur\u00f3 que la transferencia de fondos no afect\u00f3 sus operaciones.<\/p>\n\n\n\n<p>1 de octubre<\/p>\n\n\n\n<p>La empresa Carimed Services garantiz\u00f3 legalidad y buenas pr\u00e1cticas en sus negocios con Senasa.<\/p>\n\n\n\n<p>21 de noviembre<\/p>\n\n\n\n<p>La Procuradur\u00eda anunci\u00f3 que pronto habr\u00e1 novedades del proceso judicial.<\/p>\n\n\n\n<p>06 de diciembre<\/p>\n\n\n\n<p>Santiago Hazim compareci\u00f3 ante el Ministerio P\u00fablico junto a otras siete personas. Fue dejado bajo arresto.<\/p>\n\n\n\n<p>Listin Diario &nbsp;<\/p>\n","protected":false},"excerpt":{"rendered":"<p>De las denuncias a la investigaci\u00f3n por el Ministerio P\u00fablico Avatar del Eliana Ledesma Eliana Ledesma Santo Domingo, RD El exdirector del Seguro Nacional de Salud (Senasa),&nbsp;Santiago Hazim, acudi\u00f3 este s\u00e1bado a la Procuradur\u00eda General acompa\u00f1ado de su abogado, en medio de una investigaci\u00f3n por presunta corrupci\u00f3n que involucra&nbsp;millonarios contratos,&nbsp;transferencias irregulares de fondos&nbsp;y cuestionamientos a [&hellip;]<\/p>\n","protected":false},"author":7,"featured_media":653457,"comment_status":"closed","ping_status":"closed","sticky":false,"template":"","format":"standard","meta":{"footnotes":""},"categories":[24],"tags":[171,3224,2517],"class_list":["post-653445","post","type-post","status-publish","format-standard","has-post-thumbnail","hentry","category-justicia-y-derecho","tag-ministerio-publico","tag-procuradora-general-de-la-republica","tag-procuraduria"],"_links":{"self":[{"href":"https:\/\/diariodominicano.com\/index.php?rest_route=\/wp\/v2\/posts\/653445","targetHints":{"allow":["GET"]}}],"collection":[{"href":"https:\/\/diariodominicano.com\/index.php?rest_route=\/wp\/v2\/posts"}],"about":[{"href":"https:\/\/diariodominicano.com\/index.php?rest_route=\/wp\/v2\/types\/post"}],"author":[{"embeddable":true,"href":"https:\/\/diariodominicano.com\/index.php?rest_route=\/wp\/v2\/users\/7"}],"replies":[{"embeddable":true,"href":"https:\/\/diariodominicano.com\/index.php?rest_route=%2Fwp%2Fv2%2Fcomments&post=653445"}],"version-history":[{"count":1,"href":"https:\/\/diariodominicano.com\/index.php?rest_route=\/wp\/v2\/posts\/653445\/revisions"}],"predecessor-version":[{"id":653462,"href":"https:\/\/diariodominicano.com\/index.php?rest_route=\/wp\/v2\/posts\/653445\/revisions\/653462"}],"wp:featuredmedia":[{"embeddable":true,"href":"https:\/\/diariodominicano.com\/index.php?rest_route=\/wp\/v2\/media\/653457"}],"wp:attachment":[{"href":"https:\/\/diariodominicano.com\/index.php?rest_route=%2Fwp%2Fv2%2Fmedia&parent=653445"}],"wp:term":[{"taxonomy":"category","embeddable":true,"href":"https:\/\/diariodominicano.com\/index.php?rest_route=%2Fwp%2Fv2%2Fcategories&post=653445"},{"taxonomy":"post_tag","embeddable":true,"href":"https:\/\/diariodominicano.com\/index.php?rest_route=%2Fwp%2Fv2%2Ftags&post=653445"}],"curies":[{"name":"wp","href":"https:\/\/api.w.org\/{rel}","templated":true}]}}