{"id":653398,"date":"2025-12-07T16:17:28","date_gmt":"2025-12-07T20:17:28","guid":{"rendered":"https:\/\/diariodominicano.com\/?p=653398"},"modified":"2025-12-07T19:54:46","modified_gmt":"2025-12-07T23:54:46","slug":"presidente-abinader-promulga-la-ley-que-reforma-el-codigo-procesal-penal","status":"publish","type":"post","link":"https:\/\/diariodominicano.com\/?p=653398","title":{"rendered":"Presidente Abinader promulga la ley que reforma el C\u00f3digo Procesal Penal"},"content":{"rendered":"\n<p>diariodominicano.com<\/p>\n\n\n\n<p>Santo Domingo, R. D.,\u20027 de diciembre, 2025.-  El consultor jur\u00eddico del Poder Ejecutivo,\u00a0<strong>Antoliano Peralta Romero<\/strong>, inform\u00f3 que el\u00a0<strong>presidente de la Rep\u00fablica, Luis Abinader,<\/strong>\u00a0promulg\u00f3 en la ma\u00f1ana de este domingo 7 de diciembre de 2025 la\u00a0<strong>Ley n\u00fam. 97-25,<\/strong>\u00a0mediante la cual se realiza una importante reforma al\u00a0<strong>C\u00f3digo Procesal Penal<\/strong>, dando cumplimiento a la sentencia<strong>\u00a0TC 0765 24<\/strong>, que orden\u00f3 sustituir la Ley 10-15.<\/p>\n\n\n\n<p>Peralta Romero indic\u00f3 que esta reforma, por dem\u00e1s, apuesta por una normativa acorde con los&nbsp;<strong>principios democr\u00e1ticos<\/strong>&nbsp;y asume distintos criterios que el&nbsp;<strong>Tribunal Constitucional&nbsp;<\/strong>y la jurisprudencia de la&nbsp;<strong>Suprema Corte de Justicia<\/strong>&nbsp;han venido creando en la materia.<\/p>\n\n\n\n<p>Destac\u00f3 que la nueva ley&nbsp;<strong>moderniza el texto vigente<\/strong>&nbsp;hasta hoy, ya que fortalece parte importante de los 28 principios del proceso penal. Igualmente, consolida un modelo procesal m\u00e1s&nbsp;<strong>\u00e1gil, garantista y coherente&nbsp;<\/strong>con el&nbsp;<strong>Estado social y democr\u00e1tico de derecho.<\/strong><\/p>\n\n\n\n<p>El texto, apunt\u00f3, que fue promulgado hoy ser\u00e1 publicado en la&nbsp;<strong>Gaceta Oficial<\/strong>&nbsp;en el d\u00eda de ma\u00f1ana. De conformidad con nuestra normativa en la materia, entrar\u00e1 en vigor a partir del&nbsp;<strong>pr\u00f3ximo martes<\/strong>&nbsp;en el&nbsp;<strong>Distrito Nacional,&nbsp;<\/strong>y, a partir del mi\u00e9rcoles, en el resto del pa\u00eds.<\/p>\n\n\n\n<p>Dijo que, entre los elementos destacables del texto promulgado est\u00e1 la ampliaci\u00f3n de los mecanismos modernos<strong>&nbsp;<\/strong>de<strong>&nbsp;resoluci\u00f3n<\/strong>&nbsp;<strong>de conflictos<\/strong>, incluyendo justicia restaurativa, criterios de oportunidad, acuerdos, conciliaciones, procedimientos abreviados y suspensi\u00f3n condicional del procedimiento, disponible ahora para hechos sancionados con&nbsp;<strong>hasta cinco a\u00f1os de prisi\u00f3n.<\/strong><\/p>\n\n\n\n<p>El&nbsp;<strong>consultor jur\u00eddico<\/strong>&nbsp;expres\u00f3 que es igualmente notorio que la reforma fortalece el&nbsp;<strong>derecho de defensa<\/strong>&nbsp;y las garant\u00edas al elevar los principios fundamentales y&nbsp;<strong>modernizar los procedimientos<\/strong>. Se refuerza la presunci\u00f3n de inocencia, se asegura la asistencia t\u00e9cnica integral para partes vulnerables, y se garantiza una aplicaci\u00f3n&nbsp;<strong>m\u00e1s humana<\/strong>&nbsp;mediante el principio de favorabilidad procesal.<\/p>\n\n\n\n<p>A\u00f1adi\u00f3 que, los derechos del investigado se activan desde los primeros actos, como la citaci\u00f3n o la inmovilizaci\u00f3n de fondos, y se&nbsp;<strong>ampl\u00eda el plazo<\/strong>&nbsp;para que la defensa presente su escrito. Adem\u00e1s, se otorgan&nbsp;<strong>m\u00e1s oportunidades<\/strong>&nbsp;para que la defensa solicite contraperitaje, y se fijan plazos m\u00e1ximos de&nbsp;<strong>dos a\u00f1os<\/strong>&nbsp;para los archivos provisionales, que antes no ten\u00edan l\u00edmite.<\/p>\n\n\n\n<p>Asimismo, en el r\u00e9gimen de medidas de coerci\u00f3n, la reforma establece&nbsp;<strong>reglas m\u00e1s claras<\/strong>&nbsp;sobre el arresto y las \u00f3rdenes de comparecencia, e impone un&nbsp;<strong>mayor rigor<\/strong>&nbsp;en el control judicial en la revisi\u00f3n obligatoria, respondiendo a las exigencias de&nbsp;<strong>necesidad, razonabilidad y estricta motivaci\u00f3n<\/strong>&nbsp;para la restricci\u00f3n de libertad. Se incluye el criterio expl\u00edcito de plazo razonable, estableciendo un m\u00e1ximo de&nbsp;<strong>cuatro a\u00f1os<\/strong>&nbsp;para casos ordinarios y&nbsp;<strong>cinco a\u00f1os<\/strong>&nbsp;para casos complejos, con criterios claros para su c\u00f3mputo. Adicionalmente, se garantiza un recurso de apelaci\u00f3n efectivo al eliminar el \u201c<em>nuevo juicio\u201d<\/em>&nbsp;y otorgar facultades a las cortes para instruir el proceso conforme a las reglas del juicio, asegurando un doble grado de jurisdicci\u00f3n<strong>&nbsp;real y funcional.<\/strong><\/p>\n\n\n\n<p>En definitiva, sostuvo, el reformado C\u00f3digo Procesal Penal est\u00e1 orientado a&nbsp;<strong>mejorar la administraci\u00f3n de justicia penal<\/strong>&nbsp;y modernizar profundamente el sistema, impulsando una transformaci\u00f3n basada en la&nbsp;<strong>celeridad, la econom\u00eda procesal, la especializaci\u00f3n y el consenso<\/strong>&nbsp;entre las partes, con el objetivo de lograr una justicia m\u00e1s&nbsp;<strong>r\u00e1pida, eficaz y centrada<\/strong>&nbsp;en la soluci\u00f3n del conflicto. Por dem\u00e1s, presenta una necesaria armonizaci\u00f3n con el&nbsp;<strong>nuevo C\u00f3digo Penal,<\/strong>&nbsp;que se expresa en la adecuaci\u00f3n a la nueva clasificaci\u00f3n de infracciones.<\/p>\n\n\n\n<p>En ese sentido, explic\u00f3, las&nbsp;<strong>extensas sesiones de trabajo<\/strong>&nbsp;que dieron como resultado esta importante reforma, participaron, adem\u00e1s de los legisladores, importantes sectores de la sociedad y el Estado, lo que permiti\u00f3 que se arribaran a&nbsp;<strong>consensos importantes<\/strong>. Estuvieron presentes en el proceso el Ministerio P\u00fablico, la Defensa P\u00fablica, el Poder Judicial, la Consultor\u00eda Jur\u00eddica del Poder Ejecutivo y distintos representantes de la comunidad jur\u00eddica.<\/p>\n\n\n\n<p>Con estas transformaciones, que se une la&nbsp;<strong>Ley de Extinci\u00f3n de Dominio<\/strong>&nbsp;y la&nbsp;<strong>reforma al C\u00f3digo Penal<\/strong>, entre otras normas de reciente impulso, la Rep\u00fablica Dominicana consolida una justicia penal&nbsp;<strong>m\u00e1s humana, moderna y efectiva<\/strong>, en sinton\u00eda con los est\u00e1ndares constitucionales y los desaf\u00edos del sistema judicial contempor\u00e1neo.<\/p>\n\n\n\n<p><a href=\"https:\/\/presidencia.gob.do\/taxonomy\/term\/58\">DIPP<\/a><\/p>\n","protected":false},"excerpt":{"rendered":"<p>diariodominicano.com Santo Domingo, R. D.,\u20027 de diciembre, 2025.- El consultor jur\u00eddico del Poder Ejecutivo,\u00a0Antoliano Peralta Romero, inform\u00f3 que el\u00a0presidente de la Rep\u00fablica, Luis Abinader,\u00a0promulg\u00f3 en la ma\u00f1ana de este domingo 7 de diciembre de 2025 la\u00a0Ley n\u00fam. 97-25,\u00a0mediante la cual se realiza una importante reforma al\u00a0C\u00f3digo Procesal Penal, dando cumplimiento a la sentencia\u00a0TC 0765 24, [&hellip;]<\/p>\n","protected":false},"author":5,"featured_media":653399,"comment_status":"closed","ping_status":"closed","sticky":true,"template":"","format":"standard","meta":{"footnotes":""},"categories":[20,24,27],"tags":[3615,171,1854],"class_list":["post-653398","post","type-post","status-publish","format-standard","has-post-thumbnail","hentry","category-dominicana-hoy","category-justicia-y-derecho","category-portada","tag-codigo-procesal-penal","tag-ministerio-publico","tag-presidente-abinader"],"_links":{"self":[{"href":"https:\/\/diariodominicano.com\/index.php?rest_route=\/wp\/v2\/posts\/653398","targetHints":{"allow":["GET"]}}],"collection":[{"href":"https:\/\/diariodominicano.com\/index.php?rest_route=\/wp\/v2\/posts"}],"about":[{"href":"https:\/\/diariodominicano.com\/index.php?rest_route=\/wp\/v2\/types\/post"}],"author":[{"embeddable":true,"href":"https:\/\/diariodominicano.com\/index.php?rest_route=\/wp\/v2\/users\/5"}],"replies":[{"embeddable":true,"href":"https:\/\/diariodominicano.com\/index.php?rest_route=%2Fwp%2Fv2%2Fcomments&post=653398"}],"version-history":[{"count":1,"href":"https:\/\/diariodominicano.com\/index.php?rest_route=\/wp\/v2\/posts\/653398\/revisions"}],"predecessor-version":[{"id":653400,"href":"https:\/\/diariodominicano.com\/index.php?rest_route=\/wp\/v2\/posts\/653398\/revisions\/653400"}],"wp:featuredmedia":[{"embeddable":true,"href":"https:\/\/diariodominicano.com\/index.php?rest_route=\/wp\/v2\/media\/653399"}],"wp:attachment":[{"href":"https:\/\/diariodominicano.com\/index.php?rest_route=%2Fwp%2Fv2%2Fmedia&parent=653398"}],"wp:term":[{"taxonomy":"category","embeddable":true,"href":"https:\/\/diariodominicano.com\/index.php?rest_route=%2Fwp%2Fv2%2Fcategories&post=653398"},{"taxonomy":"post_tag","embeddable":true,"href":"https:\/\/diariodominicano.com\/index.php?rest_route=%2Fwp%2Fv2%2Ftags&post=653398"}],"curies":[{"name":"wp","href":"https:\/\/api.w.org\/{rel}","templated":true}]}}