{"id":653232,"date":"2025-12-06T14:53:39","date_gmt":"2025-12-06T18:53:39","guid":{"rendered":"https:\/\/diariodominicano.com\/?p=653232"},"modified":"2025-12-06T14:53:42","modified_gmt":"2025-12-06T18:53:42","slug":"fundacion-padrino-defiende-excursiones-educativas-y-rechaza-generalizaciones-improcedentes-de-adp","status":"publish","type":"post","link":"https:\/\/diariodominicano.com\/?p=653232","title":{"rendered":"Fundaci\u00f3n Padrino defiende excursiones educativas, y rechaza generalizaciones improcedentes de ADP"},"content":{"rendered":"\n<p>Continuar\u00e1 realizando actividades recreativas y educativas con el mismo rigor que por m\u00e1s de un cuarto de siglo ha permitido que miles de estudiantes y profesores vivan experiencias de aprendizaje fuera del aula.<\/p>\n\n\n\n<p>NEIBA, Bahoruco.\u2013 El presidente de la Fundaci\u00f3n Padrino de la Educaci\u00f3n y el Desarrollo, el ex diputado Rafael M\u00e9ndez, defendi\u00f3 las giras recreativas y culturales a lugares hist\u00f3ricos y de inter\u00e9s en Santo Domingo y otras demarcaciones, tal como lo viene haciendo la entidad desde hace m\u00e1s de 25 a\u00f1os, con lo que reafirm\u00f3 que en todo ese tiempo \u201cno hemos tenido que lamentar ni siquiera que se haya extraviado un participante\u201d.<\/p>\n\n\n\n<p>M\u00e9ndez rechaz\u00f3 lo que considera una generalizaci\u00f3n improcedente por parte de la Asociaci\u00f3n Dominicana de Profesores, al advertir que las excursiones escolares son actividades \u201cno reguladas y de alto riesgo\u201d, con lo que, seg\u00fan expres\u00f3, se desconoce la realidad de provincias como Bahoruco, donde miles de estudiantes y docentes no habr\u00edan tenido oportunidad de conocer la Zona Colonial, el Metro, el Telef\u00e9rico, la Plaza de la Cultura, la Feria Internacional del Libro y otros espacios formativos que ampl\u00edan su horizonte educativo.<\/p>\n\n\n\n<p>El ex legislador afirm\u00f3 que las excursiones promovidas por la Fundaci\u00f3n Padrino se realizan con autorizaciones previas de la autoridad educativa local y nacional, de los padres, listas de verificaci\u00f3n, supervisi\u00f3n adulta permanente y controles estrictos de seguridad, con lo que se garantiza que cada salida sea un complemento pedag\u00f3gico y una vivencia segura para todos los participantes.<\/p>\n\n\n\n<p>Sostuvo que, antes de descalificar de manera global este tipo de actividades, la ADP debi\u00f3 distinguir entre iniciativas improvisadas y proyectos con tradici\u00f3n organizativa comprobada, porque una pol\u00edtica p\u00fablica responsable debe establecer protocolos sin penalizar experiencias que han demostrado seriedad, disciplina y aporte formativo durante d\u00e9cadas. \u201cLament\u00f3 profundamente el fallecimiento de la estudiante Stephora&nbsp; Joseph y expresamos nuestra solidaridad con la familia. Es entendible que toda tragedia obliga a revisar procedimientos, pero no a desmontar pr\u00e1cticas que, bien organizadas, contribuyen al desarrollo cultural y ciudadano de la juventud\u201d.<\/p>\n\n\n\n<p>Agreg\u00f3 que la Fundaci\u00f3n Padrino continuar\u00e1 realizando sus actividades recreativas y educativas con el mismo rigor que por m\u00e1s de un cuarto de siglo ha permitido que miles de estudiantes vivan experiencias de aprendizaje fuera del aula, con lo que reafirm\u00f3 que el acceso a la cultura, a la historia y al patrimonio nacional no puede convertirse en un privilegio exclusivo de quienes residen en la capital.<\/p>\n\n\n\n<p>Ohelmis Sanchez <a href=\"mailto:ohelmissanchez8@gmail.com\">ohelmissanchez8@gmail.com<\/a><\/p>\n","protected":false},"excerpt":{"rendered":"<p>Continuar\u00e1 realizando actividades recreativas y educativas con el mismo rigor que por m\u00e1s de un cuarto de siglo ha permitido que miles de estudiantes y profesores vivan experiencias de aprendizaje fuera del aula. NEIBA, Bahoruco.\u2013 El presidente de la Fundaci\u00f3n Padrino de la Educaci\u00f3n y el Desarrollo, el ex diputado Rafael M\u00e9ndez, defendi\u00f3 las giras [&hellip;]<\/p>\n","protected":false},"author":7,"featured_media":653257,"comment_status":"closed","ping_status":"closed","sticky":false,"template":"","format":"standard","meta":{"footnotes":""},"categories":[36],"tags":[2378,3604],"class_list":["post-653232","post","type-post","status-publish","format-standard","has-post-thumbnail","hentry","category-hombresmujeresycosas","tag-adp","tag-fundacion-padrino"],"_links":{"self":[{"href":"https:\/\/diariodominicano.com\/index.php?rest_route=\/wp\/v2\/posts\/653232","targetHints":{"allow":["GET"]}}],"collection":[{"href":"https:\/\/diariodominicano.com\/index.php?rest_route=\/wp\/v2\/posts"}],"about":[{"href":"https:\/\/diariodominicano.com\/index.php?rest_route=\/wp\/v2\/types\/post"}],"author":[{"embeddable":true,"href":"https:\/\/diariodominicano.com\/index.php?rest_route=\/wp\/v2\/users\/7"}],"replies":[{"embeddable":true,"href":"https:\/\/diariodominicano.com\/index.php?rest_route=%2Fwp%2Fv2%2Fcomments&post=653232"}],"version-history":[{"count":1,"href":"https:\/\/diariodominicano.com\/index.php?rest_route=\/wp\/v2\/posts\/653232\/revisions"}],"predecessor-version":[{"id":653258,"href":"https:\/\/diariodominicano.com\/index.php?rest_route=\/wp\/v2\/posts\/653232\/revisions\/653258"}],"wp:featuredmedia":[{"embeddable":true,"href":"https:\/\/diariodominicano.com\/index.php?rest_route=\/wp\/v2\/media\/653257"}],"wp:attachment":[{"href":"https:\/\/diariodominicano.com\/index.php?rest_route=%2Fwp%2Fv2%2Fmedia&parent=653232"}],"wp:term":[{"taxonomy":"category","embeddable":true,"href":"https:\/\/diariodominicano.com\/index.php?rest_route=%2Fwp%2Fv2%2Fcategories&post=653232"},{"taxonomy":"post_tag","embeddable":true,"href":"https:\/\/diariodominicano.com\/index.php?rest_route=%2Fwp%2Fv2%2Ftags&post=653232"}],"curies":[{"name":"wp","href":"https:\/\/api.w.org\/{rel}","templated":true}]}}