{"id":653230,"date":"2025-12-06T13:51:43","date_gmt":"2025-12-06T17:51:43","guid":{"rendered":"https:\/\/diariodominicano.com\/?p=653230"},"modified":"2025-12-06T14:45:26","modified_gmt":"2025-12-06T18:45:26","slug":"senador-johnson-encarnacion-realiza-rendicion-de-cuentas-sobre-primer-ano-de-gestion","status":"publish","type":"post","link":"https:\/\/diariodominicano.com\/?p=653230","title":{"rendered":"Senador Johnson Encarnaci\u00f3n realiza rendici\u00f3n de cuentas sobre primer a\u00f1o de gesti\u00f3n \u00a0"},"content":{"rendered":"\n<p>ELIAS PI\u00d1A. &#8211; El senador de El\u00edas Pi\u00f1a, Johnson Encarnaci\u00f3n, present\u00f3 este jueves sus logros y avances en la rendici\u00f3n de cuentas correspondiente al periodo 2024-2025, en la cual destac\u00f3 las iniciativas legislativas que ha sometido y una amplia lista de obras sociales ejecutadas en beneficio de su provincia.<\/p>\n\n\n\n<p>El acto denominado \u201cUn a\u00f1o hist\u00f3rico\u201d, se llev\u00f3 a cabo en el local del Colegio M\u00e9dico Dominicano de El\u00edas Pi\u00f1a, y cont\u00f3 con la presencia del presidente del Senado de la Rep\u00fablica, Ricardo de los Santos (S\u00e1nchez Ram\u00edrez), as\u00ed como de los senadores Daniel Rivera (Santiago); Carlos G\u00f3mez (Espaillat); Andr\u00e9s Guillermo Lama (Bahoruco); Mois\u00e9s Ayala (Barahona); y Augusto Vel\u00e1zquez (Pedernales).<\/p>\n\n\n\n<figure class=\"wp-block-gallery has-nested-images columns-default is-cropped wp-block-gallery-1 is-layout-flex wp-block-gallery-is-layout-flex\">\n<figure class=\"wp-block-image size-large\"><img loading=\"lazy\" decoding=\"async\" width=\"947\" height=\"631\" data-id=\"653241\" src=\"https:\/\/diariodominicano.com\/wp-content\/uploads\/2025\/12\/Senador-Daniel-Rivera-respalda-puesta-en-circulacion-libro-Ercilia-Pepin-Ejemplo-de-ensenanza-patriotismo-y-dignidad.jpeg\" alt=\"\" class=\"wp-image-653241\" srcset=\"https:\/\/diariodominicano.com\/wp-content\/uploads\/2025\/12\/Senador-Daniel-Rivera-respalda-puesta-en-circulacion-libro-Ercilia-Pepin-Ejemplo-de-ensenanza-patriotismo-y-dignidad.jpeg 947w, https:\/\/diariodominicano.com\/wp-content\/uploads\/2025\/12\/Senador-Daniel-Rivera-respalda-puesta-en-circulacion-libro-Ercilia-Pepin-Ejemplo-de-ensenanza-patriotismo-y-dignidad-300x200.jpeg 300w, https:\/\/diariodominicano.com\/wp-content\/uploads\/2025\/12\/Senador-Daniel-Rivera-respalda-puesta-en-circulacion-libro-Ercilia-Pepin-Ejemplo-de-ensenanza-patriotismo-y-dignidad-768x512.jpeg 768w, https:\/\/diariodominicano.com\/wp-content\/uploads\/2025\/12\/Senador-Daniel-Rivera-respalda-puesta-en-circulacion-libro-Ercilia-Pepin-Ejemplo-de-ensenanza-patriotismo-y-dignidad-816x544.jpeg 816w\" sizes=\"auto, (max-width: 947px) 100vw, 947px\" \/><\/figure>\n<\/figure>\n\n\n\n<p>En su discurso, Johnson Encarnaci\u00f3n desglos\u00f3 con detalles los resultados de su gesti\u00f3n y explic\u00f3 que en su primer a\u00f1o legislativo ha trabajado con determinaci\u00f3n para mejorar la calidad de vida de la gente en aspectos prioritarios como la salud, la educaci\u00f3n, la infraestructura, el acceso al agua potable, la protecci\u00f3n del medio ambiente, la seguridad, el deporte, y la cultura.<\/p>\n\n\n\n<figure class=\"wp-block-gallery has-nested-images columns-default is-cropped wp-block-gallery-2 is-layout-flex wp-block-gallery-is-layout-flex\">\n<figure class=\"wp-block-image size-large\"><img loading=\"lazy\" decoding=\"async\" width=\"1024\" height=\"682\" data-id=\"653242\" src=\"https:\/\/diariodominicano.com\/wp-content\/uploads\/2025\/12\/Senador-Daniel-Rivera-respalda-puesta-circulacion-del-libro-Ercilia-Pepin-Ejemplo-de-ensenanza-patriotismo-y-dignidad-1024x682.jpeg\" alt=\"\" class=\"wp-image-653242\" srcset=\"https:\/\/diariodominicano.com\/wp-content\/uploads\/2025\/12\/Senador-Daniel-Rivera-respalda-puesta-circulacion-del-libro-Ercilia-Pepin-Ejemplo-de-ensenanza-patriotismo-y-dignidad-1024x682.jpeg 1024w, https:\/\/diariodominicano.com\/wp-content\/uploads\/2025\/12\/Senador-Daniel-Rivera-respalda-puesta-circulacion-del-libro-Ercilia-Pepin-Ejemplo-de-ensenanza-patriotismo-y-dignidad-300x200.jpeg 300w, https:\/\/diariodominicano.com\/wp-content\/uploads\/2025\/12\/Senador-Daniel-Rivera-respalda-puesta-circulacion-del-libro-Ercilia-Pepin-Ejemplo-de-ensenanza-patriotismo-y-dignidad-768x512.jpeg 768w, https:\/\/diariodominicano.com\/wp-content\/uploads\/2025\/12\/Senador-Daniel-Rivera-respalda-puesta-circulacion-del-libro-Ercilia-Pepin-Ejemplo-de-ensenanza-patriotismo-y-dignidad-816x544.jpeg 816w, https:\/\/diariodominicano.com\/wp-content\/uploads\/2025\/12\/Senador-Daniel-Rivera-respalda-puesta-circulacion-del-libro-Ercilia-Pepin-Ejemplo-de-ensenanza-patriotismo-y-dignidad.jpeg 1040w\" sizes=\"auto, (max-width: 1024px) 100vw, 1024px\" \/><\/figure>\n<\/figure>\n\n\n\n<p>El legislador se\u00f1al\u00f3, adem\u00e1s, que ha levantado la voz en el Senado de la Rep\u00fablica para defender la frontera, exigir la descentralizaci\u00f3n real del Estado, impulsar proyectos de ley que fortalezcan las instituciones y garantizar que los recursos se distribuyan con equidad.<\/p>\n\n\n\n<figure class=\"wp-block-gallery has-nested-images columns-default is-cropped wp-block-gallery-3 is-layout-flex wp-block-gallery-is-layout-flex\">\n<figure class=\"wp-block-image size-large\"><img loading=\"lazy\" decoding=\"async\" width=\"1024\" height=\"682\" data-id=\"653244\" src=\"https:\/\/diariodominicano.com\/wp-content\/uploads\/2025\/12\/Senador-Daniel-Rivera-respalda-puesta-en-circulacion-del-libro-Ercilia-Pepin-Ejemplo-de-ensenanza-patriotismo-y-dignidad-1024x682.jpg\" alt=\"\" class=\"wp-image-653244\" srcset=\"https:\/\/diariodominicano.com\/wp-content\/uploads\/2025\/12\/Senador-Daniel-Rivera-respalda-puesta-en-circulacion-del-libro-Ercilia-Pepin-Ejemplo-de-ensenanza-patriotismo-y-dignidad-1024x682.jpg 1024w, https:\/\/diariodominicano.com\/wp-content\/uploads\/2025\/12\/Senador-Daniel-Rivera-respalda-puesta-en-circulacion-del-libro-Ercilia-Pepin-Ejemplo-de-ensenanza-patriotismo-y-dignidad-300x200.jpg 300w, https:\/\/diariodominicano.com\/wp-content\/uploads\/2025\/12\/Senador-Daniel-Rivera-respalda-puesta-en-circulacion-del-libro-Ercilia-Pepin-Ejemplo-de-ensenanza-patriotismo-y-dignidad-768x511.jpg 768w, https:\/\/diariodominicano.com\/wp-content\/uploads\/2025\/12\/Senador-Daniel-Rivera-respalda-puesta-en-circulacion-del-libro-Ercilia-Pepin-Ejemplo-de-ensenanza-patriotismo-y-dignidad-816x543.jpg 816w, https:\/\/diariodominicano.com\/wp-content\/uploads\/2025\/12\/Senador-Daniel-Rivera-respalda-puesta-en-circulacion-del-libro-Ercilia-Pepin-Ejemplo-de-ensenanza-patriotismo-y-dignidad.jpg 1092w\" sizes=\"auto, (max-width: 1024px) 100vw, 1024px\" \/><\/figure>\n<\/figure>\n\n\n\n<p>\u00abHemos acompa\u00f1ado a las familias en sus momentos m\u00e1s dif\u00edciles, gestionando soluciones donde otros ve\u00edan imposibles y tocando puertas que hoy comienzan a abrirse para beneficio de toda la provincia El\u00edas Pi\u00f1a\u00bb, expres\u00f3 Encarnaci\u00f3n.<\/p>\n\n\n\n<p>El congresista dijo que durante su gesti\u00f3n tambi\u00e9n se han logrado avances significativos en temas nacionales, incluyendo la reforma al C\u00f3digo Penal, la defensa de los derechos de los consumidores, la expansi\u00f3n de la infraestructura vial, la modernizaci\u00f3n del sistema de salud, la inclusi\u00f3n tecnol\u00f3gica, la protecci\u00f3n social y la justicia para quienes viven en condiciones de vulnerabilidad.<\/p>\n\n\n\n<p>&nbsp;\u00abCada iniciativa presentada, aprobada o en curso lleva impregnado un prop\u00f3sito: contribuir a un pa\u00eds m\u00e1s justo, m\u00e1s humano y transparente\u00bb, explic\u00f3.<\/p>\n\n\n\n<p>A trav\u00e9s de un audiovisual, Johnson Encarnaci\u00f3n resalt\u00f3 las iniciativas legislativas m\u00e1s importantes que ha sometido en su primer a\u00f1o de gesti\u00f3n, entre las cuales est\u00e1n: la resoluci\u00f3n que solicita al presidente Luis Abinader, instruir al director del Instituto Nacional de Protecci\u00f3n de los Derechos del Consumidor (Proconsumidor), Eddy Alc\u00e1ntara, para que disponga la instalaci\u00f3n de una oficina de esa instituci\u00f3n en la provincia El\u00edas Pi\u00f1a; la pieza en la que solicita al director del Instituto Dominicano de las Telecomunicaciones (INDOTEL), Guido G\u00f3mez Mazara, la instalaci\u00f3n de un Centro Tecnol\u00f3gico en la secci\u00f3n de Guayajayuco, perteneciente al municipio Pedro Santana; y la resoluci\u00f3n en la que solicita la construcci\u00f3n de un acueducto m\u00faltiple para los municipios de Comendador, El Llano, y los distritos municipales de Guayabo, y Guanito, entre otras importantes piezas legislativas.<\/p>\n\n\n\n<p>INICIATIVAS APROBADAS<\/p>\n\n\n\n<p>En la rendici\u00f3n de cuentas, el senador Johnson Encarnaci\u00f3n se\u00f1al\u00f3 que ha sido proponente y co-proponente de piezas legislativas que fueron aprobadas por el pleno del Senado, entre las cuales figuran: el Proyecto de ley que modifica la Ley 118-21 sobre la terminaci\u00f3n de obras viales, escuelas y hospitales suspendidos, para actualizar los precios y garantizar su conclusi\u00f3n; Proyecto de Ley org\u00e1nica que instituye el nuevo C\u00f3digo Penal Dominicano; y el Proyecto de ley org\u00e1nica que modifica la Ley 20-23, del r\u00e9gimen electoral, con el prop\u00f3sito de fortalecer la democracia y los procesos electorales.<\/p>\n\n\n\n<p>Adem\u00e1s, el Proyecto de ley que modifica la Ley General de Salud (42-01), para actualizar el marco legal y garantizar un sistema sanitario m\u00e1s eficiente; el Proyecto de ley para la protecci\u00f3n integral de las personas afectadas por diabetes mellitus; as\u00ed como el Proyecto de ley para la atenci\u00f3n integral de personas con enfermedades raras, poco frecuentes o de complejo manejo.<\/p>\n\n\n\n<p>&nbsp;Tambi\u00e9n, la resoluci\u00f3n que solicita agilizar y priorizar la construcci\u00f3n de la Autov\u00eda del Sur, en su tramo Ban\u00ed-Azua-Barahona-San Juan, con el fin de promover el desarrollo econ\u00f3mico y la conectividad regional.<\/p>\n\n\n\n<p>El senador Encarnaci\u00f3n reafirm\u00f3 su compromiso con la transparencia en el manejo del fondo de asistencia social que le otorga el Senado de la Rep\u00fablica, con los cuales ha llevado ayuda a las familias m\u00e1s vulnerables, envejecientes, madres solteras, as\u00ed como a los deportistas, organizaciones comunitarias, y otras.<\/p>\n\n\n\n<p>\u00abA\u00fan queda mucho por hacer, pero podemos decir con profundo orgullo que hemos estado presentes en los hospitales, con los estudiantes, en las canchas, en los campos, en los mercados, en los barrios y, sobre todo, en el coraz\u00f3n de nuestra gente. Y mientras Dios me d\u00e9 fuerzas, seguir\u00e9 trabajando sin descanso, sin excusas y sin temores, con el coraz\u00f3n dispuesto y la f\u00e9 firme, por la dignidad de esta provincia que me ha dado tanto y que merece un futuro lleno de oportunidades\u00bb, concluy\u00f3 el senador Johnson Encarnaci\u00f3n.<\/p>\n\n\n\n<p>En la actividad habl\u00f3 el presidente del Senado Ricardo de los Santos, quien se\u00f1al\u00f3 que, en su rendici\u00f3n de cuentas, el senador Johnson Encarnaci\u00f3n ha demostrado que trabaja con honestidad y responsabilidad para velar por el bienestar de los ciudadanos del pa\u00eds y en especial de la provincia El\u00edas Pi\u00f1a.<\/p>\n\n\n\n<p>\u00abSu labor ha sido ejemplar y nos llena de orgullo, porque El\u00edas Pi\u00f1a est\u00e1 bien representado en la C\u00e1mara Alta\u00bb, dijo el representante de S\u00e1nchez Ram\u00edrez.<\/p>\n\n\n\n<p>El senador Johnson Encarnaci\u00f3n, quien estuvo acompa\u00f1ado de su esposa Merlyn Michel Medina, expuso sus memorias de gesti\u00f3n senatorial, en cumplimiento del art\u00edculo 92 de la Constituci\u00f3n dominicana, el cual establece que los legisladores deber\u00e1n ofrecer cada a\u00f1o un informe detallado sobre su labor legislativa en el Congreso Nacional.<\/p>\n\n\n\n<p>La bendici\u00f3n del evento estuvo a cargo del sacerdote&nbsp; Michael James Seis, y las palabras de bienvenida fueron ofrecidas por Sa\u00fal Encarnaci\u00f3n.<\/p>\n\n\n\n<p>En la rendici\u00f3n de cuentas estuvieron Liriano Morillo, alcalde del municipio Comendador; Luis Castillo, diputado; Cesar Benzan, director regional de salud de El Valle en El\u00edas Pi\u00f1a; directores de distritos municipales, representantes del sector educativo, de la sociedad civil, y autoridades civiles y militares.<\/p>\n\n\n\n<p>Por Elvis Castro Hern\u00e1ndez<\/p>\n","protected":false},"excerpt":{"rendered":"<p>ELIAS PI\u00d1A. &#8211; El senador de El\u00edas Pi\u00f1a, Johnson Encarnaci\u00f3n, present\u00f3 este jueves sus logros y avances en la rendici\u00f3n de cuentas correspondiente al periodo 2024-2025, en la cual destac\u00f3 las iniciativas legislativas que ha sometido y una amplia lista de obras sociales ejecutadas en beneficio de su provincia. El acto denominado \u201cUn a\u00f1o hist\u00f3rico\u201d, [&hellip;]<\/p>\n","protected":false},"author":7,"featured_media":653238,"comment_status":"closed","ping_status":"closed","sticky":false,"template":"","format":"standard","meta":{"footnotes":""},"categories":[21],"tags":[3603,2359],"class_list":["post-653230","post","type-post","status-publish","format-standard","has-post-thumbnail","hentry","category-cultura","tag-johnson-encarnacion","tag-senado"],"_links":{"self":[{"href":"https:\/\/diariodominicano.com\/index.php?rest_route=\/wp\/v2\/posts\/653230","targetHints":{"allow":["GET"]}}],"collection":[{"href":"https:\/\/diariodominicano.com\/index.php?rest_route=\/wp\/v2\/posts"}],"about":[{"href":"https:\/\/diariodominicano.com\/index.php?rest_route=\/wp\/v2\/types\/post"}],"author":[{"embeddable":true,"href":"https:\/\/diariodominicano.com\/index.php?rest_route=\/wp\/v2\/users\/7"}],"replies":[{"embeddable":true,"href":"https:\/\/diariodominicano.com\/index.php?rest_route=%2Fwp%2Fv2%2Fcomments&post=653230"}],"version-history":[{"count":1,"href":"https:\/\/diariodominicano.com\/index.php?rest_route=\/wp\/v2\/posts\/653230\/revisions"}],"predecessor-version":[{"id":653253,"href":"https:\/\/diariodominicano.com\/index.php?rest_route=\/wp\/v2\/posts\/653230\/revisions\/653253"}],"wp:featuredmedia":[{"embeddable":true,"href":"https:\/\/diariodominicano.com\/index.php?rest_route=\/wp\/v2\/media\/653238"}],"wp:attachment":[{"href":"https:\/\/diariodominicano.com\/index.php?rest_route=%2Fwp%2Fv2%2Fmedia&parent=653230"}],"wp:term":[{"taxonomy":"category","embeddable":true,"href":"https:\/\/diariodominicano.com\/index.php?rest_route=%2Fwp%2Fv2%2Fcategories&post=653230"},{"taxonomy":"post_tag","embeddable":true,"href":"https:\/\/diariodominicano.com\/index.php?rest_route=%2Fwp%2Fv2%2Ftags&post=653230"}],"curies":[{"name":"wp","href":"https:\/\/api.w.org\/{rel}","templated":true}]}}