{"id":653184,"date":"2025-12-06T02:49:36","date_gmt":"2025-12-06T06:49:36","guid":{"rendered":"https:\/\/diariodominicano.com\/?p=653184"},"modified":"2025-12-06T02:49:40","modified_gmt":"2025-12-06T06:49:40","slug":"presidente-abinader-asiste-al-acto-de-graduacion","status":"publish","type":"post","link":"https:\/\/diariodominicano.com\/?p=653184","title":{"rendered":"Presidente Abinader asiste al acto de graduaci\u00f3n"},"content":{"rendered":"\n<p><strong><em>_DGM desplegar\u00e1 865 agentes en sus oficinas de las 32 provincias del pa\u00eds _<\/em><\/strong><\/p>\n\n\n\n<p><strong>SANTO DOMINGO. &#8211;&nbsp;<\/strong>&nbsp;Los 865 Agentes de Interdicci\u00f3n Migratoria que se graduaron hoy tras participar en el segundo y tercer curso de formaci\u00f3n ofrecido por la Direcci\u00f3n General de Migraci\u00f3n (DGM) ser\u00e1n desplegados en las 32 provincias del pa\u00eds, inform\u00f3 el director de la instituci\u00f3n al pronunciar el discurso central del acto.<\/p>\n\n\n\n<p>El Vicealmirante de la Armada de Rep\u00fablica Dominicana, Luis Rafael Lee Ballester, ARD., record\u00f3 que la formaci\u00f3n de estos agentes migratorios es una de las medidas dispuestas por el primer mandatario Luis Abinader, presente en el acto, y quien para enfrentar la emergencia provocada por el crecimiento de la migraci\u00f3n irregular, dispuso formar agentes para habilitar oficinas de la DGM en todas las provincias del pa\u00eds.<\/p>\n\n\n\n<p>Lee Ballester explic\u00f3 que los nuevos agentes est\u00e1n capacitados para realizar operaciones de interdicci\u00f3n y de deportaci\u00f3n, prestar servicios en centros de procesamiento migratorio administrados por la DGM, acciones de inteligencia y capaces de contrarrestar la trata y el tr\u00e1fico de personas. El programa de formaci\u00f3n es dirigido por el General de Brigada retirado Fraklin Antonio Garris Peralta, ERD., coordinador militar de la DGM.<\/p>\n\n\n\n<p>En la primera promoci\u00f3n, como programa piloto, se formaron 165 agentes el 31 de marzo 2025. Esta iniciativa, dijo el director de la DGM, no tiene precedentes porque es la primera vez que la entidad -fundada en el 1939- se dota de una estructura de personal propia para cumplir con el mandato de regular el control migratorio, con el apoyo de las Fuerzas Armadas y la Polic\u00eda Nacional. En el inicio del 2025, la direcci\u00f3n s\u00f3lo contaba con 228 agentes.<\/p>\n\n\n\n<p>En su discurso, Lee Ballester solicit\u00f3 al presidente Abinader, asignar los recursos necesarios para reactivar el Centro de Capacitaci\u00f3n Migratorio de la DGM, con una capacidad para alojar 100 cursantes y activar el programa de formaci\u00f3n y especializaci\u00f3n de agentes migratorios, agentes de inteligencia migratoria, inspectores, supervisores y coordinadores.<\/p>\n\n\n\n<p>El director de la DGM se\u00f1al\u00f3 \u201cel gran reto que en materia de seguridad y defensa representa la crisis m\u00e1s prolongada y de mayor riesgo que ha experimentado la Rep\u00fablica de Hait\u00ed, situaci\u00f3n que le motiv\u00f3 a declarar el tema migratorio como una amenaza a la seguridad nacional.<\/p>\n\n\n\n<p>Lee Ballester agradeci\u00f3 el apoyo del presidente Abinader para este programa de formaci\u00f3n; tambi\u00e9n a las Fuerzas Armadas en la persona del Ministro de Defensa Teniente General Carlos Antonio Fern\u00e1ndez Onofre, ERD, al Estado Mayor General de las Fuerzas Armadas; a la Polic\u00eda Nacional; a la Universidad Nacional para la Defensa, al Sistema de Seguridad y Emergencias 911 y al Centro de Operaciones de Emergencias, entre otras entidades nacionales y organismos internacionales.<\/p>\n\n\n\n<p>Tambi\u00e9n hizo un \u201cagradecimiento especial\u201d a la Universidad del Caribe, al Patronato Nacional de Ganaderos y a la Asociaci\u00f3n de Productores de Leche (APROLECHE), que de manera desinteresada facilitaron aulas, salones de conferencias, espacios f\u00edsicos e instalaciones deportivas para el programa de formaci\u00f3n.<\/p>\n\n\n\n<p>Los graduados pertenecen a la Segunda y Tercera Promoci\u00f3n de Agentes de Reacci\u00f3n Rapida (ARR) y de la Unidad de Reacci\u00f3n R\u00e1pida (URR), que elevan a 1,025 el total de agentes especializados formados por la instituci\u00f3n en sus tres promociones. En la primera promoci\u00f3n fueron graduados 160 agentes, en un acto liderado igualmente por el primer mandatario. Son j\u00f3venes provenientes de diferentes provincias del pa\u00eds.<\/p>\n\n\n\n<p>La actividad se realiz\u00f3 en el Coliseo Carlos Teo Cruz, escenario donde se present\u00f3 el resultado del proceso de fortalecimiento institucional impulsado.<\/p>\n\n\n\n<p>El General Franklin Antonio Garris, explic\u00f3 que durante 90 d\u00edas, los agentes completaron un programa de formaci\u00f3n intensiva que incluye entrenamiento militar, instrucci\u00f3n de campo, pr\u00e1cticas de tiro, manejo de armas no letales, primeros auxilios, gesti\u00f3n de emergencias, procedimientos de rescate, capacitaci\u00f3n en Derechos Humanos con \u00e9nfasis en la protecci\u00f3n de mujeres embarazadas, adultos mayores y ni\u00f1os en situaci\u00f3n migratoria irregular, adem\u00e1s de instrucci\u00f3n b\u00e1sica en idioma creole para facilitar la comunicaci\u00f3n con la poblaci\u00f3n inmigrante haitiana.<\/p>\n\n\n\n<p>De la actividad participaron la ministra de Interior y Polic\u00eda Faride Raful y otras autoridades civiles, militares y policiales e invitados especiales.<\/p>\n\n\n\n<p><strong>Direcci\u00f3n de Comunicaciones<\/strong><\/p>\n\n\n\n<p>Yosfran Elian Ortiz Moreno <a href=\"mailto:yortiz@migracion.gob.do\">yortiz@migracion.gob.do<\/a><\/p>\n","protected":false},"excerpt":{"rendered":"<p>_DGM desplegar\u00e1 865 agentes en sus oficinas de las 32 provincias del pa\u00eds _ SANTO DOMINGO. &#8211;&nbsp;&nbsp;Los 865 Agentes de Interdicci\u00f3n Migratoria que se graduaron hoy tras participar en el segundo y tercer curso de formaci\u00f3n ofrecido por la Direcci\u00f3n General de Migraci\u00f3n (DGM) ser\u00e1n desplegados en las 32 provincias del pa\u00eds, inform\u00f3 el director [&hellip;]<\/p>\n","protected":false},"author":7,"featured_media":653190,"comment_status":"closed","ping_status":"closed","sticky":false,"template":"","format":"standard","meta":{"footnotes":""},"categories":[20],"tags":[3584,1854],"class_list":["post-653184","post","type-post","status-publish","format-standard","has-post-thumbnail","hentry","category-dominicana-hoy","tag-direccion-general-de-migracion-dgm","tag-presidente-abinader"],"_links":{"self":[{"href":"https:\/\/diariodominicano.com\/index.php?rest_route=\/wp\/v2\/posts\/653184","targetHints":{"allow":["GET"]}}],"collection":[{"href":"https:\/\/diariodominicano.com\/index.php?rest_route=\/wp\/v2\/posts"}],"about":[{"href":"https:\/\/diariodominicano.com\/index.php?rest_route=\/wp\/v2\/types\/post"}],"author":[{"embeddable":true,"href":"https:\/\/diariodominicano.com\/index.php?rest_route=\/wp\/v2\/users\/7"}],"replies":[{"embeddable":true,"href":"https:\/\/diariodominicano.com\/index.php?rest_route=%2Fwp%2Fv2%2Fcomments&post=653184"}],"version-history":[{"count":1,"href":"https:\/\/diariodominicano.com\/index.php?rest_route=\/wp\/v2\/posts\/653184\/revisions"}],"predecessor-version":[{"id":653191,"href":"https:\/\/diariodominicano.com\/index.php?rest_route=\/wp\/v2\/posts\/653184\/revisions\/653191"}],"wp:featuredmedia":[{"embeddable":true,"href":"https:\/\/diariodominicano.com\/index.php?rest_route=\/wp\/v2\/media\/653190"}],"wp:attachment":[{"href":"https:\/\/diariodominicano.com\/index.php?rest_route=%2Fwp%2Fv2%2Fmedia&parent=653184"}],"wp:term":[{"taxonomy":"category","embeddable":true,"href":"https:\/\/diariodominicano.com\/index.php?rest_route=%2Fwp%2Fv2%2Fcategories&post=653184"},{"taxonomy":"post_tag","embeddable":true,"href":"https:\/\/diariodominicano.com\/index.php?rest_route=%2Fwp%2Fv2%2Ftags&post=653184"}],"curies":[{"name":"wp","href":"https:\/\/api.w.org\/{rel}","templated":true}]}}