{"id":653128,"date":"2025-12-06T00:08:52","date_gmt":"2025-12-06T04:08:52","guid":{"rendered":"https:\/\/diariodominicano.com\/?p=653128"},"modified":"2025-12-06T01:36:19","modified_gmt":"2025-12-06T05:36:19","slug":"reunion-del-secretario-rubio-con-el-canciller-peruano-de-zela","status":"publish","type":"post","link":"https:\/\/diariodominicano.com\/?p=653128","title":{"rendered":"Reuni\u00f3n del Secretario Rubio con el Canciller peruano de Zela"},"content":{"rendered":"\n<p>5 de diciembre de 2025<\/p>\n\n\n\n<p>El Secretario de Estado, Marco Rubio, y el Canciller del Per\u00fa, Hugo de Zela, se reunieron hoy para dialogar sobre los esfuerzos en curso para combatir las organizaciones criminales transnacionales y fortalecer la seguridad en nuestra regi\u00f3n, inform\u00f3 el viernes el portavoz adjunto principal del Departamento de Estado Tommy Pigott. <\/p>\n\n\n\n<figure class=\"wp-block-image size-full\"><img loading=\"lazy\" decoding=\"async\" width=\"390\" height=\"280\" src=\"https:\/\/diariodominicano.com\/wp-content\/uploads\/2025\/12\/Marco-Rubio-en-Guatemala.webp\" alt=\"\" class=\"wp-image-652632\" srcset=\"https:\/\/diariodominicano.com\/wp-content\/uploads\/2025\/12\/Marco-Rubio-en-Guatemala.webp 390w, https:\/\/diariodominicano.com\/wp-content\/uploads\/2025\/12\/Marco-Rubio-en-Guatemala-300x215.webp 300w\" sizes=\"auto, (max-width: 390px) 100vw, 390px\" \/><\/figure>\n\n\n\n<p>El Secretario Rubio reafirm\u00f3 el compromiso de Estados Unidos de colaborar para asegurar las cadenas cr\u00edticas de suministro de minerales.<\/p>\n\n\n\n<p> El Secretario tambi\u00e9n enfatiz\u00f3 que, mientras esperamos conmemorar 200 a\u00f1os de relaciones diplom\u00e1ticas el pr\u00f3ximo a\u00f1o, Estados Unidos continuar\u00e1 colaborando con el Per\u00fa en materia de comercio, espacio y seguridad.<\/p>\n\n\n\n<p>U.S. Department of State<\/p>\n\n\n\n<p><a target=\"_blank\" href=\"mailto:usstatebpa@public.govdelivery.com\" rel=\"noreferrer noopener\">usstatebpa@public.govdelivery.com<\/a><\/p>\n\n\n\n<p>#Marco Rubio\u2003\u2003#Hugo de Zela<\/p>\n","protected":false},"excerpt":{"rendered":"<p>5 de diciembre de 2025 El Secretario de Estado, Marco Rubio, y el Canciller del Per\u00fa, Hugo de Zela, se reunieron hoy para dialogar sobre los esfuerzos en curso para combatir las organizaciones criminales transnacionales y fortalecer la seguridad en nuestra regi\u00f3n, inform\u00f3 el viernes el portavoz adjunto principal del Departamento de Estado Tommy Pigott. [&hellip;]<\/p>\n","protected":false},"author":2,"featured_media":402794,"comment_status":"closed","ping_status":"closed","sticky":true,"template":"","format":"standard","meta":{"footnotes":""},"categories":[23],"tags":[3227,3572],"class_list":["post-653128","post","type-post","status-publish","format-standard","has-post-thumbnail","hentry","category-internacional","tag-marco-rubio","tag-peru"],"_links":{"self":[{"href":"https:\/\/diariodominicano.com\/index.php?rest_route=\/wp\/v2\/posts\/653128","targetHints":{"allow":["GET"]}}],"collection":[{"href":"https:\/\/diariodominicano.com\/index.php?rest_route=\/wp\/v2\/posts"}],"about":[{"href":"https:\/\/diariodominicano.com\/index.php?rest_route=\/wp\/v2\/types\/post"}],"author":[{"embeddable":true,"href":"https:\/\/diariodominicano.com\/index.php?rest_route=\/wp\/v2\/users\/2"}],"replies":[{"embeddable":true,"href":"https:\/\/diariodominicano.com\/index.php?rest_route=%2Fwp%2Fv2%2Fcomments&post=653128"}],"version-history":[{"count":2,"href":"https:\/\/diariodominicano.com\/index.php?rest_route=\/wp\/v2\/posts\/653128\/revisions"}],"predecessor-version":[{"id":653131,"href":"https:\/\/diariodominicano.com\/index.php?rest_route=\/wp\/v2\/posts\/653128\/revisions\/653131"}],"wp:featuredmedia":[{"embeddable":true,"href":"https:\/\/diariodominicano.com\/index.php?rest_route=\/wp\/v2\/media\/402794"}],"wp:attachment":[{"href":"https:\/\/diariodominicano.com\/index.php?rest_route=%2Fwp%2Fv2%2Fmedia&parent=653128"}],"wp:term":[{"taxonomy":"category","embeddable":true,"href":"https:\/\/diariodominicano.com\/index.php?rest_route=%2Fwp%2Fv2%2Fcategories&post=653128"},{"taxonomy":"post_tag","embeddable":true,"href":"https:\/\/diariodominicano.com\/index.php?rest_route=%2Fwp%2Fv2%2Ftags&post=653128"}],"curies":[{"name":"wp","href":"https:\/\/api.w.org\/{rel}","templated":true}]}}