{"id":652995,"date":"2025-12-05T01:33:31","date_gmt":"2025-12-05T05:33:31","guid":{"rendered":"https:\/\/diariodominicano.com\/?p=652995"},"modified":"2025-12-05T01:33:35","modified_gmt":"2025-12-05T05:33:35","slug":"gobierno-entrega-bono-navideno-a-mas-de-1-millon-400-mil-personas-beneficiarias-de-superate","status":"publish","type":"post","link":"https:\/\/diariodominicano.com\/?p=652995","title":{"rendered":"Gobierno entrega Bono Navide\u00f1o a m\u00e1s de 1 mill\u00f3n 400 mil personas beneficiarias de Sup\u00e9rate"},"content":{"rendered":"\n<p><em>La \u201cBrisita\u201d navide\u00f1a para beneficiarios del subsidio Alim\u00e9ntate fue distribuida de forma simult\u00e1nea en cinco puntos estrat\u00e9gicos: Distrito Nacional, Santo Domingo Este, Santiago, San Crist\u00f3bal y San Pedro de Macor\u00eds.<\/em><\/p>\n\n\n\n<p><strong>Santo Domingo, D.N., 4 de diciembre de 2025<\/strong>.- En un acto encabezado por la titular de la Direcci\u00f3n de Desarrollo Social Sup\u00e9rate, Gloria Reyes, el Gobierno entreg\u00f3 hoy, v\u00eda transferencia electr\u00f3nica, el Bono Navide\u00f1o a 1,453,907 personas beneficiarias del subsidio Alim\u00e9ntate. Cada hogar recibi\u00f3 RD$1,500.00 adicionales a los RD$1,650 que reciben mensualmente, para un desembolso total de RD$2,180,860,500.<\/p>\n\n\n\n<figure class=\"wp-block-gallery has-nested-images columns-default is-cropped wp-block-gallery-1 is-layout-flex wp-block-gallery-is-layout-flex\">\n<figure class=\"wp-block-image size-large\"><img loading=\"lazy\" decoding=\"async\" width=\"1024\" height=\"682\" data-id=\"653024\" src=\"https:\/\/diariodominicano.com\/wp-content\/uploads\/2025\/12\/Entrega-de-La-Brisita-en-el-Distrito-Nacional-1024x682.jpeg\" alt=\"\" class=\"wp-image-653024\" srcset=\"https:\/\/diariodominicano.com\/wp-content\/uploads\/2025\/12\/Entrega-de-La-Brisita-en-el-Distrito-Nacional-1024x682.jpeg 1024w, https:\/\/diariodominicano.com\/wp-content\/uploads\/2025\/12\/Entrega-de-La-Brisita-en-el-Distrito-Nacional-300x200.jpeg 300w, https:\/\/diariodominicano.com\/wp-content\/uploads\/2025\/12\/Entrega-de-La-Brisita-en-el-Distrito-Nacional-768x512.jpeg 768w, https:\/\/diariodominicano.com\/wp-content\/uploads\/2025\/12\/Entrega-de-La-Brisita-en-el-Distrito-Nacional-816x544.jpeg 816w, https:\/\/diariodominicano.com\/wp-content\/uploads\/2025\/12\/Entrega-de-La-Brisita-en-el-Distrito-Nacional.jpeg 1280w\" sizes=\"auto, (max-width: 1024px) 100vw, 1024px\" \/><\/figure>\n<\/figure>\n\n\n\n<p>El acto de lanzamiento, realizado en el Club Deportivo y Cultural Ensanche La Fe, en el Distrito Nacional, inici\u00f3 con el cliqueo simb\u00f3lico en una pantalla gigante digital a cargo de Reyes, gesto que marc\u00f3 el inicio formal de las transferencias. La actividad se replic\u00f3 de manera simult\u00e1nea en Santo Domingo Este, Santiago, San Crist\u00f3bal y San Pedro de Macor\u00eds, con la presencia de funcionarios y autoridades locales. En cada punto, adem\u00e1s, se ofreci\u00f3 un almuerzo navide\u00f1o para 250 beneficiarios y beneficiarias.<\/p>\n\n\n\n<figure class=\"wp-block-gallery has-nested-images columns-default is-cropped wp-block-gallery-2 is-layout-flex wp-block-gallery-is-layout-flex\">\n<figure class=\"wp-block-image size-large\"><img loading=\"lazy\" decoding=\"async\" width=\"1024\" height=\"684\" data-id=\"653022\" src=\"https:\/\/diariodominicano.com\/wp-content\/uploads\/2025\/12\/Entrega-de-la-Brisita-en-San-Pedro-de-Macoris-1024x684.jpeg\" alt=\"\" class=\"wp-image-653022\" srcset=\"https:\/\/diariodominicano.com\/wp-content\/uploads\/2025\/12\/Entrega-de-la-Brisita-en-San-Pedro-de-Macoris-1024x684.jpeg 1024w, https:\/\/diariodominicano.com\/wp-content\/uploads\/2025\/12\/Entrega-de-la-Brisita-en-San-Pedro-de-Macoris-300x200.jpeg 300w, https:\/\/diariodominicano.com\/wp-content\/uploads\/2025\/12\/Entrega-de-la-Brisita-en-San-Pedro-de-Macoris-768x513.jpeg 768w, https:\/\/diariodominicano.com\/wp-content\/uploads\/2025\/12\/Entrega-de-la-Brisita-en-San-Pedro-de-Macoris-816x545.jpeg 816w, https:\/\/diariodominicano.com\/wp-content\/uploads\/2025\/12\/Entrega-de-la-Brisita-en-San-Pedro-de-Macoris.jpeg 1280w\" sizes=\"auto, (max-width: 1024px) 100vw, 1024px\" \/><\/figure>\n<\/figure>\n\n\n\n<p>La iniciativa, puesta en marcha por la funcionaria responsable de coordinar la pol\u00edtica de protecci\u00f3n social, responde a la visi\u00f3n del presidente Luis Abinader de garantizar una entrega digna, justa y transparente de estos recursos, siguiendo el mismo mecanismo utilizado para los subsidios sociales: la transferencia electr\u00f3nica. El objetivo es permitir a las familias celebrar la Navidad con alegr\u00eda, tranquilidad y el esp\u00edritu de uni\u00f3n que caracteriza al pueblo dominicano.<\/p>\n\n\n\n<figure class=\"wp-block-gallery has-nested-images columns-default is-cropped wp-block-gallery-3 is-layout-flex wp-block-gallery-is-layout-flex\">\n<figure class=\"wp-block-image size-large\"><img loading=\"lazy\" decoding=\"async\" width=\"1024\" height=\"682\" data-id=\"653021\" src=\"https:\/\/diariodominicano.com\/wp-content\/uploads\/2025\/12\/Entrega-de-La-Brisita-en-Santo-Domingo-Este-1024x682.jpeg\" alt=\"\" class=\"wp-image-653021\" srcset=\"https:\/\/diariodominicano.com\/wp-content\/uploads\/2025\/12\/Entrega-de-La-Brisita-en-Santo-Domingo-Este-1024x682.jpeg 1024w, https:\/\/diariodominicano.com\/wp-content\/uploads\/2025\/12\/Entrega-de-La-Brisita-en-Santo-Domingo-Este-300x200.jpeg 300w, https:\/\/diariodominicano.com\/wp-content\/uploads\/2025\/12\/Entrega-de-La-Brisita-en-Santo-Domingo-Este-768x512.jpeg 768w, https:\/\/diariodominicano.com\/wp-content\/uploads\/2025\/12\/Entrega-de-La-Brisita-en-Santo-Domingo-Este-816x544.jpeg 816w, https:\/\/diariodominicano.com\/wp-content\/uploads\/2025\/12\/Entrega-de-La-Brisita-en-Santo-Domingo-Este.jpeg 1280w\" sizes=\"auto, (max-width: 1024px) 100vw, 1024px\" \/><\/figure>\n<\/figure>\n\n\n\n<p>\u201cEste lanzamiento del Bono no es m\u00e1s que uno de los elementos especiales de La Brisita. El se\u00f1or presidente Luis Abinader desea que todos los dominicanos podamos disfrutar en paz, con mucha alegr\u00eda y rodeados de nuestros seres queridos esta \u00e9poca tan hermosa\u201d, expres\u00f3 Reyes.<\/p>\n\n\n\n<p>Agreg\u00f3 que el Gobierno ha convertido la \u201cBrisita\u201d navide\u00f1a en un apoyo significativo para las familias m\u00e1s vulnerables, apostando a que la alegr\u00eda, la tradici\u00f3n y el esp\u00edritu de compartir lleguen a todos y todas por igual. Destac\u00f3 tambi\u00e9n que la entrega simult\u00e1nea en cinco puntos del pa\u00eds evidencia el compromiso y la eficiencia de las autoridades, marcando un precedente al completar la distribuci\u00f3n apenas cuatro d\u00edas despu\u00e9s de iniciado el mes de diciembre.<\/p>\n\n\n\n<p>Reyes estuvo acompa\u00f1ada por Augusto de los Santos, director del Sistema \u00danico de Beneficiarios (SIUBEN); Digna Reynoso, directora ejecutiva del Consejo Nacional de Gesti\u00f3n Presidencial (Conagep); Shade Medina, regidora del Distrito Nacional; y Marcos Moore, director del Distrito Nacional de Desarrollo Social Sup\u00e9rate. Durante la actividad se compartieron los beneficios de La Brisita de Sup\u00e9rate con las familias asistentes, quienes disfrutaron de un almuerzo navide\u00f1o amenizado con villancicos y la presencia de Santa Claus.<\/p>\n\n\n\n<p>En Santiago, el acto estuvo encabezado por el alcalde Ulises Rodr\u00edguez, junto al subdirector administrativo y financiero de la Direcci\u00f3n de Desarrollo Social, Elpidio Garc\u00eda, y la directora regional, Ylsi Cruz.<\/p>\n\n\n\n<p>En Santo Domingo Este, el alcalde Dio Astacio acompa\u00f1\u00f3 a Yasiris S\u00e1nchez, subdirectora de Desarrollo Local y Asuntos Comunitarios, y a Australiana Segura, directora regional de Sup\u00e9rate.<\/p>\n\n\n\n<p>En San Pedro de Macor\u00eds, la actividad estuvo a cargo de Damelia Zapata, subdirectora de Proyectos Sociales y Asuntos Comunitarios, y de la directora regional Mar\u00eda Santana, junto a autoridades locales, quienes anunciaron el inicio del pago del bono navide\u00f1o.<\/p>\n\n\n\n<p>La Brisita tambi\u00e9n lleg\u00f3 a las familias de San Crist\u00f3bal, donde el anuncio fue realizado por Aurelia Amarante, directora de Acompa\u00f1amiento Sociofamiliar, y Miguel Pe\u00f1a, director regional para la regi\u00f3n de Valdesia.<\/p>\n\n\n\n<p><strong>Prensa Direcci\u00f3n Desarrollo Social Sup\u00e9rate. &#8211; <\/strong><strong>&nbsp;<\/strong><\/p>\n\n\n\n<p><strong>Prensa Sup\u00e9rate<\/strong><\/p>\n\n\n\n<p>Sup\u00e9rate Prensa <a href=\"mailto:superateprensa@gmail.com\">superateprensa@gmail.com<\/a><\/p>\n\n\n\n<p>#<strong>Sup\u00e9rate<\/strong> #BonoNavide\u00f1o <\/p>\n","protected":false},"excerpt":{"rendered":"<p>La \u201cBrisita\u201d navide\u00f1a para beneficiarios del subsidio Alim\u00e9ntate fue distribuida de forma simult\u00e1nea en cinco puntos estrat\u00e9gicos: Distrito Nacional, Santo Domingo Este, Santiago, San Crist\u00f3bal y San Pedro de Macor\u00eds. Santo Domingo, D.N., 4 de diciembre de 2025.- En un acto encabezado por la titular de la Direcci\u00f3n de Desarrollo Social Sup\u00e9rate, Gloria Reyes, el [&hellip;]<\/p>\n","protected":false},"author":7,"featured_media":653024,"comment_status":"closed","ping_status":"closed","sticky":false,"template":"","format":"standard","meta":{"footnotes":""},"categories":[20],"tags":[3592,388],"class_list":["post-652995","post","type-post","status-publish","format-standard","has-post-thumbnail","hentry","category-dominicana-hoy","tag-bono-navideno-2","tag-superate"],"_links":{"self":[{"href":"https:\/\/diariodominicano.com\/index.php?rest_route=\/wp\/v2\/posts\/652995","targetHints":{"allow":["GET"]}}],"collection":[{"href":"https:\/\/diariodominicano.com\/index.php?rest_route=\/wp\/v2\/posts"}],"about":[{"href":"https:\/\/diariodominicano.com\/index.php?rest_route=\/wp\/v2\/types\/post"}],"author":[{"embeddable":true,"href":"https:\/\/diariodominicano.com\/index.php?rest_route=\/wp\/v2\/users\/7"}],"replies":[{"embeddable":true,"href":"https:\/\/diariodominicano.com\/index.php?rest_route=%2Fwp%2Fv2%2Fcomments&post=652995"}],"version-history":[{"count":1,"href":"https:\/\/diariodominicano.com\/index.php?rest_route=\/wp\/v2\/posts\/652995\/revisions"}],"predecessor-version":[{"id":653034,"href":"https:\/\/diariodominicano.com\/index.php?rest_route=\/wp\/v2\/posts\/652995\/revisions\/653034"}],"wp:featuredmedia":[{"embeddable":true,"href":"https:\/\/diariodominicano.com\/index.php?rest_route=\/wp\/v2\/media\/653024"}],"wp:attachment":[{"href":"https:\/\/diariodominicano.com\/index.php?rest_route=%2Fwp%2Fv2%2Fmedia&parent=652995"}],"wp:term":[{"taxonomy":"category","embeddable":true,"href":"https:\/\/diariodominicano.com\/index.php?rest_route=%2Fwp%2Fv2%2Fcategories&post=652995"},{"taxonomy":"post_tag","embeddable":true,"href":"https:\/\/diariodominicano.com\/index.php?rest_route=%2Fwp%2Fv2%2Ftags&post=652995"}],"curies":[{"name":"wp","href":"https:\/\/api.w.org\/{rel}","templated":true}]}}