{"id":652993,"date":"2025-12-05T00:43:15","date_gmt":"2025-12-05T04:43:15","guid":{"rendered":"https:\/\/diariodominicano.com\/?p=652993"},"modified":"2025-12-05T00:43:20","modified_gmt":"2025-12-05T04:43:20","slug":"samsung-inaugura-su-novena-tienda-en-dominicana-en-multiplaza-la-romana","status":"publish","type":"post","link":"https:\/\/diariodominicano.com\/?p=652993","title":{"rendered":"Samsung inaugura su novena tienda en Dominicana en Multiplaza La Romana"},"content":{"rendered":"\n<p><em>El nuevo espacio en la zona este del pa\u00eds est\u00e1 concebido para inspirar y explorar la tecnolog\u00eda y promete una inmersi\u00f3n completa en el ecosistema Galaxy AI<\/em><\/p>\n\n\n\n<p><strong>SANTO DOMINGO, Rep\u00fablica Dominicana.<\/strong>\u2013&nbsp;Samsung Electronics, en su continuo esfuerzo por expandir y fortalecer su presencia en la Rep\u00fablica Dominicana, de la mano de su socio estrat\u00e9gico Mirgor Dominicana, celebr\u00f3 la inauguraci\u00f3n de su nueva tienda de experiencia, en Multiplaza La Romana. La celebraci\u00f3n de apertura tuvo lugar el pasado 3 de diciembre. Este evento marc\u00f3 un hito significativo en la estrategia de la compa\u00f1\u00eda para acercar la innovaci\u00f3n a los consumidores dominicanos, que ya cuentan con nueve tiendas y kioskos en todo el pa\u00eds.<\/p>\n\n\n\n<p>El nuevo espacio est\u00e1 concebido bajo un concepto inmersivo, y alberga toda la l\u00ednea de dispositivos m\u00f3viles de Samsung:&nbsp;smartphones, tabletas, relojes inteligentes y accesorios; dise\u00f1ados para hacer tu vida m\u00e1s c\u00f3moda y eficiente potenciada por la IA. La tienda ofrece una experiencia inmersiva en el mundo de Galaxy AI, donde los visitantes podr\u00e1n descubrir c\u00f3mo la inteligencia artificial est\u00e1 transformando la forma en que vivimos, trabajamos y jugamos.<\/p>\n\n\n\n<figure class=\"wp-block-image\"><img decoding=\"async\" src=\"https:\/\/diariodominicano.com\/wp-content\/uploads\/2025\/12\/Samsung-inaugura-su-novena-tienda-en-Dominicana-Multiplaza-La-Romana-1024x768.jpeg\" alt=\"\"\/><\/figure>\n\n\n\n<p>\u201cEn Samsung, siempre hemos cre\u00eddo en la importancia de la innovaci\u00f3n y la excelencia en todo lo que hacemos. Desde nuestros inicios hemos mantenido nuestro compromiso con la calidad, la creatividad y la innovaci\u00f3n, lo que nos convierte en l\u00edderes en tecnolog\u00eda a nivel mundial. Simboliza el compromiso de la compa\u00f1\u00eda con Rep\u00fablica Dominicana, con su comunidad y con el futuro que juntos de la mano con Mirgor estamos construyendo\u201d, dijo Clara Francisco, gerente de Productos M\u00f3viles de Samsung Dominicana.&nbsp;<\/p>\n\n\n\n<p>Con motivo de la apertura, los clientes podr\u00e1n disfrutar de hasta un 60% de descuento en productos seleccionados. Entre las ofertas especiales est\u00e1n: al comprar Galaxy S25 Ultra llevas gratis una Tab A1. Si compras un Galaxy A56, llevas gratis un smartphone Galaxy A17. Con la compra del Galaxy S25 FE llevas gratis unos Galaxy Buds 3 FE, y si adquieres los plegables Galaxy Z Flip7 y Z Flip7 FE los clientes se llevan una Edici\u00f3n Limitada de la Pel\u00edcula Media Hermanas que incluye: gratis 1 Galaxy A17 o Galaxy A56 + 2 entradas para la pel\u00edcula + contenido exclusivo de la pel\u00edcula. Promoci\u00f3n v\u00e1lida hasta el 31 de diciembre o hasta agotar existencia.<\/p>\n\n\n\n<p><strong>Compromiso con el cliente y la innovaci\u00f3n<\/strong><\/p>\n\n\n\n<p>Eugene Jo, Director de Samsung Electronics en Rep\u00fablica Dominicana, afirm\u00f3 en la inauguraci\u00f3n: \u201cCon la apertura de esta nueva tienda de experiencia en La Romana, damos un paso m\u00e1s en nuestra misi\u00f3n de acompa\u00f1ar a los consumidores dominicanos con tecnolog\u00eda que transforma su vida diaria. Buscamos que sea un espacio donde las personas puedan descubrir, aprender y conectar con todo lo que el ecosistema Galaxy ofrece\u201d.<\/p>\n\n\n\n<p>Adicionalmente, el espacio funciona como punto de recolecci\u00f3n de servicio t\u00e9cnico, brindando atenci\u00f3n especializada y mayor comodidad para los usuarios de la marca. La tienda tambi\u00e9n complementa su oferta con beneficios como&nbsp;<strong>Eco Canje<\/strong>, el programa que permite entregar dispositivos usados como parte de pago, y&nbsp;<strong>Samsung Care+<\/strong>,&nbsp;el plan de protecci\u00f3n que respalda los dispositivos Galaxy ante accidentes, robos o da\u00f1os, lo que&nbsp;ofrece asistencia premium y mayor tranquilidad al adquirir un dispositivo Samsung.<\/p>\n\n\n\n<p>La apertura reuni\u00f3 a visitantes y aliados que experimentaron de primera mano un espacio creado para inspirar y explorar nuevas posibilidades tecnol\u00f3gicas. Con esta inauguraci\u00f3n, Samsung reafirm\u00f3 su compromiso de continuar impulsando experiencias m\u00e1s inteligentes, integradas y accesibles para las familias dominicanas, abriendo las puertas a un futuro donde la tecnolog\u00eda se vive de una forma completamente diferente.<\/p>\n\n\n\n<p>Alexandra Medina <a href=\"mailto:alexandra@prismgrp.net\">alexandra@prismgrp.net<\/a><\/p>\n","protected":false},"excerpt":{"rendered":"<p>El nuevo espacio en la zona este del pa\u00eds est\u00e1 concebido para inspirar y explorar la tecnolog\u00eda y promete una inmersi\u00f3n completa en el ecosistema Galaxy AI SANTO DOMINGO, Rep\u00fablica Dominicana.\u2013&nbsp;Samsung Electronics, en su continuo esfuerzo por expandir y fortalecer su presencia en la Rep\u00fablica Dominicana, de la mano de su socio estrat\u00e9gico Mirgor Dominicana, [&hellip;]<\/p>\n","protected":false},"author":7,"featured_media":653008,"comment_status":"closed","ping_status":"closed","sticky":false,"template":"","format":"standard","meta":{"footnotes":""},"categories":[36],"tags":[324],"class_list":["post-652993","post","type-post","status-publish","format-standard","has-post-thumbnail","hentry","category-hombresmujeresycosas","tag-samsung"],"_links":{"self":[{"href":"https:\/\/diariodominicano.com\/index.php?rest_route=\/wp\/v2\/posts\/652993","targetHints":{"allow":["GET"]}}],"collection":[{"href":"https:\/\/diariodominicano.com\/index.php?rest_route=\/wp\/v2\/posts"}],"about":[{"href":"https:\/\/diariodominicano.com\/index.php?rest_route=\/wp\/v2\/types\/post"}],"author":[{"embeddable":true,"href":"https:\/\/diariodominicano.com\/index.php?rest_route=\/wp\/v2\/users\/7"}],"replies":[{"embeddable":true,"href":"https:\/\/diariodominicano.com\/index.php?rest_route=%2Fwp%2Fv2%2Fcomments&post=652993"}],"version-history":[{"count":1,"href":"https:\/\/diariodominicano.com\/index.php?rest_route=\/wp\/v2\/posts\/652993\/revisions"}],"predecessor-version":[{"id":653010,"href":"https:\/\/diariodominicano.com\/index.php?rest_route=\/wp\/v2\/posts\/652993\/revisions\/653010"}],"wp:featuredmedia":[{"embeddable":true,"href":"https:\/\/diariodominicano.com\/index.php?rest_route=\/wp\/v2\/media\/653008"}],"wp:attachment":[{"href":"https:\/\/diariodominicano.com\/index.php?rest_route=%2Fwp%2Fv2%2Fmedia&parent=652993"}],"wp:term":[{"taxonomy":"category","embeddable":true,"href":"https:\/\/diariodominicano.com\/index.php?rest_route=%2Fwp%2Fv2%2Fcategories&post=652993"},{"taxonomy":"post_tag","embeddable":true,"href":"https:\/\/diariodominicano.com\/index.php?rest_route=%2Fwp%2Fv2%2Ftags&post=652993"}],"curies":[{"name":"wp","href":"https:\/\/api.w.org\/{rel}","templated":true}]}}