{"id":652857,"date":"2025-12-04T12:09:20","date_gmt":"2025-12-04T16:09:20","guid":{"rendered":"https:\/\/diariodominicano.com\/?p=652857"},"modified":"2025-12-04T17:43:48","modified_gmt":"2025-12-04T21:43:48","slug":"alerta-roja-en-sector-de-valparaiso-chile-por-incendio-forestal","status":"publish","type":"post","link":"https:\/\/diariodominicano.com\/?p=652857","title":{"rendered":"Alerta roja en sector de Valpara\u00edso, Chile, por incendio forestal"},"content":{"rendered":"\n<p>Santiago de Chile, 4 dic (Prensa Latina) El Servicio Nacional de Prevenci\u00f3n y Respuesta ante Desastres (Senapred), de Chile, declar\u00f3 hoy alerta roja y orden\u00f3 evacuar un sector en la ciudad de Valpara\u00edso ante un incendio forestal que amenaza a varias viviendas.<\/p>\n\n\n\n<ul class=\"wp-block-list\">\n<li><a href=\"https:\/\/www.prensa-latina.cu\/2025\/12\/04\/\"><time>diciembre 4, 2025 | <\/time><\/a><\/li>\n<\/ul>\n\n\n\n<p>Las llamas comenzaron a avanzar esta ma\u00f1ana en el cerro San Roque hacia una veintena de casas de la poblaci\u00f3n La Isla, mientras personal de la Corporaci\u00f3n Nacional Forestal y bomberos de Valpara\u00edso y Vi\u00f1a del Mar trabajan para combatir el siniestro.<\/p>\n\n\n\n<p>El Senapred inform\u00f3 que por tratarse de una alerta roja se movilizar\u00e1n todos los recursos disponibles, dada la extensi\u00f3n y severidad del evento, que en poco tiempo devast\u00f3 dos hect\u00e1reas de maleza.<\/p>\n\n\n\n<p>La Direcci\u00f3n Meteorol\u00f3gica de Chile advirti\u00f3 que en estos d\u00edas una ola de calor intenso afecta la zona central del pa\u00eds, con temperaturas muy elevadas.<\/p>\n\n\n\n<p>Autoridades del sector pidieron m\u00e1xima precauci\u00f3n ante la presencia del factor denominado 30-30-30, que suele estar presente en el inicio de los incendios forestales.<\/p>\n\n\n\n<p>Se trata de una temperatura ambiental superior a 30 grados Celsius, humedad relativa por debajo del 30 por ciento y vientos con fuerza mayor a los 30 kil\u00f3metros por hora.<\/p>\n\n\n\n<p>mem\/car\/eam<\/p>\n\n\n\n<ul class=\"wp-block-list\">\n<li>#<a href=\"https:\/\/www.prensa-latina.cu\/etiqueta\/chile\/\">Chile<\/a>&nbsp;#<a href=\"https:\/\/www.prensa-latina.cu\/etiqueta\/incendio\/\">incendio<\/a><\/li>\n<\/ul>\n","protected":false},"excerpt":{"rendered":"<p>Santiago de Chile, 4 dic (Prensa Latina) El Servicio Nacional de Prevenci\u00f3n y Respuesta ante Desastres (Senapred), de Chile, declar\u00f3 hoy alerta roja y orden\u00f3 evacuar un sector en la ciudad de Valpara\u00edso ante un incendio forestal que amenaza a varias viviendas. Las llamas comenzaron a avanzar esta ma\u00f1ana en el cerro San Roque hacia [&hellip;]<\/p>\n","protected":false},"author":2,"featured_media":652973,"comment_status":"closed","ping_status":"closed","sticky":true,"template":"","format":"standard","meta":{"footnotes":""},"categories":[23],"tags":[2849,3589],"class_list":["post-652857","post","type-post","status-publish","format-standard","has-post-thumbnail","hentry","category-internacional","tag-chile","tag-valparaiso"],"_links":{"self":[{"href":"https:\/\/diariodominicano.com\/index.php?rest_route=\/wp\/v2\/posts\/652857","targetHints":{"allow":["GET"]}}],"collection":[{"href":"https:\/\/diariodominicano.com\/index.php?rest_route=\/wp\/v2\/posts"}],"about":[{"href":"https:\/\/diariodominicano.com\/index.php?rest_route=\/wp\/v2\/types\/post"}],"author":[{"embeddable":true,"href":"https:\/\/diariodominicano.com\/index.php?rest_route=\/wp\/v2\/users\/2"}],"replies":[{"embeddable":true,"href":"https:\/\/diariodominicano.com\/index.php?rest_route=%2Fwp%2Fv2%2Fcomments&post=652857"}],"version-history":[{"count":2,"href":"https:\/\/diariodominicano.com\/index.php?rest_route=\/wp\/v2\/posts\/652857\/revisions"}],"predecessor-version":[{"id":652974,"href":"https:\/\/diariodominicano.com\/index.php?rest_route=\/wp\/v2\/posts\/652857\/revisions\/652974"}],"wp:featuredmedia":[{"embeddable":true,"href":"https:\/\/diariodominicano.com\/index.php?rest_route=\/wp\/v2\/media\/652973"}],"wp:attachment":[{"href":"https:\/\/diariodominicano.com\/index.php?rest_route=%2Fwp%2Fv2%2Fmedia&parent=652857"}],"wp:term":[{"taxonomy":"category","embeddable":true,"href":"https:\/\/diariodominicano.com\/index.php?rest_route=%2Fwp%2Fv2%2Fcategories&post=652857"},{"taxonomy":"post_tag","embeddable":true,"href":"https:\/\/diariodominicano.com\/index.php?rest_route=%2Fwp%2Fv2%2Ftags&post=652857"}],"curies":[{"name":"wp","href":"https:\/\/api.w.org\/{rel}","templated":true}]}}