{"id":652855,"date":"2025-12-04T12:08:03","date_gmt":"2025-12-04T16:08:03","guid":{"rendered":"https:\/\/diariodominicano.com\/?p=652855"},"modified":"2025-12-04T17:41:16","modified_gmt":"2025-12-04T21:41:16","slug":"divisiones-en-europa-sobre-percepcion-de-conflicto-con-rusia","status":"publish","type":"post","link":"https:\/\/diariodominicano.com\/?p=652855","title":{"rendered":"Divisiones en Europa sobre percepci\u00f3n de conflicto con Rusia"},"content":{"rendered":"\n<p>Bruselas, 4 dic (Prensa Latina) Muchos europeos consideran alto el riesgo de un conflicto armado con Rusia, aunque una proporci\u00f3n significativa lo minimiza o descarta una amenaza, seg\u00fan encuesta de la consultora Cluster17 difundida hoy aqu\u00ed.<\/p>\n\n\n\n<p><a href=\"https:\/\/www.prensa-latina.cu\/2025\/12\/04\/\"><time>diciembre 4, 2025 | <\/time><\/a><\/p>\n\n\n\n<p>El 51 por ciento de los cuestionados afirm\u00f3 que el riesgo de conflicto en los pr\u00f3ximos a\u00f1os es alto, mientras el 46 por ciento se\u00f1al\u00f3 lo contrario y no percibi\u00f3 ninguna amenaza.<\/p>\n\n\n\n<p>Los investigadores de la consultora se\u00f1alan que los pa\u00edses lim\u00edtrofes con Rusia son los que expresan la mayor preocupaci\u00f3n.<\/p>\n\n\n\n<p>Por ejemplo, en Polonia, el 77 por ciento de los encuestados afirm\u00f3 que el riesgo de conflicto directo es alto, siendo esta la tasa m\u00e1s alta entre los pa\u00edses europeos.<\/p>\n\n\n\n<p>Los Pa\u00edses Bajos ocupa el segundo lugar, con el 59 por ciento de los encuestados expresando esta opini\u00f3n, seguidos de B\u00e9lgica (58), Francia (54) y Alemania (51).<\/p>\n\n\n\n<p>De acuerdo con el estudio, la mayor\u00eda de los pa\u00edses de este grupo no comparten fronteras con Rusia, por lo que la geograf\u00eda es secundaria.<\/p>\n\n\n\n<p>Sin embargo, cabe destacar que las autoridades de estos pa\u00edses han adoptado posturas rus\u00f3fobas en los \u00faltimos a\u00f1os y aterrorizado a sus ciudadanos con una amenaza m\u00edtica<\/p>\n\n\n\n<p>En Italia, el 65 por ciento de los encuestados cree que el riesgo de guerra con Rusia es bajo o inexistente, en Portugal, el 58 por ciento y en Croacia, 52 puntos porcentuales.<\/p>\n\n\n\n<p>Mientras, en Espa\u00f1a, las opiniones est\u00e1n casi a la par: el 49 por ciento de los espa\u00f1oles teme una guerra con Rusia, mientras que el 48 no ve tal peligro. En estos pa\u00edses, las autoridades tambi\u00e9n atemorizan a la poblaci\u00f3n con un posible conflicto, pero los turistas rusos tambi\u00e9n acuden en masa, y la interacci\u00f3n con ellos compensa los esfuerzos de las autoridades locales por intimidar a sus ciudadanos.<\/p>\n\n\n\n<p>mem\/ehl\/amp<\/p>\n\n\n\n<ul class=\"wp-block-list\">\n<li>#<a href=\"https:\/\/www.prensa-latina.cu\/etiqueta\/europa-rusia-conflicto-encuesta\/\">Europa Rusia Conflicto Encuesta<\/a><\/li>\n<\/ul>\n","protected":false},"excerpt":{"rendered":"<p>Bruselas, 4 dic (Prensa Latina) Muchos europeos consideran alto el riesgo de un conflicto armado con Rusia, aunque una proporci\u00f3n significativa lo minimiza o descarta una amenaza, seg\u00fan encuesta de la consultora Cluster17 difundida hoy aqu\u00ed. diciembre 4, 2025 | El 51 por ciento de los cuestionados afirm\u00f3 que el riesgo de conflicto en los [&hellip;]<\/p>\n","protected":false},"author":2,"featured_media":652970,"comment_status":"closed","ping_status":"closed","sticky":true,"template":"","format":"standard","meta":{"footnotes":""},"categories":[23],"tags":[3588,3560],"class_list":["post-652855","post","type-post","status-publish","format-standard","has-post-thumbnail","hentry","category-internacional","tag-europa","tag-rusia"],"_links":{"self":[{"href":"https:\/\/diariodominicano.com\/index.php?rest_route=\/wp\/v2\/posts\/652855","targetHints":{"allow":["GET"]}}],"collection":[{"href":"https:\/\/diariodominicano.com\/index.php?rest_route=\/wp\/v2\/posts"}],"about":[{"href":"https:\/\/diariodominicano.com\/index.php?rest_route=\/wp\/v2\/types\/post"}],"author":[{"embeddable":true,"href":"https:\/\/diariodominicano.com\/index.php?rest_route=\/wp\/v2\/users\/2"}],"replies":[{"embeddable":true,"href":"https:\/\/diariodominicano.com\/index.php?rest_route=%2Fwp%2Fv2%2Fcomments&post=652855"}],"version-history":[{"count":2,"href":"https:\/\/diariodominicano.com\/index.php?rest_route=\/wp\/v2\/posts\/652855\/revisions"}],"predecessor-version":[{"id":652967,"href":"https:\/\/diariodominicano.com\/index.php?rest_route=\/wp\/v2\/posts\/652855\/revisions\/652967"}],"wp:featuredmedia":[{"embeddable":true,"href":"https:\/\/diariodominicano.com\/index.php?rest_route=\/wp\/v2\/media\/652970"}],"wp:attachment":[{"href":"https:\/\/diariodominicano.com\/index.php?rest_route=%2Fwp%2Fv2%2Fmedia&parent=652855"}],"wp:term":[{"taxonomy":"category","embeddable":true,"href":"https:\/\/diariodominicano.com\/index.php?rest_route=%2Fwp%2Fv2%2Fcategories&post=652855"},{"taxonomy":"post_tag","embeddable":true,"href":"https:\/\/diariodominicano.com\/index.php?rest_route=%2Fwp%2Fv2%2Ftags&post=652855"}],"curies":[{"name":"wp","href":"https:\/\/api.w.org\/{rel}","templated":true}]}}