{"id":652850,"date":"2025-12-04T12:06:19","date_gmt":"2025-12-04T16:06:19","guid":{"rendered":"https:\/\/diariodominicano.com\/?p=652850"},"modified":"2025-12-04T17:41:41","modified_gmt":"2025-12-04T21:41:41","slug":"brasil-desacelera-en-el-tercer-trimestre-pese-al-impulso-del-agro","status":"publish","type":"post","link":"https:\/\/diariodominicano.com\/?p=652850","title":{"rendered":"Brasil desacelera en el tercer trimestre pese al impulso del agro"},"content":{"rendered":"\n<p>Brasilia, 4 dic (Prensa Latina) Brasil cerr\u00f3 el tercer trimestre con una econom\u00eda que pierde velocidad. mientras el agro sostiene el crecimiento en medio de tasas de inter\u00e9s elevadas, aranceles externos inesperados y un consumo que avanza hoy con dificultad.<\/p>\n\n\n\n<p><a href=\"https:\/\/www.prensa-latina.cu\/2025\/12\/04\/\"><time>diciembre 4, 2025 | <\/time><\/a><\/p>\n\n\n\n<p>Seg\u00fan datos divulgados este jueves por el Instituto Brasile\u00f1o de Geograf\u00eda y Estad\u00edstica (IBGE), el Producto Interno Bruto (PIB) progres\u00f3 apenas 0,1 por ciento frente al segundo trimestre, una se\u00f1al inequ\u00edvoca de enfriamiento.<\/p>\n\n\n\n<p>En la comparaci\u00f3n interanual, la econom\u00eda a\u00fan mantuvo un crecimiento de 1,8 por ciento, muy por debajo del vigor registrado el a\u00f1o pasado.<\/p>\n\n\n\n<p>La cantidad total de bienes y servicios producidos alcanz\u00f3 3,2 billones de reales (alrededor de 600 mil millones de d\u00f3lares), cifra que tampoco consigui\u00f3 sorprender a los analistas, pues las previsiones rondaban un crecimiento del 0,2 por ciento.<\/p>\n\n\n\n<p>En un a\u00f1o atravesado por sequ\u00edas regionales y costos altos de financiamiento, fue el sector agropecuario el que volvi\u00f3 a dar ox\u00edgeno: creci\u00f3 10,1 por ciento en la comparaci\u00f3n anual.<\/p>\n\n\n\n<p>M\u00e1s afectada por la tasa b\u00e1sica de inter\u00e9s definida por el Banco Central (Selic) elevada, la industria logr\u00f3 avanzar 1,7 por ciento, mientras que los servicios, tradicional columna del PIB brasile\u00f1o, subieron apenas 1,3.<\/p>\n\n\n\n<p>El freno no sorprende. Desde junio, el Banco Central mantiene la tasa Selic en 15 por ciento, una de las m\u00e1s altas del planeta.<\/p>\n\n\n\n<p>La finalidad es contener la inflaci\u00f3n y el efecto colateral es un cr\u00e9dito m\u00e1s caro, menos inversi\u00f3n y, en consecuencia, un crecimiento menguado.<\/p>\n\n\n\n<p>El Gobierno de Luiz In\u00e1cio Lula da Silva lidi\u00f3 adem\u00e1s con un factor externo inesperado en 2025: los aranceles de hasta 50 por ciento aplicados por Estados Unidos a diversos productos nacionales desde agosto.<\/p>\n\n\n\n<p>Las medidas afectaron exportaciones clave, aunque Washington posteriormente alivi\u00f3 la presi\u00f3n al excluir rubros como la carne de res y el caf\u00e9, donde Brasil es l\u00edder mundial.<\/p>\n\n\n\n<p>Pese al enfriamiento del PIB, la econom\u00eda mostr\u00f3 dos se\u00f1ales positivas.<\/p>\n\n\n\n<p>La inflaci\u00f3n de octubre fue la menor para ese mes en casi tres d\u00e9cadas, acumulando 4,68 por ciento en 12 meses, ritmo que se aproxima a la meta oficial.<\/p>\n\n\n\n<p>El desempleo cay\u00f3 a su nivel m\u00e1s bajo desde 2012 en el trimestre hasta octubre, incluso bajo el impacto de los aranceles estadounidenses.<\/p>\n\n\n\n<p>Brasil creci\u00f3 3,4 por ciento en 2024, pese a inundaciones y sequ\u00edas que sacudieron al sector agropecuario. Pero los analistas mantienen un tono cauteloso:<\/p>\n\n\n\n<p>Para 2025, la encuesta Focus del Banco Central proyecta una expansi\u00f3n de 2,1 por ciento. Un calendario despu\u00e9s, el crecimiento esperado cae a 1,78 por ciento, reflejando la tensi\u00f3n entre tasas elevadas, presiones externas y un consumo que no logra despegar.<\/p>\n\n\n\n<p>mem\/ocs<\/p>\n\n\n\n<ul class=\"wp-block-list\">\n<li>#<a href=\"https:\/\/www.prensa-latina.cu\/etiqueta\/agro\/\">agro<\/a>&nbsp;#<a href=\"https:\/\/www.prensa-latina.cu\/etiqueta\/brasil\/\">brasil<\/a>&nbsp;#<a href=\"https:\/\/www.prensa-latina.cu\/etiqueta\/crecimiento\/\">crecimiento<\/a>&nbsp;#<a href=\"https:\/\/www.prensa-latina.cu\/etiqueta\/tasas\/\">tasas<\/a>&nbsp;#<a href=\"https:\/\/www.prensa-latina.cu\/etiqueta\/tercertrimestre\/\">tercertrimestre<\/a><\/li>\n<\/ul>\n","protected":false},"excerpt":{"rendered":"<p>Brasilia, 4 dic (Prensa Latina) Brasil cerr\u00f3 el tercer trimestre con una econom\u00eda que pierde velocidad. mientras el agro sostiene el crecimiento en medio de tasas de inter\u00e9s elevadas, aranceles externos inesperados y un consumo que avanza hoy con dificultad. diciembre 4, 2025 | Seg\u00fan datos divulgados este jueves por el Instituto Brasile\u00f1o de Geograf\u00eda [&hellip;]<\/p>\n","protected":false},"author":2,"featured_media":652851,"comment_status":"closed","ping_status":"closed","sticky":true,"template":"","format":"standard","meta":{"footnotes":""},"categories":[18,23],"tags":[2998],"class_list":["post-652850","post","type-post","status-publish","format-standard","has-post-thumbnail","hentry","category-economia","category-internacional","tag-brasil"],"_links":{"self":[{"href":"https:\/\/diariodominicano.com\/index.php?rest_route=\/wp\/v2\/posts\/652850","targetHints":{"allow":["GET"]}}],"collection":[{"href":"https:\/\/diariodominicano.com\/index.php?rest_route=\/wp\/v2\/posts"}],"about":[{"href":"https:\/\/diariodominicano.com\/index.php?rest_route=\/wp\/v2\/types\/post"}],"author":[{"embeddable":true,"href":"https:\/\/diariodominicano.com\/index.php?rest_route=\/wp\/v2\/users\/2"}],"replies":[{"embeddable":true,"href":"https:\/\/diariodominicano.com\/index.php?rest_route=%2Fwp%2Fv2%2Fcomments&post=652850"}],"version-history":[{"count":4,"href":"https:\/\/diariodominicano.com\/index.php?rest_route=\/wp\/v2\/posts\/652850\/revisions"}],"predecessor-version":[{"id":652968,"href":"https:\/\/diariodominicano.com\/index.php?rest_route=\/wp\/v2\/posts\/652850\/revisions\/652968"}],"wp:featuredmedia":[{"embeddable":true,"href":"https:\/\/diariodominicano.com\/index.php?rest_route=\/wp\/v2\/media\/652851"}],"wp:attachment":[{"href":"https:\/\/diariodominicano.com\/index.php?rest_route=%2Fwp%2Fv2%2Fmedia&parent=652850"}],"wp:term":[{"taxonomy":"category","embeddable":true,"href":"https:\/\/diariodominicano.com\/index.php?rest_route=%2Fwp%2Fv2%2Fcategories&post=652850"},{"taxonomy":"post_tag","embeddable":true,"href":"https:\/\/diariodominicano.com\/index.php?rest_route=%2Fwp%2Fv2%2Ftags&post=652850"}],"curies":[{"name":"wp","href":"https:\/\/api.w.org\/{rel}","templated":true}]}}